{"id":4941,"date":"2026-05-06T16:07:01","date_gmt":"2026-05-06T14:07:01","guid":{"rendered":"https:\/\/wiki.s12.at\/index.php\/2026\/05\/06\/kader-1952-53\/"},"modified":"2026-05-06T16:07:01","modified_gmt":"2026-05-06T14:07:01","slug":"kader-1952-53","status":"publish","type":"post","link":"https:\/\/wiki.s12.at\/index.php\/2026\/05\/06\/kader-1952-53\/","title":{"rendered":"53"},"content":{"rendered":"<div class=\"mw-parser-output\">\n<table class=\"wikitable\" width=\"1050\">\n<tbody>\n<tr>\n<td bgcolor=\"#FFFFFF\" align=\"center\" width=\"80\"><b>1952\/53<\/b>\n<\/td>\n<td bgcolor=\"#E8E8E8\" width=\"700\">\n<ul>\n<li><b>Torh\u00fcter<\/b>: <a href=\"\/Rudolf_Krammer\" title=\"Rudolf Krammer\">Rudolf Krammer<\/a>, <a href=\"\/Ernst_Rauscher\" title=\"Ernst Rauscher\">Ernst Rauscher<\/a>,  <a href=\"\/Fritz_Saile\" title=\"Fritz Saile\">Fritz Saile<\/a>  <\/li>\n<li><b>Verteidiger<\/b>: <a href=\"\/Alfred_Luritzhofer\" title=\"Alfred Luritzhofer\">Alfred Luritzhofer<\/a>, <a href=\"\/Adolf_Waldner\" title=\"Adolf Waldner\">Adolf Waldner<\/a>,  <a href=\"\/Richard_Jelinek\" title=\"Richard Jelinek\">Richard Jelinek<\/a>  <\/li>\n<li><b>Mittelfeldspieler<\/b>:<a href=\"\/Franz_Feldinger\" title=\"Franz Feldinger\">Franz Feldinger<\/a>, <a href=\"\/%3F_Fischer\" title=\"? Fischer\">? Fischer<\/a>, <a href=\"\/Fritz_Herbst\" title=\"Fritz Herbst\">Fritz Herbst<\/a>, <a href=\"\/Ernst_Minarik\" title=\"Ernst Minarik\">Ernst Minarik<\/a>,<a href=\"\/Erich_Proft\" title=\"Erich Proft\">Erich Proft<\/a>,<a href=\"\/%3F_Riedl\" title=\"? Riedl\">? Riedl<\/a>, <a href=\"\/%3F_Strobl\" title=\"? Strobl\">? Strobl<\/a><\/li>\n<li><b>St\u00fcrmer<\/b>:<a href=\"\/Martin_Dannerberger\" title=\"Martin Dannerberger\">Martin Dannerberger<\/a>, <a href=\"\/Benjamin_Dietmann\" title=\"Benjamin Dietmann\">Benjamin Dietmann<\/a>, <a href=\"\/Bruno_Fleck\" title=\"Bruno Fleck\">Bruno Fleck<\/a>, <a href=\"\/Georg_Gotarelli\" title=\"Georg Gotarelli\">Georg Gotarelli<\/a>, <a href=\"\/Alfred_Gr%C3%BCn\" title=\"Alfred Gr\u00fcn\">Alfred Gr\u00fcn<\/a>, <a href=\"\/Josef_H%C3%B6ckner\" title=\"Josef H\u00f6ckner\">Josef H\u00f6ckner<\/a>, <a href=\"\/Karl_Kastler\" title=\"Karl Kastler\">Karl Kastler<\/a>, <a href=\"\/%3F_Kleinlercher\" title=\"? Kleinlercher\">? Kleinlercher<\/a>, <a href=\"\/Kurt_Seiser\" title=\"Kurt Seiser\">Kurt Seiser<\/a> <\/li>\n<li><b>Sportliche Leitung<\/b>: <a href=\"\/Max_Breitenfelder\" title=\"Max Breitenfelder\">Max Breitenfelder<\/a>(Trainer),<\/li>\n<\/ul>\n<\/td>\n<\/tr>\n<\/tbody>\n<\/table>\n<\/div>\n","protected":false},"excerpt":{"rendered":"<p>1952\/53 Torh\u00fcter: Rudolf Krammer, Ernst Rauscher, Fritz Saile Verteidiger: Alfred Luritzhofer, Adolf Waldner, Richard Jelinek Mittelfeldspieler:Franz Feldinger, ? Fischer, Fritz Herbst, Ernst Minarik,Erich Proft,? Riedl, ? Strobl St\u00fcrmer:Martin Dannerberger, Benjamin Dietmann, Bruno Fleck, Georg Gotarelli, Alfred Gr\u00fcn, Josef H\u00f6ckner, Karl Kastler, ? Kleinlercher, Kurt Seiser Sportliche Leitung: Max Breitenfelder(Trainer),<\/p>\n","protected":false},"author":1,"featured_media":0,"comment_status":"open","ping_status":"open","sticky":false,"template":"","format":"standard","meta":{"footnotes":""},"categories":[2365],"tags":[],"class_list":["post-4941","post","type-post","status-publish","format-standard","hentry","category-kader-1952"],"_links":{"self":[{"href":"https:\/\/wiki.s12.at\/index.php\/wp-json\/wp\/v2\/posts\/4941","targetHints":{"allow":["GET"]}}],"collection":[{"href":"https:\/\/wiki.s12.at\/index.php\/wp-json\/wp\/v2\/posts"}],"about":[{"href":"https:\/\/wiki.s12.at\/index.php\/wp-json\/wp\/v2\/types\/post"}],"author":[{"embeddable":true,"href":"https:\/\/wiki.s12.at\/index.php\/wp-json\/wp\/v2\/users\/1"}],"replies":[{"embeddable":true,"href":"https:\/\/wiki.s12.at\/index.php\/wp-json\/wp\/v2\/comments?post=4941"}],"version-history":[{"count":0,"href":"https:\/\/wiki.s12.at\/index.php\/wp-json\/wp\/v2\/posts\/4941\/revisions"}],"wp:attachment":[{"href":"https:\/\/wiki.s12.at\/index.php\/wp-json\/wp\/v2\/media?parent=4941"}],"wp:term":[{"taxonomy":"category","embeddable":true,"href":"https:\/\/wiki.s12.at\/index.php\/wp-json\/wp\/v2\/categories?post=4941"},{"taxonomy":"post_tag","embeddable":true,"href":"https:\/\/wiki.s12.at\/index.php\/wp-json\/wp\/v2\/tags?post=4941"}],"curies":[{"name":"wp","href":"https:\/\/api.w.org\/{rel}","templated":true}]}}