{"id":482,"date":"2026-05-06T13:02:55","date_gmt":"2026-05-06T11:02:55","guid":{"rendered":"http:\/\/wiki.s12.at\/index.php\/2026\/05\/06\/14-runde-staatsliga-a-saison-1962-63-vienna-austria-salzburg\/"},"modified":"2026-05-06T13:02:55","modified_gmt":"2026-05-06T11:02:55","slug":"14-runde-staatsliga-a-saison-1962-63-vienna-austria-salzburg","status":"publish","type":"post","link":"https:\/\/wiki.s12.at\/index.php\/2026\/05\/06\/14-runde-staatsliga-a-saison-1962-63-vienna-austria-salzburg\/","title":{"rendered":"63, Vienna &#8211; Austria Salzburg"},"content":{"rendered":"<div class=\"mw-parser-output\">\n<h3><span class=\"mw-headline\" id=\"Fakten\">Fakten<\/span><a href=\"\/index.php?title=14.Runde,_Staatsliga_A,_Saison_1962\/63,_Vienna_-_Austria_Salzburg&amp;action=edit&amp;section=1\" title=\"Abschnitt bearbeiten: Fakten\">Bearbeiten<\/a><span class=\"mw-editsection-bracket\">]<\/span><\/span><\/h3>\n<p><b>Staatsliga A- 14. Spieltag: 17. M\u00e4rz 1963, 16 Uhr<\/b><br \/>\n\n<\/p>\n<table class=\"wikitable\">\n<caption><b><big>First Vienna FC gegen SV Austria Salzburg, 6:1<\/big><\/b><br \/>\n<\/caption>\n<tbody>\n<tr>\n<td>Aufstellung:<\/td>\n<td><a href=\"\/Ersoy_S%C3%BCkr%C3%BC\" title=\"Ersoy S\u00fckr\u00fc\">Ersoy S\u00fckr\u00fc<\/a> <a href=\"\/Johann_Gegenhuber\" title=\"Johann Gegenhuber\">Johann Gegenhuber<\/a> <a href=\"\/Karl_Karel\" title=\"Karl Karel\">Karl Karel<\/a> <a href=\"\/Konrad_Sarcher\" title=\"Konrad Sarcher\">Konrad Sarcher<\/a> <a href=\"\/Franz_Feldinger\" title=\"Franz Feldinger\">Franz Feldinger<\/a> <a href=\"\/G%C3%BCnter_Praschak\" title=\"G\u00fcnter Praschak\">G\u00fcnter Praschak<\/a> <br \/><a href=\"\/Werner_Breitenfelder\" title=\"Werner Breitenfelder\">Werner Breitenfelder<\/a> <a href=\"\/Rudolf_Pichler\" title=\"Rudolf Pichler\">Rudolf Pichler<\/a> <a href=\"\/Franz_Kappl\" title=\"Franz Kappl\">Franz Kappl <\/a> <a href=\"\/Gerhard_Wegrostek\" class=\"mw-redirect\" title=\"Gerhard Wegrostek\">Gerhard Wegrostek<\/a> <a href=\"\/Adolf_Macek\" title=\"Adolf Macek\">Adolf Macek<\/a>\n<\/td>\n<\/tr>\n<tr>\n<td>Wechsel:<\/td>\n<td>\n<\/td>\n<\/tr>\n<tr>\n<td>Endstand:<\/td>\n<td>6:1 (3:1)\n<\/td>\n<\/tr>\n<tr>\n<td>Torsch\u00fctzen:<\/td>\n<td>Wieger(3., 12., 60.), Paulinho (38.), K\u00f6ller (47.), Kominek (81.); Macek (19.)\n<\/td>\n<\/tr>\n<tr>\n<td>Gelbe Karten:<\/td>\n<td>\n<\/td>\n<\/tr>\n<tr>\n<td>Gelb-rote Karten:<\/td>\n<td>\n<\/td>\n<\/tr>\n<tr>\n<td>Rote Karten:<\/td>\n<td>\n<\/td>\n<\/tr>\n<tr>\n<td>Schiedsrichter:<\/td>\n<td>Alfred Haberfellner\n<\/td>\n<\/tr>\n<tr>\n<td>Stadion:<\/td>\n<td>Hohe Warte, Wien\n<\/td>\n<\/tr>\n<tr>\n<td>Zuschauer:<\/td>\n<td>3 000\n<\/td>\n<\/tr>\n<\/tbody>\n<\/table>\n<\/div>\n","protected":false},"excerpt":{"rendered":"<p>FaktenBearbeiten] Staatsliga A- 14. Spieltag: 17. M\u00e4rz 1963, 16 Uhr First Vienna FC gegen SV Austria Salzburg, 6:1 Aufstellung: Ersoy S\u00fckr\u00fc Johann Gegenhuber Karl Karel Konrad Sarcher Franz Feldinger G\u00fcnter Praschak Werner Breitenfelder Rudolf Pichler Franz Kappl Gerhard Wegrostek Adolf Macek Wechsel: Endstand: 6:1 (3:1) Torsch\u00fctzen: Wieger(3., 12., 60.), Paulinho (38.), K\u00f6ller (47.), Kominek (81.); [&hellip;]<\/p>\n","protected":false},"author":1,"featured_media":0,"comment_status":"open","ping_status":"open","sticky":false,"template":"","format":"standard","meta":{"footnotes":""},"categories":[358],"tags":[],"class_list":["post-482","post","type-post","status-publish","format-standard","hentry","category-14-runde-staatsliga-a-saison-1962"],"_links":{"self":[{"href":"https:\/\/wiki.s12.at\/index.php\/wp-json\/wp\/v2\/posts\/482","targetHints":{"allow":["GET"]}}],"collection":[{"href":"https:\/\/wiki.s12.at\/index.php\/wp-json\/wp\/v2\/posts"}],"about":[{"href":"https:\/\/wiki.s12.at\/index.php\/wp-json\/wp\/v2\/types\/post"}],"author":[{"embeddable":true,"href":"https:\/\/wiki.s12.at\/index.php\/wp-json\/wp\/v2\/users\/1"}],"replies":[{"embeddable":true,"href":"https:\/\/wiki.s12.at\/index.php\/wp-json\/wp\/v2\/comments?post=482"}],"version-history":[{"count":0,"href":"https:\/\/wiki.s12.at\/index.php\/wp-json\/wp\/v2\/posts\/482\/revisions"}],"wp:attachment":[{"href":"https:\/\/wiki.s12.at\/index.php\/wp-json\/wp\/v2\/media?parent=482"}],"wp:term":[{"taxonomy":"category","embeddable":true,"href":"https:\/\/wiki.s12.at\/index.php\/wp-json\/wp\/v2\/categories?post=482"},{"taxonomy":"post_tag","embeddable":true,"href":"https:\/\/wiki.s12.at\/index.php\/wp-json\/wp\/v2\/tags?post=482"}],"curies":[{"name":"wp","href":"https:\/\/api.w.org\/{rel}","templated":true}]}}