{"id":474,"date":"2026-05-06T13:02:51","date_gmt":"2026-05-06T11:02:51","guid":{"rendered":"http:\/\/wiki.s12.at\/index.php\/2026\/05\/06\/13-rundebundesliga-saison-1996-97-grazer-ak-austria-salzburg\/"},"modified":"2026-05-06T13:02:51","modified_gmt":"2026-05-06T11:02:51","slug":"13-rundebundesliga-saison-1996-97-grazer-ak-austria-salzburg","status":"publish","type":"post","link":"https:\/\/wiki.s12.at\/index.php\/2026\/05\/06\/13-rundebundesliga-saison-1996-97-grazer-ak-austria-salzburg\/","title":{"rendered":"97, Grazer AK &#8211; Austria Salzburg"},"content":{"rendered":"<div class=\"mw-parser-output\">\n<h3><span class=\"mw-headline\" id=\"Fakten\">Fakten<\/span><a href=\"\/index.php?title=13._Runde:Bundesliga,_Saison_1996\/97,_Grazer_AK_-_Austria_Salzburg&amp;action=edit&amp;section=1\" title=\"Abschnitt bearbeiten: Fakten\">Bearbeiten<\/a><span class=\"mw-editsection-bracket\">]<\/span><\/span><\/h3>\n<p><b>Bundesliga &#8211; 13. Spieltag: 19. Oktober 1996, 19 Uhr<\/b><br \/>\n\n<\/p>\n<table class=\"wikitable\">\n<caption><b> <big> Grazer AK gegen SV Austria Salzburg, 0:0 <\/big><\/b><br \/>\n<\/caption>\n<tbody>\n<tr>\n<td>Aufstellung:<\/td>\n<td><a href=\"\/Otto_Konrad\" title=\"Otto Konrad\">Otto Konrad<\/a>\n<\/td>\n<\/tr>\n<tr>\n<td><\/td>\n<td><a href=\"\/Roman_Szewczyk\" title=\"Roman Szewczyk\">Roman Szewczyk<\/a> <a href=\"\/Thomas_Winklhofer\" title=\"Thomas Winklhofer\">Thomas Winklhofer<\/a> <a href=\"\/Walter_Kogler\" title=\"Walter Kogler\">Walter Kogler<\/a> <a href=\"\/Franz_Aigner\" title=\"Franz Aigner\">Franz Aigner<\/a>\n<\/td>\n<\/tr>\n<tr>\n<td><\/td>\n<td><a href=\"\/Martin_Amerhauser\" title=\"Martin Amerhauser\">Martin Amerhauser<\/a> <a href=\"\/Walter_H%C3%B6rmann\" title=\"Walter H\u00f6rmann\">Walter H\u00f6rmann<\/a> <a href=\"\/Adolf_H%C3%BCtter\" title=\"Adolf H\u00fctter\">Adolf H\u00fctter<\/a>  <a href=\"\/Tomislav_Kocijan\" title=\"Tomislav Kocijan\">Tomislav Kocijan<\/a> <a href=\"\/index.php?title=Drazan_Besek&amp;action=edit&amp;redlink=1\" class=\"new\" title=\"Drazan Besek (Seite nicht vorhanden)\">Drazan Besek<\/a>\n<\/td>\n<\/tr>\n<tr>\n<td><\/td>\n<td><a href=\"\/Tomislav_Kocijan\" title=\"Tomislav Kocijan\">Tomislav Kocijan<\/a>  <a href=\"\/Eduard_Glieder\" title=\"Eduard Glieder\">Eduard Glieder<\/a>\n<\/td>\n<\/tr>\n<tr>\n<td>Wechsel:<\/td>\n<td><a href=\"\/Tibor_Jancula\" title=\"Tibor Jancula\">Tibor Jancula<\/a> f\u00fcr Besek (50.), <a href=\"\/Bica\" class=\"mw-redirect\" title=\"Bica\">Bica<\/a> f\u00fcr Glieder (38.), <a href=\"\/Heiko_Laessig\" title=\"Heiko Laessig\">Heiko Laessig <\/a> f\u00fcr Bica (89.)\n<\/td>\n<\/tr>\n<tr>\n<td>Endstand:<\/td>\n<td>0:0\n<\/td>\n<\/tr>\n<tr>\n<td>Torsch\u00fctzen:<\/td>\n<td>\n<\/td>\n<\/tr>\n<tr>\n<td>Gelb-rote Karten:<\/td>\n<td>\n<\/td>\n<\/tr>\n<tr>\n<td>Rote Karten:<\/td>\n<td>\n<\/td>\n<\/tr>\n<tr>\n<td>Schiedsrichter:<\/td>\n<td>Fritz Stuchlik\n<\/td>\n<\/tr>\n<tr>\n<td>Stadion:<\/td>\n<td>Alpenstadion, Kapfenberg\n<\/td>\n<\/tr>\n<tr>\n<td>Zuschauer:<\/td>\n<td>8 000\n<\/td>\n<\/tr>\n<\/tbody>\n<\/table>\n<\/div>\n","protected":false},"excerpt":{"rendered":"<p>FaktenBearbeiten] Bundesliga &#8211; 13. Spieltag: 19. Oktober 1996, 19 Uhr Grazer AK gegen SV Austria Salzburg, 0:0 Aufstellung: Otto Konrad Roman Szewczyk Thomas Winklhofer Walter Kogler Franz Aigner Martin Amerhauser Walter H\u00f6rmann Adolf H\u00fctter Tomislav Kocijan Drazan Besek Tomislav Kocijan Eduard Glieder Wechsel: Tibor Jancula f\u00fcr Besek (50.), Bica f\u00fcr Glieder (38.), Heiko Laessig f\u00fcr [&hellip;]<\/p>\n","protected":false},"author":1,"featured_media":0,"comment_status":"open","ping_status":"open","sticky":false,"template":"","format":"standard","meta":{"footnotes":""},"categories":[352],"tags":[],"class_list":["post-474","post","type-post","status-publish","format-standard","hentry","category-13-rundebundesliga-saison-1996"],"_links":{"self":[{"href":"https:\/\/wiki.s12.at\/index.php\/wp-json\/wp\/v2\/posts\/474","targetHints":{"allow":["GET"]}}],"collection":[{"href":"https:\/\/wiki.s12.at\/index.php\/wp-json\/wp\/v2\/posts"}],"about":[{"href":"https:\/\/wiki.s12.at\/index.php\/wp-json\/wp\/v2\/types\/post"}],"author":[{"embeddable":true,"href":"https:\/\/wiki.s12.at\/index.php\/wp-json\/wp\/v2\/users\/1"}],"replies":[{"embeddable":true,"href":"https:\/\/wiki.s12.at\/index.php\/wp-json\/wp\/v2\/comments?post=474"}],"version-history":[{"count":0,"href":"https:\/\/wiki.s12.at\/index.php\/wp-json\/wp\/v2\/posts\/474\/revisions"}],"wp:attachment":[{"href":"https:\/\/wiki.s12.at\/index.php\/wp-json\/wp\/v2\/media?parent=474"}],"wp:term":[{"taxonomy":"category","embeddable":true,"href":"https:\/\/wiki.s12.at\/index.php\/wp-json\/wp\/v2\/categories?post=474"},{"taxonomy":"post_tag","embeddable":true,"href":"https:\/\/wiki.s12.at\/index.php\/wp-json\/wp\/v2\/tags?post=474"}],"curies":[{"name":"wp","href":"https:\/\/api.w.org\/{rel}","templated":true}]}}