{"id":455,"date":"2026-05-06T13:02:39","date_gmt":"2026-05-06T11:02:39","guid":{"rendered":"http:\/\/wiki.s12.at\/index.php\/2026\/05\/06\/13-runde-saison-2017-18-fc-red-bull-salzburg-gegen-scr-altach\/"},"modified":"2026-05-06T13:02:39","modified_gmt":"2026-05-06T11:02:39","slug":"13-runde-saison-2017-18-fc-red-bull-salzburg-gegen-scr-altach","status":"publish","type":"post","link":"https:\/\/wiki.s12.at\/index.php\/2026\/05\/06\/13-runde-saison-2017-18-fc-red-bull-salzburg-gegen-scr-altach\/","title":{"rendered":"18, FC Red Bull Salzburg gegen SCR Altach"},"content":{"rendered":"<div class=\"mw-parser-output\">\n<h2><span class=\"mw-headline\" id=\"Fakten\">Fakten<\/span><a href=\"\/index.php?title=13._Runde,_Saison_2017\/18,_FC_Red_Bull_Salzburg_gegen_SCR_Altach&amp;action=edit&amp;section=1\" title=\"Abschnitt bearbeiten: Fakten\">Bearbeiten<\/a><span class=\"mw-editsection-bracket\">]<\/span><\/span><\/h2>\n<table class=\"toptextcells toccolours\">\n<tbody>\n<tr>\n<th colspan=\"2\" style=\"text-align: center; vertical-align: top; padding: 0.3em 0.8em; font-size: 125%; background-color: lightsteelblue;\">FC Red Bull Salzburg gegen SCR Altach, 2:0\n<\/th>\n<\/tr>\n<tr>\n<th style=\"text-align:left;\"><b>Spieltag<\/b>\n<\/th>\n<th style=\"text-align:left;\">Bundesliga &#8211; 13. Spieltag\n<\/th>\n<\/tr>\n<tr>\n<th style=\"text-align:left;\"><b>Datum<\/b>\n<\/th>\n<th style=\"text-align:left;\">28. Oktober 2017\n<\/th>\n<\/tr>\n<tr>\n<th style=\"text-align:left;\"><b>Anpfiff<\/b>\n<\/th>\n<th style=\"text-align:left;\">18.30 Uhr\n<\/th>\n<\/tr>\n<tr>\n<td colspan=\"2\" style=\"text-align:center;\" bgcolor=\"lightgray\"><b>Aufstellung<\/b>\n<\/td>\n<\/tr>\n<tr>\n<th style=\"text-align:left;\"><b>Tor<\/b>\n<\/th>\n<th><a href=\"\/Cican_Stankovic\" title=\"Cican Stankovic\">Cican Stankovic<\/a>\n<\/th>\n<\/tr>\n<tr>\n<th style=\"text-align:left;\"><b>Verteidigung<\/b>\n<\/th>\n<th><a href=\"\/Stefan_Lainer\" title=\"Stefan Lainer\">Stefan Lainer<\/a> &#8211; <a href=\"\/Jerome_Onguene\" title=\"Jerome Onguene\">Jerome Onguene<\/a> &#8211; <a href=\"\/Duje_Caleta-Car\" title=\"Duje Caleta-Car\">Duje Caleta-Car<\/a> &#8211; <a href=\"\/Andreas_Ulmer\" title=\"Andreas Ulmer\">Andreas Ulmer<\/a>\n<\/th>\n<\/tr>\n<tr>\n<th style=\"text-align:left;\"><b>Mittelfeld<\/b>\n<\/th>\n<th><a href=\"\/Amadou_Haidara\" title=\"Amadou Haidara\">Amadou Haidara<\/a> &#8211; <a href=\"\/Diadie_Samassekou\" title=\"Diadie Samassekou\">Diadie Samassekou<\/a> &#8211; <a href=\"\/Valon_Berisha\" title=\"Valon Berisha\">Valon Berisha<\/a>&#8211; <a href=\"\/Hannes_Wolf\" title=\"Hannes Wolf\">Hannes Wolf<\/a>\n<\/th>\n<\/tr>\n<tr>\n<th style=\"text-align:left;\"><b>Sturm<\/b>\n<\/th>\n<th><a href=\"\/Fredrik_Gulbrandsen\" title=\"Fredrik Gulbrandsen\">Fredrik Gulbrandsen<\/a> &#8211; <a href=\"\/Munas_Dabbur\" title=\"Munas Dabbur\">Munas Dabbur<\/a>\n<\/th>\n<\/tr>\n<tr>\n<td colspan=\"2\" style=\"text-align:center;\" bgcolor=\"lightgray\"><b>Wechsel<\/b>\n<\/td>\n<\/tr>\n<tr>\n<th style=\"text-align:left;\"><b>Wechsel<\/b>\n<\/th>\n<th style=\"text-align:left;\"><a href=\"\/Xaver_Schlager\" title=\"Xaver Schlager\">Xaver Schlager<\/a> f\u00fcr Samassekou (47.), <a href=\"\/Takumi_Minamino\" title=\"Takumi Minamino\">Takumi Minamino<\/a> f\u00fcr Wolf (67.), <a href=\"\/Reinhold_Yabo\" title=\"Reinhold Yabo\">Reinhold Yabo<\/a> f\u00fcr Haidara (85.)\n<\/th>\n<\/tr>\n<tr>\n<td colspan=\"2\" style=\"text-align:center;\" bgcolor=\"lightgray\"><b>Statistik<\/b>\n<\/td>\n<\/tr>\n<tr>\n<th style=\"text-align:left;\"><b>Endstand<\/b>\n<\/th>\n<th style=\"text-align:left;\">2:0 (1:0)\n<\/th>\n<\/tr>\n<tr>\n<th style=\"text-align:left;\"><b>Torsch\u00fctzen<\/b>\n<\/th>\n<th style=\"text-align:left;\">Wolf (29.), Haidara (81.)\n<\/th>\n<\/tr>\n<tr>\n<th style=\"text-align:left;\"><b>Gelbe Karten<\/b>\n<\/th>\n<th style=\"text-align:left;\">Stankovic (51.); Salomon (40.), Dobras (77.), Zwischenbrugger (85.)\n<\/th>\n<\/tr>\n<tr>\n<th style=\"text-align:left;\"><b>Rote Karten<\/b>\n<\/th>\n<th style=\"text-align:left;\">\n<\/th>\n<\/tr>\n<tr>\n<th style=\"text-align:left;\"><b>Schiedsrichter<\/b>\n<\/th>\n<th style=\"text-align:left;\">Manuel Sch\u00fcttengruber\n<\/th>\n<\/tr>\n<tr>\n<th style=\"text-align:left;\"><b>Stadion<\/b>\n<\/th>\n<th style=\"text-align:left;\">EM Stadion Wals-Siezenheim, Salzburg\n<\/th>\n<\/tr>\n<tr>\n<th style=\"text-align:left;\"><b>Zuschauer<\/b>\n<\/th>\n<th style=\"text-align:left;\">6.584\n<\/th>\n<\/tr>\n<\/tbody>\n<\/table>\n<h2><span class=\"mw-headline\" id=\"Weblinks\">Weblinks<\/span><a href=\"\/index.php?title=13._Runde,_Saison_2017\/18,_FC_Red_Bull_Salzburg_gegen_SCR_Altach&amp;action=edit&amp;section=2\" title=\"Abschnitt bearbeiten: Weblinks\">Bearbeiten<\/a><span class=\"mw-editsection-bracket\">]<\/span><\/span><\/h2>\n<ul>\n<li><a rel=\"nofollow\" class=\"external text\" href=\"http:\/\/www.redbullsalzburg.at\/de\/fc-red-bull-salzburg\/news\/saison_2017_18\/2-0-sieg-ueber-cashpoint-scr-altach.html\">Spielbericht Vereinshomepage<\/a><\/li>\n<\/ul>\n<h2><span class=\"mw-headline\" id=\"Bilder\">Bilder<\/span><a href=\"\/index.php?title=13._Runde,_Saison_2017\/18,_FC_Red_Bull_Salzburg_gegen_SCR_Altach&amp;action=edit&amp;section=3\" title=\"Abschnitt bearbeiten: Bilder\">Bearbeiten<\/a><span class=\"mw-editsection-bracket\">]<\/span><\/span><\/h2>\n<ul class=\"gallery mw-gallery-traditional\">\n<li class=\"gallerybox\" style=\"width: 155px\">\n<div style=\"width: 155px\">\n<div class=\"thumb\" style=\"width: 150px;\">\n<div style=\"margin:15px auto;\"><a href=\"\/Datei:FC_Red_Bull_Salzburg_gegen_SCR_Altach_(28._Oktober_2017)_24.jpg\" class=\"image\"><img alt=\"FC Red Bull Salzburg gegen SCR Altach (28. Oktober 2017) 24.jpg\" src=\"\/images\/thumb\/3\/3c\/FC_Red_Bull_Salzburg_gegen_SCR_Altach_%2828._Oktober_2017%29_24.jpg\/120px-FC_Red_Bull_Salzburg_gegen_SCR_Altach_%2828._Oktober_2017%29_24.jpg%3Futm_source%3Dcommons.wikimedia.org%26utm_campaign%3Dimageinfo%26utm_content%3Dthumbnail\" decoding=\"async\" width=\"120\" height=\"120\" srcset=\"\/images\/thumb\/3\/3c\/FC_Red_Bull_Salzburg_gegen_SCR_Altach_%2828._Oktober_2017%29_24.jpg\/250px-FC_Red_Bull_Salzburg_gegen_SCR_Altach_%2828._Oktober_2017%29_24.jpg%3Futm_source%3Dcommons.wikimedia.org%26utm_campaign%3Dimageinfo%26utm_content%3Dthumbnail 1.5x\" \/><\/a><\/div>\n<\/div>\n<div class=\"gallerytext\">\n\t\t\t<\/div>\n<\/p><\/div>\n<\/li>\n<li class=\"gallerybox\" style=\"width: 155px\">\n<div style=\"width: 155px\">\n<div class=\"thumb\" style=\"width: 150px;\">\n<div style=\"margin:15px auto;\"><a href=\"\/Datei:FC_Red_Bull_Salzburg_gegen_SCR_Altach_(28._Oktober_2017)_42.jpg\" class=\"image\"><img alt=\"FC Red Bull Salzburg gegen SCR Altach (28. Oktober 2017) 42.jpg\" src=\"\/images\/thumb\/a\/ae\/FC_Red_Bull_Salzburg_gegen_SCR_Altach_%2828._Oktober_2017%29_42.jpg\/120px-FC_Red_Bull_Salzburg_gegen_SCR_Altach_%2828._Oktober_2017%29_42.jpg%3Futm_source%3Dcommons.wikimedia.org%26utm_campaign%3Dimageinfo%26utm_content%3Dthumbnail\" decoding=\"async\" width=\"70\" height=\"120\" srcset=\"\/images\/thumb\/a\/ae\/FC_Red_Bull_Salzburg_gegen_SCR_Altach_%2828._Oktober_2017%29_42.jpg\/250px-FC_Red_Bull_Salzburg_gegen_SCR_Altach_%2828._Oktober_2017%29_42.jpg%3Futm_source%3Dcommons.wikimedia.org%26utm_campaign%3Dimageinfo%26utm_content%3Dthumbnail 2x\" \/><\/a><\/div>\n<\/div>\n<div class=\"gallerytext\">\n\t\t\t<\/div>\n<\/p><\/div>\n<\/li>\n<li class=\"gallerybox\" style=\"width: 155px\">\n<div style=\"width: 155px\">\n<div class=\"thumb\" style=\"width: 150px;\">\n<div style=\"margin:28px auto;\"><a href=\"\/Datei:FC_Red_Bull_Salzburg_gegen_SCR_Altach_(28._Oktober_2017)_30.jpg\" class=\"image\"><img alt=\"FC Red Bull Salzburg gegen SCR Altach (28. Oktober 2017) 30.jpg\" src=\"\/images\/thumb\/c\/cc\/FC_Red_Bull_Salzburg_gegen_SCR_Altach_%2828._Oktober_2017%29_30.jpg\/120px-FC_Red_Bull_Salzburg_gegen_SCR_Altach_%2828._Oktober_2017%29_30.jpg%3Futm_source%3Dcommons.wikimedia.org%26utm_campaign%3Dimageinfo%26utm_content%3Dthumbnail\" decoding=\"async\" width=\"120\" height=\"94\" srcset=\"\/images\/thumb\/c\/cc\/FC_Red_Bull_Salzburg_gegen_SCR_Altach_%2828._Oktober_2017%29_30.jpg\/250px-FC_Red_Bull_Salzburg_gegen_SCR_Altach_%2828._Oktober_2017%29_30.jpg%3Futm_source%3Dcommons.wikimedia.org%26utm_campaign%3Dimageinfo%26utm_content%3Dthumbnail 1.5x\" \/><\/a><\/div>\n<\/div>\n<div class=\"gallerytext\">\n\t\t\t<\/div>\n<\/p><\/div>\n<\/li>\n<\/ul>\n<p><img loading=\"lazy\" alt=\"\" src=\"\/images\/thumb\/4\/4a\/Commons-logo.svg\/langde-20px-Commons-logo.svg.png%3Futm_source%3Dcommons.wikimedia.org%26utm_campaign%3Dimageinfo%26utm_content%3Dthumbnail\" decoding=\"async\" title=\"Commons\" width=\"12\" height=\"16\" srcset=\"\/images\/thumb\/4\/4a\/Commons-logo.svg\/langde-40px-Commons-logo.svg.png%3Futm_source%3Dcommons.wikimedia.org%26utm_campaign%3Dimageinfo%26utm_content%3Dthumbnail 2x\" \/>&#160;<b><a href=\"http:\/\/commons.wikimedia.org\/wiki\/Category:FC_Red_Bull_Salzburg_gegen_SCR_Altach_(28._Oktober_2017)\" class=\"extiw\" title=\"commons:Category:FC Red Bull Salzburg gegen SCR Altach (28. Oktober 2017)\">13. Runde, Saison 2017\/18, FC Red Bull Salzburg gegen SCR Altach<\/a><\/b>&#160;\u2013 Sammlung von Bildern, Videos und Audiodateien auf <a href=\"\/Wikimedia_Commons\" title=\"Wikimedia Commons\">Wikimedia Commons<\/a>\n<\/p>\n<h2><span class=\"mw-headline\" id=\"Stimmen_zum_Spiel\">Stimmen zum Spiel<\/span><a href=\"\/index.php?title=13._Runde,_Saison_2017\/18,_FC_Red_Bull_Salzburg_gegen_SCR_Altach&amp;action=edit&amp;section=4\" title=\"Abschnitt bearbeiten: Stimmen zum Spiel\">Bearbeiten<\/a><span class=\"mw-editsection-bracket\">]<\/span><\/span><\/h2>\n<p><b>Marco Rose:<\/b> Ein hart erarbeiteter Sieg. Wir wussten um die St\u00e4rken von Altach mit dem schnellen Umschaltspiel und den guten Fl\u00fcgelspielern. Wir mussten immer wieder gegen einen tief stehenden Gegner L\u00f6sungen finden, und das war nicht leicht. Ein sch\u00f6nes Tor haben wir in Halbzeit eins geschossen, und wir haben uns mit dem 2:0 verdiente drei Punkte erarbeitet.\n<\/p>\n<p><b>Hannes Wolf:<\/b> Unser Gegner ist sehr defensiv gestanden und hat das Zentrum dicht gemacht. Ich bin zufrieden mit meiner Leistung aufgrund der Anzahl der vielen Spiele, die wir haben, aber herausragend war sie nicht. Umso mehr freue ich mich \u00fcber mein heutiges Tor, und als Team freuen wir uns, vorne dran zu sein. Denn da wollen wir auch bleiben!\n<\/p>\n<\/div>\n","protected":false},"excerpt":{"rendered":"<p>FaktenBearbeiten] FC Red Bull Salzburg gegen SCR Altach, 2:0 Spieltag Bundesliga &#8211; 13. Spieltag Datum 28. Oktober 2017 Anpfiff 18.30 Uhr Aufstellung Tor Cican Stankovic Verteidigung Stefan Lainer &#8211; Jerome Onguene &#8211; Duje Caleta-Car &#8211; Andreas Ulmer Mittelfeld Amadou Haidara &#8211; Diadie Samassekou &#8211; Valon Berisha&#8211; Hannes Wolf Sturm Fredrik Gulbrandsen &#8211; Munas Dabbur Wechsel [&hellip;]<\/p>\n","protected":false},"author":1,"featured_media":0,"comment_status":"open","ping_status":"open","sticky":false,"template":"","format":"standard","meta":{"footnotes":""},"categories":[341],"tags":[],"class_list":["post-455","post","type-post","status-publish","format-standard","hentry","category-13-runde-saison-2017"],"_links":{"self":[{"href":"https:\/\/wiki.s12.at\/index.php\/wp-json\/wp\/v2\/posts\/455","targetHints":{"allow":["GET"]}}],"collection":[{"href":"https:\/\/wiki.s12.at\/index.php\/wp-json\/wp\/v2\/posts"}],"about":[{"href":"https:\/\/wiki.s12.at\/index.php\/wp-json\/wp\/v2\/types\/post"}],"author":[{"embeddable":true,"href":"https:\/\/wiki.s12.at\/index.php\/wp-json\/wp\/v2\/users\/1"}],"replies":[{"embeddable":true,"href":"https:\/\/wiki.s12.at\/index.php\/wp-json\/wp\/v2\/comments?post=455"}],"version-history":[{"count":0,"href":"https:\/\/wiki.s12.at\/index.php\/wp-json\/wp\/v2\/posts\/455\/revisions"}],"wp:attachment":[{"href":"https:\/\/wiki.s12.at\/index.php\/wp-json\/wp\/v2\/media?parent=455"}],"wp:term":[{"taxonomy":"category","embeddable":true,"href":"https:\/\/wiki.s12.at\/index.php\/wp-json\/wp\/v2\/categories?post=455"},{"taxonomy":"post_tag","embeddable":true,"href":"https:\/\/wiki.s12.at\/index.php\/wp-json\/wp\/v2\/tags?post=455"}],"curies":[{"name":"wp","href":"https:\/\/api.w.org\/{rel}","templated":true}]}}