{"id":452,"date":"2026-05-06T13:02:38","date_gmt":"2026-05-06T11:02:38","guid":{"rendered":"http:\/\/wiki.s12.at\/index.php\/2026\/05\/06\/13-runde-saison-2014-15-fc-liefering-gegen-fc-wacker-innsbruck\/"},"modified":"2026-05-06T13:02:38","modified_gmt":"2026-05-06T11:02:38","slug":"13-runde-saison-2014-15-fc-liefering-gegen-fc-wacker-innsbruck","status":"publish","type":"post","link":"https:\/\/wiki.s12.at\/index.php\/2026\/05\/06\/13-runde-saison-2014-15-fc-liefering-gegen-fc-wacker-innsbruck\/","title":{"rendered":"15, FC Liefering gegen FC Wacker Innsbruck"},"content":{"rendered":"<div class=\"mw-parser-output\">\n<h2><span class=\"mw-headline\" id=\"Fakten\">Fakten<\/span><a href=\"\/index.php?title=13._Runde,_Saison_2014\/15,_FC_Liefering_gegen_FC_Wacker_Innsbruck&amp;action=edit&amp;section=1\" title=\"Abschnitt bearbeiten: Fakten\">Bearbeiten<\/a><span class=\"mw-editsection-bracket\">]<\/span><\/span><\/h2>\n<table class=\"toptextcells toccolours\">\n<tbody>\n<tr>\n<th colspan=\"2\" style=\"text-align: center; vertical-align: top; padding: 0.3em 0.8em; font-size: 125%; background-color: lightsteelblue;\">FC Liefering gegen FC Wacker Innsbruck, 4:1\n<\/th>\n<\/tr>\n<tr>\n<th style=\"text-align:left;\"><b>Spieltag<\/b>\n<\/th>\n<th style=\"text-align:left;\">SkyGo Erste Liga- 13. Spieltag\n<\/th>\n<\/tr>\n<tr>\n<th style=\"text-align:left;\"><b>Datum<\/b>\n<\/th>\n<th style=\"text-align:left;\">3. Oktober 2014\n<\/th>\n<\/tr>\n<tr>\n<th style=\"text-align:left;\"><b>Anpfiff<\/b>\n<\/th>\n<th style=\"text-align:left;\">18.30 Uhr\n<\/th>\n<\/tr>\n<tr>\n<td colspan=\"2\" style=\"text-align:center;\" bgcolor=\"lightgray\"><b>Aufstellung<\/b>\n<\/td>\n<\/tr>\n<tr>\n<th style=\"text-align:left;\"><b>Tor<\/b>\n<\/th>\n<th><a href=\"\/Fabian_Bredlow\" title=\"Fabian Bredlow\">Fabian Bredlow<\/a>\n<\/th>\n<\/tr>\n<tr>\n<th style=\"text-align:left;\"><b>Verteidigung<\/b>\n<\/th>\n<th><a href=\"\/Philipp_Wiesinger\" title=\"Philipp Wiesinger\">Philipp Wiesinger<\/a> <a href=\"\/Lukas_Gugganig\" title=\"Lukas Gugganig\">Lukas Gugganig<\/a>  <a href=\"\/Duje_Caleta-Car\" title=\"Duje Caleta-Car\">Duje Caleta-Car<\/a> <a href=\"\/Felix_Adjei\" title=\"Felix Adjei\">Felix Adjei<\/a>\n<\/th>\n<\/tr>\n<tr>\n<th style=\"text-align:left;\"><b>Mittelfeld<\/b>\n<\/th>\n<th><a href=\"\/Michael_Brandner\" title=\"Michael Brandner\">Michael Brandner<\/a> <a href=\"\/Ante_Roguljic\" class=\"mw-redirect\" title=\"Ante Roguljic\">Ante Roguljic<\/a> <a href=\"\/Konrad_Laimer\" title=\"Konrad Laimer\">Konrad Laimer<\/a>\n<\/th>\n<\/tr>\n<tr>\n<th style=\"text-align:left;\"><b>Sturm<\/b>\n<\/th>\n<th><a href=\"\/Smail_Prevljak\" title=\"Smail Prevljak\">Smail Prevljak<\/a> <a href=\"\/Mathias_Honsak\" title=\"Mathias Honsak\">Mathias Honsak<\/a> <a href=\"\/Felipe_Pires\" title=\"Felipe Pires\">Felipe Pires<\/a>\n<\/th>\n<\/tr>\n<tr>\n<td colspan=\"2\" style=\"text-align:center;\" bgcolor=\"lightgray\"><b>Wechsel<\/b>\n<\/td>\n<\/tr>\n<tr>\n<th style=\"text-align:left;\"><b>Wechsel<\/b>\n<\/th>\n<th style=\"text-align:left;\"><a href=\"\/Stefan_Savic\" title=\"Stefan Savic\">Stefan Savic<\/a> f\u00fcr Honsak (46.), <a href=\"\/Martin_Rasner\" title=\"Martin Rasner\">Martin Rasner<\/a> f\u00fcr Brandner (60.), <a href=\"\/Alexander_Joppich\" title=\"Alexander Joppich\">Alexander Joppich<\/a> f\u00fcr Wiesinger (69.)\n<\/th>\n<\/tr>\n<tr>\n<td colspan=\"2\" style=\"text-align:center;\" bgcolor=\"lightgray\"><b>Statistik<\/b>\n<\/td>\n<\/tr>\n<tr>\n<th style=\"text-align:left;\"><b>Endstand<\/b>\n<\/th>\n<th style=\"text-align:left;\">4:1 (2:1)\n<\/th>\n<\/tr>\n<tr>\n<th style=\"text-align:left;\"><b>Torsch\u00fctzen<\/b>\n<\/th>\n<th style=\"text-align:left;\">Pires (11.), Honsak (45.), Savic (47.), Prevljak (54.); Adjei (37., ET.)\n<\/th>\n<\/tr>\n<tr>\n<th style=\"text-align:left;\"><b>Gelbe Karten<\/b>\n<\/th>\n<th style=\"text-align:left;\">Roguljic (23.); Micic (18.), H\u00f6lzl (86.)\n<\/th>\n<\/tr>\n<tr>\n<th style=\"text-align:left;\"><b>Rote Karten<\/b>\n<\/th>\n<th style=\"text-align:left;\">\n<\/th>\n<\/tr>\n<tr>\n<th style=\"text-align:left;\"><b>Schiedsrichter<\/b>\n<\/th>\n<th style=\"text-align:left;\">Dieter Muckenhammer\n<\/th>\n<\/tr>\n<tr>\n<th style=\"text-align:left;\"><b>Stadion<\/b>\n<\/th>\n<th style=\"text-align:left;\">Red Bull Arena, Salzburg\n<\/th>\n<\/tr>\n<tr>\n<th style=\"text-align:left;\"><b>Zuschauer<\/b>\n<\/th>\n<th style=\"text-align:left;\">613\n<\/th>\n<\/tr>\n<\/tbody>\n<\/table>\n<p>\n<\/p>\n<h2><span class=\"mw-headline\" id=\"Bilder\">Bilder<\/span><a href=\"\/index.php?title=13._Runde,_Saison_2014\/15,_FC_Liefering_gegen_FC_Wacker_Innsbruck&amp;action=edit&amp;section=2\" title=\"Abschnitt bearbeiten: Bilder\">Bearbeiten<\/a><span class=\"mw-editsection-bracket\">]<\/span><\/span><\/h2>\n<p><img alt=\"\" src=\"\/images\/thumb\/4\/4a\/Commons-logo.svg\/langde-20px-Commons-logo.svg.png%3Futm_source%3Dcommons.wikimedia.org%26utm_campaign%3Dimageinfo%26utm_content%3Dthumbnail\" decoding=\"async\" title=\"Commons\" width=\"12\" height=\"16\" srcset=\"\/images\/thumb\/4\/4a\/Commons-logo.svg\/langde-40px-Commons-logo.svg.png%3Futm_source%3Dcommons.wikimedia.org%26utm_campaign%3Dimageinfo%26utm_content%3Dthumbnail 2x\" \/>&#160;<b><a href=\"http:\/\/commons.wikimedia.org\/wiki\/Category:FC_Liefering_gegen_FC_Wacker_Innsbruck_(3.Oktober_2014)\" class=\"extiw\" title=\"commons:Category:FC Liefering gegen FC Wacker Innsbruck (3.Oktober 2014)\">13. Runde, Saison 2014\/15, FC Liefering gegen FC Wacker Innsbruck<\/a><\/b>&#160;\u2013 Sammlung von Bildern, Videos und Audiodateien auf <a href=\"\/Wikimedia_Commons\" title=\"Wikimedia Commons\">Wikimedia Commons<\/a>\n<\/p>\n<h2><span class=\"mw-headline\" id=\"Weblinks\">Weblinks<\/span><a href=\"\/index.php?title=13._Runde,_Saison_2014\/15,_FC_Liefering_gegen_FC_Wacker_Innsbruck&amp;action=edit&amp;section=3\" title=\"Abschnitt bearbeiten: Weblinks\">Bearbeiten<\/a><span class=\"mw-editsection-bracket\">]<\/span><\/span><\/h2>\n<ul>\n<li><a rel=\"nofollow\" class=\"external text\" href=\"http:\/\/www.redbulls.com\/de\/fc-liefering\/news\/saison_2014_15\/liefering-fertigt-innsbruck-4-1-ab.html\">Spielbericht Vereinshomepage<\/a><\/li>\n<li><a rel=\"nofollow\" class=\"external text\" href=\"http:\/\/www.tt.com\/sport\/fussball\/9075703-91\/14-pleite-in-liefering-fc-wacker-rutscht-ins-mittelma%C3%9F-ab.csp\">Spielbericht Tiroler Tageszeitung<\/a><\/li>\n<\/ul>\n<p>\n&lt;youtube&gt;s_N0w32Q9SU&lt;\/youtube&gt;\n<\/p>\n<h2><span class=\"mw-headline\" id=\"Stimmen_zum_Spiel\">Stimmen zum Spiel<\/span><a href=\"\/index.php?title=13._Runde,_Saison_2014\/15,_FC_Liefering_gegen_FC_Wacker_Innsbruck&amp;action=edit&amp;section=4\" title=\"Abschnitt bearbeiten: Stimmen zum Spiel\">Bearbeiten<\/a><span class=\"mw-editsection-bracket\">]<\/span><\/span><\/h2>\n<p><b>Peter Zeidler:<\/b> &#8222;Wir wollten heute einfach drauf los spielen und den Gegner fr\u00fch unter Druck setzen. Das ist uns sehr gut gelungen. Das 1:1 war komplett gegen den Spielverlauf. Wir haben aber gut nachgelegt, B\u00e4lle fr\u00fch erobert, und unser Spiel weiter durchgezogen. Meine Mannschaft hat heute ein gro\u00dfes Herz gezeigt und verdient gewonnen.&#8220;\n<\/p>\n<\/div>\n","protected":false},"excerpt":{"rendered":"<p>FaktenBearbeiten] FC Liefering gegen FC Wacker Innsbruck, 4:1 Spieltag SkyGo Erste Liga- 13. Spieltag Datum 3. Oktober 2014 Anpfiff 18.30 Uhr Aufstellung Tor Fabian Bredlow Verteidigung Philipp Wiesinger Lukas Gugganig Duje Caleta-Car Felix Adjei Mittelfeld Michael Brandner Ante Roguljic Konrad Laimer Sturm Smail Prevljak Mathias Honsak Felipe Pires Wechsel Wechsel Stefan Savic f\u00fcr Honsak (46.), [&hellip;]<\/p>\n","protected":false},"author":1,"featured_media":0,"comment_status":"open","ping_status":"open","sticky":false,"template":"","format":"standard","meta":{"footnotes":""},"categories":[340],"tags":[],"class_list":["post-452","post","type-post","status-publish","format-standard","hentry","category-13-runde-saison-2014"],"_links":{"self":[{"href":"https:\/\/wiki.s12.at\/index.php\/wp-json\/wp\/v2\/posts\/452","targetHints":{"allow":["GET"]}}],"collection":[{"href":"https:\/\/wiki.s12.at\/index.php\/wp-json\/wp\/v2\/posts"}],"about":[{"href":"https:\/\/wiki.s12.at\/index.php\/wp-json\/wp\/v2\/types\/post"}],"author":[{"embeddable":true,"href":"https:\/\/wiki.s12.at\/index.php\/wp-json\/wp\/v2\/users\/1"}],"replies":[{"embeddable":true,"href":"https:\/\/wiki.s12.at\/index.php\/wp-json\/wp\/v2\/comments?post=452"}],"version-history":[{"count":0,"href":"https:\/\/wiki.s12.at\/index.php\/wp-json\/wp\/v2\/posts\/452\/revisions"}],"wp:attachment":[{"href":"https:\/\/wiki.s12.at\/index.php\/wp-json\/wp\/v2\/media?parent=452"}],"wp:term":[{"taxonomy":"category","embeddable":true,"href":"https:\/\/wiki.s12.at\/index.php\/wp-json\/wp\/v2\/categories?post=452"},{"taxonomy":"post_tag","embeddable":true,"href":"https:\/\/wiki.s12.at\/index.php\/wp-json\/wp\/v2\/tags?post=452"}],"curies":[{"name":"wp","href":"https:\/\/api.w.org\/{rel}","templated":true}]}}