{"id":448,"date":"2026-05-06T13:02:35","date_gmt":"2026-05-06T11:02:35","guid":{"rendered":"http:\/\/wiki.s12.at\/index.php\/2026\/05\/06\/13-runde-saison-2011-12-rbs-vs-svr\/"},"modified":"2026-05-06T13:02:35","modified_gmt":"2026-05-06T11:02:35","slug":"13-runde-saison-2011-12-rbs-vs-svr","status":"publish","type":"post","link":"https:\/\/wiki.s12.at\/index.php\/2026\/05\/06\/13-runde-saison-2011-12-rbs-vs-svr\/","title":{"rendered":"12, RBS vs SVR"},"content":{"rendered":"<div class=\"mw-parser-output\">\n<h3><span class=\"mw-headline\" id=\"Fakten\">Fakten<\/span><a href=\"\/index.php?title=13._Runde,_Saison_2011\/12,_RBS_vs_SVR&amp;action=edit&amp;section=1\" title=\"Abschnitt bearbeiten: Fakten\">Bearbeiten<\/a><span class=\"mw-editsection-bracket\">]<\/span><\/span><\/h3>\n<p><b>Bundesliga &#8211; 13. Spieltag: 29. Oktober 2011, 16 Uhr<\/b><br \/>\n\n<\/p>\n<table class=\"wikitable\">\n<caption><b><big>Red Bull Salzburg gegen SV Ried, 1:1<\/big><\/b><br \/>\n<\/caption>\n<tbody>\n<tr>\n<td>Aufstellung:<\/td>\n<td><a href=\"\/Eddie_Gustafsson\" title=\"Eddie Gustafsson\">Gustafsson<\/a>\n<\/td>\n<\/tr>\n<tr>\n<td><\/td>\n<td><a href=\"\/Christian_Schwegler\" title=\"Christian Schwegler\">Christian Schwegler<\/a> <a href=\"\/Martin_Hinteregger\" title=\"Martin Hinteregger\">Martin Hinteregger<\/a> <a href=\"\/Ibrahim_Sekagya\" title=\"Ibrahim Sekagya\">Ibrahim Sekagya<\/a> <a href=\"\/Dusan_Svento\" class=\"mw-redirect\" title=\"Dusan Svento\">Dusan Svento<\/a>\n<\/td>\n<\/tr>\n<tr>\n<td><\/td>\n<td><a href=\"\/Franz_Schiemer\" title=\"Franz Schiemer\">Franz Schiemer<\/a> <a href=\"\/Gonzalo_Zarate\" title=\"Gonzalo Zarate\">Gonzalo Zarate<\/a> <a href=\"\/Jakob_Jantscher\" title=\"Jakob Jantscher\">Jakob Jantscher<\/a> <a href=\"\/Simon_Cziommer\" title=\"Simon Cziommer\">Simon Cziommer<\/a> <a href=\"\/Christoph_Leitgeb\" title=\"Christoph Leitgeb\">Christoph Leitgeb<\/a>\n<\/td>\n<\/tr>\n<tr>\n<td><\/td>\n<td><a href=\"\/Stefan_Maierhofer\" title=\"Stefan Maierhofer\">Stefan Maierhofer<\/a>, <a href=\"\/Roman_Wallner\" title=\"Roman Wallner\">Roman Wallner<\/a>\n<\/td>\n<\/tr>\n<tr>\n<td>Wechsel:<\/td>\n<td>Georg Teigl f\u00fcr Wallner (21.), Petri Pasanen f\u00fcr Schiemer (45.), Stefan Hierl\u00e4nder f\u00fcr Zarate (84.)\n<\/td>\n<\/tr>\n<tr>\n<td>Endstand:<\/td>\n<td>1:1 (1:0)\n<\/td>\n<\/tr>\n<tr>\n<td>Torsch\u00fctzen:<\/td>\n<td>Mairhofer (3.), Reifeltshammer (62.)\n<\/td>\n<\/tr>\n<tr>\n<td>Gelbe Karten:<\/td>\n<td>Cziommer (15.), Schwegler, Reifeltshammer (52.), Ziegl (88.) , Rotpuller (45.)\n<\/td>\n<\/tr>\n<tr>\n<td>Gelb-rote Karten:<\/td>\n<td>\n<\/td>\n<\/tr>\n<tr>\n<td>Rote Karten:<\/td>\n<td>Jakob Jantscher (41.)\n<\/td>\n<\/tr>\n<tr>\n<td>Schiedsrichter:<\/td>\n<td>Rene Eisner\n<\/td>\n<\/tr>\n<tr>\n<td>Stadion:<\/td>\n<td>Red Bull Arena, Salzburg\n<\/td>\n<\/tr>\n<tr>\n<td>Zuschauer:<\/td>\n<td>10 184\n<\/td>\n<\/tr>\n<\/tbody>\n<\/table>\n<h2><span class=\"mw-headline\" id=\"Bilder\">Bilder<\/span><a href=\"\/index.php?title=13._Runde,_Saison_2011\/12,_RBS_vs_SVR&amp;action=edit&amp;section=2\" title=\"Abschnitt bearbeiten: Bilder\">Bearbeiten<\/a><span class=\"mw-editsection-bracket\">]<\/span><\/span><\/h2>\n<ul class=\"gallery mw-gallery-traditional\">\n<li class=\"gallerybox\" style=\"width: 155px\">\n<div style=\"width: 155px\">\n<div class=\"thumb\" style=\"width: 150px;\">\n<div style=\"margin:35px auto;\"><a href=\"\/Datei:Supporters_Red_Bull69.jpg\" class=\"image\"><img alt=\"Supporters Red Bull69.jpg\" src=\"\/images\/thumb\/c\/cb\/Supporters_Red_Bull69.jpg\/120px-Supporters_Red_Bull69.jpg%3Futm_source%3Dcommons.wikimedia.org%26utm_campaign%3Dimageinfo%26utm_content%3Dthumbnail\" decoding=\"async\" width=\"120\" height=\"80\" srcset=\"\/images\/thumb\/c\/cb\/Supporters_Red_Bull69.jpg\/250px-Supporters_Red_Bull69.jpg%3Futm_source%3Dcommons.wikimedia.org%26utm_campaign%3Dimageinfo%26utm_content%3Dthumbnail 1.5x\" \/><\/a><\/div>\n<\/div>\n<div class=\"gallerytext\">\n\t\t\t<\/div>\n<\/p><\/div>\n<\/li>\n<li class=\"gallerybox\" style=\"width: 155px\">\n<div style=\"width: 155px\">\n<div class=\"thumb\" style=\"width: 150px;\">\n<div style=\"margin:42.5px auto;\"><a href=\"\/Datei:Salzburg-Ried.jpg\" class=\"image\"><img alt=\"Salzburg-Ried.jpg\" src=\"\/images\/thumb\/e\/ec\/Salzburg-Ried.jpg\/120px-Salzburg-Ried.jpg%3Futm_source%3Dcommons.wikimedia.org%26utm_campaign%3Dimageinfo%26utm_content%3Dthumbnail\" decoding=\"async\" width=\"120\" height=\"65\" srcset=\"\/images\/thumb\/e\/ec\/Salzburg-Ried.jpg\/250px-Salzburg-Ried.jpg%3Futm_source%3Dcommons.wikimedia.org%26utm_campaign%3Dimageinfo%26utm_content%3Dthumbnail 1.5x\" \/><\/a><\/div>\n<\/div>\n<div class=\"gallerytext\">\n\t\t\t<\/div>\n<\/p><\/div>\n<\/li>\n<li class=\"gallerybox\" style=\"width: 155px\">\n<div style=\"width: 155px\">\n<div class=\"thumb\" style=\"width: 150px;\">\n<div style=\"margin:32px auto;\"><a href=\"\/Datei:RBS_gegen_SV_Ried_29.Oktober_20111.jpg\" class=\"image\"><img alt=\"RBS gegen SV Ried 29.Oktober 20111.jpg\" src=\"\/images\/thumb\/8\/8a\/RBS_gegen_SV_Ried_29.Oktober_20111.jpg\/120px-RBS_gegen_SV_Ried_29.Oktober_20111.jpg%3Futm_source%3Dcommons.wikimedia.org%26utm_campaign%3Dimageinfo%26utm_content%3Dthumbnail\" decoding=\"async\" width=\"120\" height=\"86\" srcset=\"\/images\/thumb\/8\/8a\/RBS_gegen_SV_Ried_29.Oktober_20111.jpg\/250px-RBS_gegen_SV_Ried_29.Oktober_20111.jpg%3Futm_source%3Dcommons.wikimedia.org%26utm_campaign%3Dimageinfo%26utm_content%3Dthumbnail 1.5x\" \/><\/a><\/div>\n<\/div>\n<div class=\"gallerytext\">\n\t\t\t<\/div>\n<\/p><\/div>\n<\/li>\n<li class=\"gallerybox\" style=\"width: 155px\">\n<div style=\"width: 155px\">\n<div class=\"thumb\" style=\"width: 150px;\">\n<div style=\"margin:20.5px auto;\"><a href=\"\/Datei:BL_Spiel_RBS_gegen_SV_Ried_29.Oktober_2011-c.jpg\" class=\"image\"><img loading=\"lazy\" alt=\"BL Spiel RBS gegen SV Ried 29.Oktober 2011-c.jpg\" src=\"\/images\/thumb\/5\/5b\/BL_Spiel_RBS_gegen_SV_Ried_29.Oktober_2011-c.jpg\/120px-BL_Spiel_RBS_gegen_SV_Ried_29.Oktober_2011-c.jpg%3Futm_source%3Dcommons.wikimedia.org%26utm_campaign%3Dimageinfo%26utm_content%3Dthumbnail\" decoding=\"async\" width=\"120\" height=\"109\" srcset=\"\/images\/thumb\/5\/5b\/BL_Spiel_RBS_gegen_SV_Ried_29.Oktober_2011-c.jpg\/250px-BL_Spiel_RBS_gegen_SV_Ried_29.Oktober_2011-c.jpg%3Futm_source%3Dcommons.wikimedia.org%26utm_campaign%3Dimageinfo%26utm_content%3Dthumbnail 1.5x\" \/><\/a><\/div>\n<\/div>\n<div class=\"gallerytext\">\n\t\t\t<\/div>\n<\/p><\/div>\n<\/li>\n<li class=\"gallerybox\" style=\"width: 155px\">\n<div style=\"width: 155px\">\n<div class=\"thumb\" style=\"width: 150px;\">\n<div style=\"margin:29px auto;\"><a href=\"\/Datei:Georg_Teigl3.jpg\" class=\"image\"><img loading=\"lazy\" alt=\"Georg Teigl3.jpg\" src=\"\/images\/thumb\/f\/f3\/Georg_Teigl3.jpg\/120px-Georg_Teigl3.jpg%3Futm_source%3Dcommons.wikimedia.org%26utm_campaign%3Dimageinfo%26utm_content%3Dthumbnail\" decoding=\"async\" width=\"120\" height=\"92\" srcset=\"\/images\/thumb\/f\/f3\/Georg_Teigl3.jpg\/250px-Georg_Teigl3.jpg%3Futm_source%3Dcommons.wikimedia.org%26utm_campaign%3Dimageinfo%26utm_content%3Dthumbnail 1.5x\" \/><\/a><\/div>\n<\/div>\n<div class=\"gallerytext\">\n\t\t\t<\/div>\n<\/p><\/div>\n<\/li>\n<li class=\"gallerybox\" style=\"width: 155px\">\n<div style=\"width: 155px\">\n<div class=\"thumb\" style=\"width: 150px;\">\n<div style=\"margin:15px auto;\"><a href=\"\/Datei:Jakob_Jantscher80.jpg\" class=\"image\"><img loading=\"lazy\" alt=\"Jakob Jantscher80.jpg\" src=\"\/images\/thumb\/2\/24\/Jakob_Jantscher80.jpg\/120px-Jakob_Jantscher80.jpg%3Futm_source%3Dcommons.wikimedia.org%26utm_campaign%3Dimageinfo%26utm_content%3Dthumbnail\" decoding=\"async\" width=\"100\" height=\"120\" srcset=\"\/images\/thumb\/2\/24\/Jakob_Jantscher80.jpg\/250px-Jakob_Jantscher80.jpg%3Futm_source%3Dcommons.wikimedia.org%26utm_campaign%3Dimageinfo%26utm_content%3Dthumbnail 1.5x\" \/><\/a><\/div>\n<\/div>\n<div class=\"gallerytext\">\n\t\t\t<\/div>\n<\/p><\/div>\n<\/li>\n<li class=\"gallerybox\" style=\"width: 155px\">\n<div style=\"width: 155px\">\n<div class=\"thumb\" style=\"width: 150px;\">\n<div style=\"margin:17px auto;\"><a href=\"\/Datei:Nacho_Dusan_Svento.jpg\" class=\"image\"><img loading=\"lazy\" alt=\"Nacho Dusan Svento.jpg\" src=\"\/images\/thumb\/7\/77\/Nacho_Dusan_Svento.jpg\/120px-Nacho_Dusan_Svento.jpg%3Futm_source%3Dcommons.wikimedia.org%26utm_campaign%3Dimageinfo%26utm_content%3Dthumbnail\" decoding=\"async\" width=\"120\" height=\"116\" srcset=\"\/images\/thumb\/7\/77\/Nacho_Dusan_Svento.jpg\/250px-Nacho_Dusan_Svento.jpg%3Futm_source%3Dcommons.wikimedia.org%26utm_campaign%3Dimageinfo%26utm_content%3Dthumbnail 1.5x\" \/><\/a><\/div>\n<\/div>\n<div class=\"gallerytext\">\n\t\t\t<\/div>\n<\/p><\/div>\n<\/li>\n<\/ul>\n<\/div>\n","protected":false},"excerpt":{"rendered":"<p>FaktenBearbeiten] Bundesliga &#8211; 13. Spieltag: 29. Oktober 2011, 16 Uhr Red Bull Salzburg gegen SV Ried, 1:1 Aufstellung: Gustafsson Christian Schwegler Martin Hinteregger Ibrahim Sekagya Dusan Svento Franz Schiemer Gonzalo Zarate Jakob Jantscher Simon Cziommer Christoph Leitgeb Stefan Maierhofer, Roman Wallner Wechsel: Georg Teigl f\u00fcr Wallner (21.), Petri Pasanen f\u00fcr Schiemer (45.), Stefan Hierl\u00e4nder f\u00fcr [&hellip;]<\/p>\n","protected":false},"author":1,"featured_media":0,"comment_status":"open","ping_status":"open","sticky":false,"template":"","format":"standard","meta":{"footnotes":""},"categories":[337],"tags":[],"class_list":["post-448","post","type-post","status-publish","format-standard","hentry","category-13-runde-saison-2011"],"_links":{"self":[{"href":"https:\/\/wiki.s12.at\/index.php\/wp-json\/wp\/v2\/posts\/448","targetHints":{"allow":["GET"]}}],"collection":[{"href":"https:\/\/wiki.s12.at\/index.php\/wp-json\/wp\/v2\/posts"}],"about":[{"href":"https:\/\/wiki.s12.at\/index.php\/wp-json\/wp\/v2\/types\/post"}],"author":[{"embeddable":true,"href":"https:\/\/wiki.s12.at\/index.php\/wp-json\/wp\/v2\/users\/1"}],"replies":[{"embeddable":true,"href":"https:\/\/wiki.s12.at\/index.php\/wp-json\/wp\/v2\/comments?post=448"}],"version-history":[{"count":0,"href":"https:\/\/wiki.s12.at\/index.php\/wp-json\/wp\/v2\/posts\/448\/revisions"}],"wp:attachment":[{"href":"https:\/\/wiki.s12.at\/index.php\/wp-json\/wp\/v2\/media?parent=448"}],"wp:term":[{"taxonomy":"category","embeddable":true,"href":"https:\/\/wiki.s12.at\/index.php\/wp-json\/wp\/v2\/categories?post=448"},{"taxonomy":"post_tag","embeddable":true,"href":"https:\/\/wiki.s12.at\/index.php\/wp-json\/wp\/v2\/tags?post=448"}],"curies":[{"name":"wp","href":"https:\/\/api.w.org\/{rel}","templated":true}]}}