{"id":440,"date":"2026-05-06T13:02:09","date_gmt":"2026-05-06T11:02:09","guid":{"rendered":"http:\/\/wiki.s12.at\/index.php\/2026\/05\/06\/13-runde-saison-2003-04-austria-salzburg-sv-pasching\/"},"modified":"2026-05-06T13:02:09","modified_gmt":"2026-05-06T11:02:09","slug":"13-runde-saison-2003-04-austria-salzburg-sv-pasching","status":"publish","type":"post","link":"https:\/\/wiki.s12.at\/index.php\/2026\/05\/06\/13-runde-saison-2003-04-austria-salzburg-sv-pasching\/","title":{"rendered":"04, Austria Salzburg &#8211; SV Pasching"},"content":{"rendered":"<div class=\"mw-parser-output\">\n<h3><span class=\"mw-headline\" id=\"Fakten\">Fakten<\/span><a href=\"\/index.php?title=13._Runde,_Saison_2003\/04,_Austria_Salzburg_-_SV_Pasching&amp;action=edit&amp;section=1\" title=\"Abschnitt bearbeiten: Fakten\">Bearbeiten<\/a><span class=\"mw-editsection-bracket\">]<\/span><\/span><\/h3>\n<p><b>Bundesliga &#8211; 13. Spieltag: 18. Oktober 2003, 15.30 Uhr<\/b>\n<\/p>\n<table class=\"wikitable\">\n<caption><b> <big>SV Austria Salzburg gegen SV Pasching, 0:2<\/big><\/b><br \/>\n<\/caption>\n<tbody>\n<tr>\n<td>Aufstellung:<\/td>\n<td><a href=\"\/Heinz_Arzberger\" title=\"Heinz Arzberger\">Heinz Arzberger<\/a> <a href=\"\/Christoph_Jank\" title=\"Christoph Jank\">Christoph Jank<\/a> <a href=\"\/Josko_Bilic\" title=\"Josko Bilic\">Josko Bilic<\/a> <a href=\"\/Andreas_Ibertsberger\" title=\"Andreas Ibertsberger\">Andreas Ibertsberger<\/a> <a href=\"\/Thomas_Winklhofer\" title=\"Thomas Winklhofer\">Thomas Winklhofer<\/a> (65. <a href=\"\/Mihael_Rajic\" title=\"Mihael Rajic\">Mihael Rajic<\/a>) <a href=\"\/Thomas_Winklhofer\" title=\"Thomas Winklhofer\">Thomas Winklhofer<\/a> <a href=\"\/Volkan_Kahraman\" title=\"Volkan Kahraman\">Volkan Kahraman<\/a> (46. <a href=\"\/Selim_Teber\" title=\"Selim Teber\">Selim Teber<\/a>) <a href=\"\/Thomas_H%C3%A4%C3%9Fler\" title=\"Thomas H\u00e4\u00dfler\">Thomas H\u00e4\u00dfler<\/a> <a href=\"\/Maynor_Suazo\" title=\"Maynor Suazo\">Maynor Suazo<\/a> <a href=\"\/Ewald_Brenner\" title=\"Ewald Brenner\">Ewald Brenner<\/a> (52. <a href=\"\/Mohammed_Suleiman\" title=\"Mohammed Suleiman\">Mohammed Suleiman<\/a>) <a href=\"\/Thomas_Eder\" title=\"Thomas Eder\">Thomas Eder<\/a> <a href=\"\/Alexander_Schriebl\" title=\"Alexander Schriebl\">Alexander Schriebl<\/a>\n<\/td>\n<\/tr>\n<tr>\n<td>Endstand:<\/td>\n<td>0:2 (0:2)\n<\/td>\n<\/tr>\n<tr>\n<td>Torsch\u00fctzen:<\/td>\n<td>Faruk Atalay (17.), Markus Kiesenebner (29.)\n<\/td>\n<\/tr>\n<tr>\n<td>Gelbe Karten:<\/td>\n<td>M. Suazo (24.), Teber (93.); Atalay (27.), Schoppitsch (31.)\n<\/td>\n<\/tr>\n<tr>\n<td>Gelb-rote Karten:<\/td>\n<td>\n<\/td>\n<\/tr>\n<tr>\n<td>Rote Karten:<\/td>\n<td>\n<\/td>\n<\/tr>\n<tr>\n<td>Schiedsrichter:<\/td>\n<td>Thomas Gangl\n<\/td>\n<\/tr>\n<tr>\n<td>Stadion:<\/td>\n<td>Stadion Wals-Siezenheim, Salzburg\n<\/td>\n<\/tr>\n<tr>\n<td>Zuschauer:<\/td>\n<td>12 000\n<\/td>\n<\/tr>\n<\/tbody>\n<\/table>\n<\/div>\n","protected":false},"excerpt":{"rendered":"<p>FaktenBearbeiten] Bundesliga &#8211; 13. Spieltag: 18. Oktober 2003, 15.30 Uhr SV Austria Salzburg gegen SV Pasching, 0:2 Aufstellung: Heinz Arzberger Christoph Jank Josko Bilic Andreas Ibertsberger Thomas Winklhofer (65. Mihael Rajic) Thomas Winklhofer Volkan Kahraman (46. Selim Teber) Thomas H\u00e4\u00dfler Maynor Suazo Ewald Brenner (52. Mohammed Suleiman) Thomas Eder Alexander Schriebl Endstand: 0:2 (0:2) Torsch\u00fctzen: [&hellip;]<\/p>\n","protected":false},"author":1,"featured_media":0,"comment_status":"open","ping_status":"open","sticky":false,"template":"","format":"standard","meta":{"footnotes":""},"categories":[329],"tags":[],"class_list":["post-440","post","type-post","status-publish","format-standard","hentry","category-13-runde-saison-2003"],"_links":{"self":[{"href":"https:\/\/wiki.s12.at\/index.php\/wp-json\/wp\/v2\/posts\/440","targetHints":{"allow":["GET"]}}],"collection":[{"href":"https:\/\/wiki.s12.at\/index.php\/wp-json\/wp\/v2\/posts"}],"about":[{"href":"https:\/\/wiki.s12.at\/index.php\/wp-json\/wp\/v2\/types\/post"}],"author":[{"embeddable":true,"href":"https:\/\/wiki.s12.at\/index.php\/wp-json\/wp\/v2\/users\/1"}],"replies":[{"embeddable":true,"href":"https:\/\/wiki.s12.at\/index.php\/wp-json\/wp\/v2\/comments?post=440"}],"version-history":[{"count":0,"href":"https:\/\/wiki.s12.at\/index.php\/wp-json\/wp\/v2\/posts\/440\/revisions"}],"wp:attachment":[{"href":"https:\/\/wiki.s12.at\/index.php\/wp-json\/wp\/v2\/media?parent=440"}],"wp:term":[{"taxonomy":"category","embeddable":true,"href":"https:\/\/wiki.s12.at\/index.php\/wp-json\/wp\/v2\/categories?post=440"},{"taxonomy":"post_tag","embeddable":true,"href":"https:\/\/wiki.s12.at\/index.php\/wp-json\/wp\/v2\/tags?post=440"}],"curies":[{"name":"wp","href":"https:\/\/api.w.org\/{rel}","templated":true}]}}