{"id":4302,"date":"2026-05-06T15:41:39","date_gmt":"2026-05-06T13:41:39","guid":{"rendered":"https:\/\/wiki.s12.at\/index.php\/2026\/05\/06\/fc-salzburg-gegen-fc-bayern-muenchen-cl-2021-22\/"},"modified":"2026-05-06T15:41:39","modified_gmt":"2026-05-06T13:41:39","slug":"fc-salzburg-gegen-fc-bayern-muenchen-cl-2021-22","status":"publish","type":"post","link":"https:\/\/wiki.s12.at\/index.php\/2026\/05\/06\/fc-salzburg-gegen-fc-bayern-muenchen-cl-2021-22\/","title":{"rendered":"22)"},"content":{"rendered":"<div class=\"mw-parser-output\">\n<table class=\"toptextcells toccolours\">\n<tbody>\n<tr>\n<th colspan=\"2\" style=\"text-align: center; vertical-align: top; padding: 0.3em 0.8em; font-size: 125%; background-color: lightsteelblue;\">FC Salzburg gegen FC Bayern M\u00fcnchen, 1:1\n<\/th>\n<\/tr>\n<tr>\n<th style=\"text-align:left;\"><b>Spieltag<\/b>\n<\/th>\n<th style=\"text-align:left;\">Championsleague Achtelfinale Hinspiel\n<\/th>\n<\/tr>\n<tr>\n<th style=\"text-align:left;\"><b>Datum<\/b>\n<\/th>\n<th style=\"text-align:left;\">16. Februar 2022\n<\/th>\n<\/tr>\n<tr>\n<th style=\"text-align:left;\"><b>Anpfiff<\/b>\n<\/th>\n<th style=\"text-align:left;\">21 Uhr\n<\/th>\n<\/tr>\n<tr>\n<td colspan=\"2\" style=\"text-align:center;\" bgcolor=\"lightgray\"><b>Aufstellung<\/b>\n<\/td>\n<\/tr>\n<tr>\n<th style=\"text-align:left;\"><b>Tor<\/b>\n<\/th>\n<th><a href=\"\/Philipp_K%C3%B6hn\" title=\"Philipp K\u00f6hn\">Philipp K\u00f6hn <\/a>\n<\/th>\n<\/tr>\n<tr>\n<th style=\"text-align:left;\"><b>Verteidigung<\/b>\n<\/th>\n<th><a href=\"\/Andreas_Ulmer\" title=\"Andreas Ulmer\">Andreas Ulmer<\/a> &#8211; <a href=\"\/Maximilian_W%C3%B6ber\" title=\"Maximilian W\u00f6ber\">Maximilian W\u00f6ber<\/a> &#8211; <a href=\"\/Oumar_Solet\" title=\"Oumar Solet\">Oumar Solet<\/a> &#8211; <a href=\"\/Rasmus_Kristensen\" title=\"Rasmus Kristensen\">Rasmus Kristensen<\/a>\n<\/th>\n<\/tr>\n<tr>\n<th style=\"text-align:left;\"><b>Mittelfeld<\/b>\n<\/th>\n<th><a href=\"\/Mohamed_Camara\" title=\"Mohamed Camara\">Mohamed Camara <\/a> &#8211; <a href=\"\/Nicolas_Seiwald\" title=\"Nicolas Seiwald\">Nicolas Seiwald<\/a> &#8211; <a href=\"\/Brenden_Aaronson\" title=\"Brenden Aaronson\">Brenden Aaronson<\/a> &#8211; <a href=\"\/Nicolas_Capaldo\" title=\"Nicolas Capaldo\">Nicolas Capaldo<\/a>\n<\/th>\n<\/tr>\n<tr>\n<th style=\"text-align:left;\"><b>Sturm<\/b>\n<\/th>\n<th><a href=\"\/Karim_Adeyemi\" title=\"Karim Adeyemi\">Karim Adeyemi<\/a> &#8211; <a href=\"\/Noah_Okafor\" title=\"Noah Okafor\">Noah Okafor<\/a>\n<\/th>\n<\/tr>\n<tr>\n<td colspan=\"2\" style=\"text-align:center;\" bgcolor=\"lightgray\"><b>Wechsel<\/b>\n<\/td>\n<\/tr>\n<tr>\n<th style=\"text-align:left;\"><b>Wechsel<\/b>\n<\/th>\n<th style=\"text-align:left;\"><a href=\"\/Junior_Adamu\" class=\"mw-redirect\" title=\"Junior Adamu\">Junior Adamu<\/a> f\u00fcr Okafor (12.), <a href=\"\/Luka_Sucic\" title=\"Luka Sucic\">Luka Sucic<\/a> f\u00fcr Seiwald (80.), <a href=\"\/Maurits_Kjaergaard\" title=\"Maurits Kjaergaard\">Maurits Kjaergaard<\/a> f\u00fcr Adeyemi (86.)\n<\/th>\n<\/tr>\n<tr>\n<td colspan=\"2\" style=\"text-align:center;\" bgcolor=\"lightgray\"><b>Statistik<\/b>\n<\/td>\n<\/tr>\n<tr>\n<th style=\"text-align:left;\"><b>Endstand<\/b>\n<\/th>\n<th style=\"text-align:left;\">1:1 (1:0)\n<\/th>\n<\/tr>\n<tr>\n<th style=\"text-align:left;\"><b>Torsch\u00fctzen<\/b>\n<\/th>\n<th style=\"text-align:left;\">Adamu (21.); Coman (90.)\n<\/th>\n<\/tr>\n<tr>\n<th style=\"text-align:left;\"><b>Gelbe Karten<\/b>\n<\/th>\n<th style=\"text-align:left;\">Coman  (83.)\n<\/th>\n<\/tr>\n<tr>\n<th style=\"text-align:left;\"><b>Rote Karten<\/b>\n<\/th>\n<th style=\"text-align:left;\">\n<\/th>\n<\/tr>\n<tr>\n<th style=\"text-align:left;\"><b>Schiedsrichter<\/b>\n<\/th>\n<th style=\"text-align:left;\">Michael Oliver (ENG)\n<\/th>\n<\/tr>\n<tr>\n<th style=\"text-align:left;\"><b>Stadion<\/b>\n<\/th>\n<th style=\"text-align:left;\">EM Stadion Wals-Siezenheim\n<\/th>\n<\/tr>\n<tr>\n<th style=\"text-align:left;\"><b>Zuschauer<\/b>\n<\/th>\n<th style=\"text-align:left;\">29 520\n<\/th>\n<\/tr>\n<\/tbody>\n<\/table>\n<h2><span class=\"mw-headline\" id=\"Spielbericht\">Spielbericht<\/span><a href=\"\/index.php?title=FC_Salzburg_gegen_FC_Bayern_M%C3%BCnchen_(CL_2021\/22)&amp;action=edit&amp;section=1\" title=\"Abschnitt bearbeiten: Spielbericht\">Bearbeiten<\/a><span class=\"mw-editsection-bracket\">]<\/span><\/span><\/h2>\n<p><a rel=\"nofollow\" class=\"external text\" href=\"https:\/\/www.redbullsalzburg.at\/de\/fc-red-bull-salzburg\/news\/saison_2021_22\/spielbericht-fc-bayern-champions-league-achtelfinale-hinspiel.html\">Spielbericht Vereinshomepage<\/a>\n<\/p>\n<h2><span class=\"mw-headline\" id=\"Video\">Video<\/span><a href=\"\/index.php?title=FC_Salzburg_gegen_FC_Bayern_M%C3%BCnchen_(CL_2021\/22)&amp;action=edit&amp;section=2\" title=\"Abschnitt bearbeiten: Video\">Bearbeiten<\/a><span class=\"mw-editsection-bracket\">]<\/span><\/span><\/h2>\n<p><a rel=\"nofollow\" class=\"external text\" href=\"https:\/\/www.redbullsalzburg.at\/de\/fc-red-bull-salzburg\/news\/saison_2021_22\/champions-league-achtelfinale-hinspiel-fc-bayern-video-highlights.html\">Highlights<\/a>\n<\/p>\n<h2><span class=\"mw-headline\" id=\"Stimmen_zum_Spiel\">Stimmen zum Spiel<\/span><a href=\"\/index.php?title=FC_Salzburg_gegen_FC_Bayern_M%C3%BCnchen_(CL_2021\/22)&amp;action=edit&amp;section=3\" title=\"Abschnitt bearbeiten: Stimmen zum Spiel\">Bearbeiten<\/a><span class=\"mw-editsection-bracket\">]<\/span><\/span><\/h2>\n<p><b>Matthias Jaissle:<\/b>  Unmittelbar nach dem Abpfiff war\u2019s nat\u00fcrlich eine kleine Entt\u00e4uschung, weil du so sp\u00e4t den Ausgleich bekommst. In ein paar Stunden wird aber der Stolz \u00fcberwiegen, weil sie es richtig, richtig gut gemacht haben. Wie sie sich in jeden Ball hineingearbeitet und gefightet haben, das war schon aller Ehren wert!\n<\/p>\n<p>Die erste Halbzeit war so, wie wir es uns ausgemalt hatten. Wir wollten fr\u00fch pressen und Bayern permanent stressen. Dass du das nicht 90 Minuten schaffst, wussten wir auch davor. In der zweiten Halbzeit war\u2019s so, dass wir die Umschaltsituationen nicht so zielstrebig zu Ende gebracht haben.\n<\/p>\n<p>Was die Burschen geleistet haben, da brauchen sie den einen oder anderen Tag zur Erholung. Ein gro\u00dfes Kompliment f\u00fcr die Arbeitsmoral. Wir gehen mit der gleichen Idee nach M\u00fcnchen und schauen dann, was rauskommt.\n<\/p>\n<p><b>Andreas Ulmer:<\/b>  Es war ein intensives Spiel, genauso, wie wir es erwartet haben. Im Moment f\u00fchlt es sich nicht so gut an, aber wenn man es dann mit ein bisschen Abstand betrachtet, k\u00f6nnen wir schon stolz sein. Heute hat es schon beim Rausgehen zum Aufw\u00e4rmen einfach Spa\u00df gemacht, mit den vielen Leuten im Stadion. Es ist nichts unm\u00f6glich, aber es muss im R\u00fcckspiel schon sehr viel zusammenpassen. Man hat gesehen, wie gut die Bayern sind, und in M\u00fcnchen wird es sicher nicht leichter f\u00fcr uns.\n<\/p>\n<p><b>Philipp K\u00f6hn:<\/b> Diesen Abend werde ich nicht so schnell vergessen, es ist aber nat\u00fcrlich schade, dass wir das 1:0 nicht \u00fcber die Runden bekommen haben. Insgesamt glaube ich aber, dass wir mit dem Ergebnis sehr gut leben k\u00f6nnen. Wir haben versucht, \u00fcber 90 Minuten hinweg alles reinzuwerfen. Im R\u00fcckspiel ist jetzt alles offen.\n<\/p>\n<p><b>Junior Adamu:<\/b>  Es war genauso, wie ich es mir ertr\u00e4umt habe. Also wirklich, genau von diesem Moment habe ich gestern noch getr\u00e4umt. Als das ganze Stadion meinen Namen gerufen hat, habe ich G\u00e4nsehaut bekommen, das war Wahnsinn! Nur leider hat es dann nicht zum Sieg gereicht. Aber es ist noch nicht vorbei. Es gibt f\u00fcr uns viel zu lernen, und wir k\u00f6nnen es noch schaffen. Wir gehen genau wie heute ins R\u00fcckspiel, immer mit Vollgas rein. Wir haben hier einfach eine geile Mannschaft!\n<\/p>\n<p><b>Nicolas Capaldo:<\/b> Es war ein gro\u00dfartiger Kampf. Die erste H\u00e4lfte von uns war stark, die zweiten 45 Minuten waren dann etwas schwieriger, und die Bayern hatten einige Chancen. Mit dem Gegentreffer in der letzten Minute f\u00fchlt es sich ein wenig wie eine Niederlage an. Ich finde aber, dass wir einen tollen Job gemacht haben. Wir sind ein starkes Team, und ich habe das Gef\u00fchl, dass wir im R\u00fcckspiel eine gute Chance haben werden.\n<\/p>\n<\/div>\n","protected":false},"excerpt":{"rendered":"<p>FC Salzburg gegen FC Bayern M\u00fcnchen, 1:1 Spieltag Championsleague Achtelfinale Hinspiel Datum 16. Februar 2022 Anpfiff 21 Uhr Aufstellung Tor Philipp K\u00f6hn Verteidigung Andreas Ulmer &#8211; Maximilian W\u00f6ber &#8211; Oumar Solet &#8211; Rasmus Kristensen Mittelfeld Mohamed Camara &#8211; Nicolas Seiwald &#8211; Brenden Aaronson &#8211; Nicolas Capaldo Sturm Karim Adeyemi &#8211; Noah Okafor Wechsel Wechsel Junior [&hellip;]<\/p>\n","protected":false},"author":1,"featured_media":0,"comment_status":"open","ping_status":"open","sticky":false,"template":"","format":"standard","meta":{"footnotes":""},"categories":[2321],"tags":[],"class_list":["post-4302","post","type-post","status-publish","format-standard","hentry","category-fc-salzburg-gegen-fc-bayern-muenchen-cl-2021"],"_links":{"self":[{"href":"https:\/\/wiki.s12.at\/index.php\/wp-json\/wp\/v2\/posts\/4302","targetHints":{"allow":["GET"]}}],"collection":[{"href":"https:\/\/wiki.s12.at\/index.php\/wp-json\/wp\/v2\/posts"}],"about":[{"href":"https:\/\/wiki.s12.at\/index.php\/wp-json\/wp\/v2\/types\/post"}],"author":[{"embeddable":true,"href":"https:\/\/wiki.s12.at\/index.php\/wp-json\/wp\/v2\/users\/1"}],"replies":[{"embeddable":true,"href":"https:\/\/wiki.s12.at\/index.php\/wp-json\/wp\/v2\/comments?post=4302"}],"version-history":[{"count":0,"href":"https:\/\/wiki.s12.at\/index.php\/wp-json\/wp\/v2\/posts\/4302\/revisions"}],"wp:attachment":[{"href":"https:\/\/wiki.s12.at\/index.php\/wp-json\/wp\/v2\/media?parent=4302"}],"wp:term":[{"taxonomy":"category","embeddable":true,"href":"https:\/\/wiki.s12.at\/index.php\/wp-json\/wp\/v2\/categories?post=4302"},{"taxonomy":"post_tag","embeddable":true,"href":"https:\/\/wiki.s12.at\/index.php\/wp-json\/wp\/v2\/tags?post=4302"}],"curies":[{"name":"wp","href":"https:\/\/api.w.org\/{rel}","templated":true}]}}