{"id":4202,"date":"2026-05-06T15:33:59","date_gmt":"2026-05-06T13:33:59","guid":{"rendered":"https:\/\/wiki.s12.at\/index.php\/2026\/05\/06\/fc-red-bull-salzburg-gegen-sk-rapid-wien-cup-2020-21\/"},"modified":"2026-05-06T15:33:59","modified_gmt":"2026-05-06T13:33:59","slug":"fc-red-bull-salzburg-gegen-sk-rapid-wien-cup-2020-21","status":"publish","type":"post","link":"https:\/\/wiki.s12.at\/index.php\/2026\/05\/06\/fc-red-bull-salzburg-gegen-sk-rapid-wien-cup-2020-21\/","title":{"rendered":"21)"},"content":{"rendered":"<div class=\"mw-parser-output\">\n<h2><span class=\"mw-headline\" id=\"Fakten\">Fakten<\/span><a href=\"\/index.php?title=FC_Red_Bull_Salzburg_gegen_SK_Rapid_Wien_(Cup_2020\/21)&amp;action=edit&amp;section=1\" title=\"Abschnitt bearbeiten: Fakten\">Bearbeiten<\/a><span class=\"mw-editsection-bracket\">]<\/span><\/span><\/h2>\n<table class=\"toptextcells toccolours\">\n<tbody>\n<tr>\n<th colspan=\"2\" style=\"text-align: center; vertical-align: top; padding: 0.3em 0.8em; font-size: 125%; background-color: lightsteelblue;\">FC Red Bull Salzburg gegen SK Rapid Wien, 6:2\n<\/th>\n<\/tr>\n<tr>\n<th style=\"text-align:left;\"><b>Spieltag<\/b>\n<\/th>\n<th style=\"text-align:left;\">\u00d6FB-Cup-3. Runde\n<\/th>\n<\/tr>\n<tr>\n<th style=\"text-align:left;\"><b>Datum<\/b>\n<\/th>\n<th style=\"text-align:left;\">16. Dezember 2020\n<\/th>\n<\/tr>\n<tr>\n<th style=\"text-align:left;\"><b>Anpfiff<\/b>\n<\/th>\n<th style=\"text-align:left;\">20.30\n<\/th>\n<\/tr>\n<tr>\n<td colspan=\"2\" style=\"text-align:center;\" bgcolor=\"lightgray\"><b>Aufstellung<\/b>\n<\/td>\n<\/tr>\n<tr>\n<th style=\"text-align:left;\"><b>Tor<\/b>\n<\/th>\n<th><a href=\"\/Cican_Stankovic\" title=\"Cican Stankovic\">Cican Stankovic<\/a>\n<\/th>\n<\/tr>\n<tr>\n<th style=\"text-align:left;\"><b>Verteidigung<\/b>\n<\/th>\n<th><a href=\"\/Albert_Vallci\" title=\"Albert Vallci\">Albert Vallci<\/a> &#8211; <a href=\"\/Andre_Ramalho\" class=\"mw-redirect\" title=\"Andre Ramalho\">Andre Ramalho<\/a> &#8211; <a href=\"\/Maximilian_W%C3%B6ber\" title=\"Maximilian W\u00f6ber\">Maximilian W\u00f6ber<\/a> &#8211; <a href=\"\/Rasmus_Kristensen\" title=\"Rasmus Kristensen\">Rasmus Kristensen<\/a>\n<\/th>\n<\/tr>\n<tr>\n<th style=\"text-align:left;\"><b>Mittelfeld<\/b>\n<\/th>\n<th><a href=\"\/Zlatko_Junuzovic\" title=\"Zlatko Junuzovic\">Zlatko Junuzovic<\/a> &#8211; <a href=\"\/Mohamed_Camara\" title=\"Mohamed Camara\">Mohamed Camara<\/a>  &#8211; <a href=\"\/Enock_Mwepu\" title=\"Enock Mwepu\">Enock Mwepu<\/a> &#8211;  <a href=\"\/Dominik_Szoboszlai\" title=\"Dominik Szoboszlai\">Dominik Szoboszlai<\/a>\n<\/th>\n<\/tr>\n<tr>\n<th style=\"text-align:left;\"><b>Sturm<\/b>\n<\/th>\n<th><a href=\"\/Mergim_Berisha\" title=\"Mergim Berisha\">Mergim Berisha<\/a> &#8211; <a href=\"\/Sekou_Koita\" title=\"Sekou Koita\">Sekou Koita<\/a>\n<\/th>\n<\/tr>\n<tr>\n<td colspan=\"2\" style=\"text-align:center;\" bgcolor=\"lightgray\"><b>Wechsel<\/b>\n<\/td>\n<\/tr>\n<tr>\n<th style=\"text-align:left;\"><b>Wechsel<\/b>\n<\/th>\n<th style=\"text-align:left;\"><a href=\"\/Jerome_Onguene\" title=\"Jerome Onguene\">Jerome Onguene<\/a> f\u00fcr Junuzovic (70.), <a href=\"\/Patson_Daka\" title=\"Patson Daka\">Patson Daka<\/a> f\u00fcr Koita (70.),<br \/> <a href=\"\/Noah_Okafor\" title=\"Noah Okafor\">Noah Okafor<\/a> f\u00fcr Berisha (80.), <a href=\"\/Luka_Sucic\" title=\"Luka Sucic\">Luka Sucic<\/a> f\u00fcr Szoboszlai (80.), <a href=\"\/Karim_Adeyemi\" title=\"Karim Adeyemi\">Karim Adeyemi<\/a> f\u00fcr Ramalho (86.)\n<\/th>\n<\/tr>\n<tr>\n<td colspan=\"2\" style=\"text-align:center;\" bgcolor=\"lightgray\"><b>Statistik<\/b>\n<\/td>\n<\/tr>\n<tr>\n<th style=\"text-align:left;\"><b>Endstand<\/b>\n<\/th>\n<th style=\"text-align:left;\">6:2 (3:1)\n<\/th>\n<\/tr>\n<tr>\n<th style=\"text-align:left;\"><b>Torsch\u00fctzen<\/b>\n<\/th>\n<th style=\"text-align:left;\">Szoboszlai (16.), Berisha (19.), Koita (23.), Daka (74.), Camara (83., E.), Kristensen (88.); <br \/>Fountas (46., E.) Ullman (78.)\n<\/th>\n<\/tr>\n<tr>\n<th style=\"text-align:left;\"><b>Gelbe Karten<\/b>\n<\/th>\n<th style=\"text-align:left;\">W\u00f6ber (47.), Mwepu (71.);  Kara (37.), Knasm\u00fcller (42.), Hofmann (49.)\n<\/th>\n<\/tr>\n<tr>\n<th style=\"text-align:left;\"><b>Rote Karten<\/b>\n<\/th>\n<th style=\"text-align:left;\">gelb-rot:Hofmann (82.)\n<\/th>\n<\/tr>\n<tr>\n<th style=\"text-align:left;\"><b>Schiedsrichter<\/b>\n<\/th>\n<th style=\"text-align:left;\">Walter Altmann\n<\/th>\n<\/tr>\n<tr>\n<th style=\"text-align:left;\"><b>Stadion<\/b>\n<\/th>\n<th style=\"text-align:left;\">EM-Stadion Wals-Siezenheim\n<\/th>\n<\/tr>\n<tr>\n<th style=\"text-align:left;\"><b>Zuschauer<\/b>\n<\/th>\n<th style=\"text-align:left;\">0\n<\/th>\n<\/tr>\n<\/tbody>\n<\/table>\n<h2><span class=\"mw-headline\" id=\"Weblinks\">Weblinks<\/span><a href=\"\/index.php?title=FC_Red_Bull_Salzburg_gegen_SK_Rapid_Wien_(Cup_2020\/21)&amp;action=edit&amp;section=2\" title=\"Abschnitt bearbeiten: Weblinks\">Bearbeiten<\/a><span class=\"mw-editsection-bracket\">]<\/span><\/span><\/h2>\n<p><a rel=\"nofollow\" class=\"external text\" href=\"https:\/\/www.redbullsalzburg.at\/de\/fc-red-bull-salzburg\/news\/saison_2020_21\/halbes-dutzend-im-cup.html\">Spielbericht Vereinshomepage<\/a>\n<\/p>\n<h2><span class=\"mw-headline\" id=\"Stimmen_zum_Spiel\">Stimmen zum Spiel<\/span><a href=\"\/index.php?title=FC_Red_Bull_Salzburg_gegen_SK_Rapid_Wien_(Cup_2020\/21)&amp;action=edit&amp;section=3\" title=\"Abschnitt bearbeiten: Stimmen zum Spiel\">Bearbeiten<\/a><span class=\"mw-editsection-bracket\">]<\/span><\/span><\/h2>\n<p><b>Jesse Marsch:<\/b> Wir haben heute wieder die richtige Mentalit\u00e4t gezeigt. Vor allem haben wir unsere Chancen gen\u00fctzt, was uns fr\u00fch eine komfortable F\u00fchrung gebracht hat. Zwischenzeitlich haben wir ein bisschen nachgelassen, um am Ende wieder stark zur\u00fcckzukommen.\n<\/p>\n<p><b>Dietmar K\u00fchbauer:<\/b>  Neun Minuten haben in der ersten Halbzeit gereicht, dass uns Salzburg drei Tore geschossen hat. Da kann man nichts anderes behaupten, als dass die Salzburger heute sehr verdient aufgestiegen sind.\n<\/p>\n<\/div>\n","protected":false},"excerpt":{"rendered":"<p>FaktenBearbeiten] FC Red Bull Salzburg gegen SK Rapid Wien, 6:2 Spieltag \u00d6FB-Cup-3. Runde Datum 16. Dezember 2020 Anpfiff 20.30 Aufstellung Tor Cican Stankovic Verteidigung Albert Vallci &#8211; Andre Ramalho &#8211; Maximilian W\u00f6ber &#8211; Rasmus Kristensen Mittelfeld Zlatko Junuzovic &#8211; Mohamed Camara &#8211; Enock Mwepu &#8211; Dominik Szoboszlai Sturm Mergim Berisha &#8211; Sekou Koita Wechsel Wechsel [&hellip;]<\/p>\n","protected":false},"author":1,"featured_media":0,"comment_status":"open","ping_status":"open","sticky":false,"template":"","format":"standard","meta":{"footnotes":""},"categories":[2313],"tags":[],"class_list":["post-4202","post","type-post","status-publish","format-standard","hentry","category-fc-red-bull-salzburg-gegen-sk-rapid-wien-cup-2020"],"_links":{"self":[{"href":"https:\/\/wiki.s12.at\/index.php\/wp-json\/wp\/v2\/posts\/4202","targetHints":{"allow":["GET"]}}],"collection":[{"href":"https:\/\/wiki.s12.at\/index.php\/wp-json\/wp\/v2\/posts"}],"about":[{"href":"https:\/\/wiki.s12.at\/index.php\/wp-json\/wp\/v2\/types\/post"}],"author":[{"embeddable":true,"href":"https:\/\/wiki.s12.at\/index.php\/wp-json\/wp\/v2\/users\/1"}],"replies":[{"embeddable":true,"href":"https:\/\/wiki.s12.at\/index.php\/wp-json\/wp\/v2\/comments?post=4202"}],"version-history":[{"count":0,"href":"https:\/\/wiki.s12.at\/index.php\/wp-json\/wp\/v2\/posts\/4202\/revisions"}],"wp:attachment":[{"href":"https:\/\/wiki.s12.at\/index.php\/wp-json\/wp\/v2\/media?parent=4202"}],"wp:term":[{"taxonomy":"category","embeddable":true,"href":"https:\/\/wiki.s12.at\/index.php\/wp-json\/wp\/v2\/categories?post=4202"},{"taxonomy":"post_tag","embeddable":true,"href":"https:\/\/wiki.s12.at\/index.php\/wp-json\/wp\/v2\/tags?post=4202"}],"curies":[{"name":"wp","href":"https:\/\/api.w.org\/{rel}","templated":true}]}}