{"id":4102,"date":"2026-05-06T15:29:33","date_gmt":"2026-05-06T13:29:33","guid":{"rendered":"https:\/\/wiki.s12.at\/index.php\/2026\/05\/06\/fc-red-bull-salzburg-u20w-gegen-aka-steiermark-sturm-graz\/"},"modified":"2026-05-06T15:29:33","modified_gmt":"2026-05-06T13:29:33","slug":"fc-red-bull-salzburg-u20w-gegen-aka-steiermark-sturm-graz","status":"publish","type":"post","link":"https:\/\/wiki.s12.at\/index.php\/2026\/05\/06\/fc-red-bull-salzburg-u20w-gegen-aka-steiermark-sturm-graz\/","title":{"rendered":"Sturm Graz"},"content":{"rendered":"<div class=\"mw-parser-output\">\n<table class=\"toptextcells toccolours\">\n<tbody>\n<tr>\n<th colspan=\"2\" style=\"text-align: center; vertical-align: top; padding: 0.3em 0.8em; font-size: 125%; background-color: lightsteelblue;\">FC Red Bull Salzburg U20w gegen AKA Steiermark\/Sturm Graz, 1:1\n<\/th>\n<\/tr>\n<tr>\n<th style=\"text-align:left;\"><b>Spieltag<\/b>\n<\/th>\n<th style=\"text-align:left;\">Frauen &#8211; Future League, 6. Runde\n<\/th>\n<\/tr>\n<tr>\n<th style=\"text-align:left;\"><b>Datum<\/b>\n<\/th>\n<th style=\"text-align:left;\">21. September 2025\n<\/th>\n<\/tr>\n<tr>\n<th style=\"text-align:left;\"><b>Anpfiff<\/b>\n<\/th>\n<th style=\"text-align:left;\">14.15 Uhr\n<\/th>\n<\/tr>\n<tr>\n<td colspan=\"2\" style=\"text-align:center;\" bgcolor=\"lightgray\"><b>Aufstellung<\/b>\n<\/td>\n<\/tr>\n<tr>\n<th style=\"text-align:left;\"><b>Tor<\/b>\n<\/th>\n<th><a href=\"\/Marlene_La%C3%9Fl\" title=\"Marlene La\u00dfl\">Marlene La\u00dfl<\/a>\n<\/th>\n<\/tr>\n<tr>\n<th style=\"text-align:left;\"><b>Verteidigung<\/b>\n<\/th>\n<th><a href=\"\/Emma_Remich\" title=\"Emma Remich\">Emma Remich<\/a> &#8211;   <a href=\"\/Mia_Rose\" title=\"Mia Rose\">Mia Rose<\/a> &#8211;   <a href=\"\/Petra_Zengic\" title=\"Petra Zengic\">Petra Zengic<\/a> &#8211;  <a href=\"\/Neele_St%C3%B6hr\" title=\"Neele St\u00f6hr\">Neele St\u00f6hr<\/a>\n<\/th>\n<\/tr>\n<tr>\n<th style=\"text-align:left;\"><b>Mittelfeld<\/b>\n<\/th>\n<th><a href=\"\/Alina_Schuh\" title=\"Alina Schuh\">Alina Schuh<\/a> &#8211; <a href=\"\/Valentina_Lutz\" title=\"Valentina Lutz\">Valentina  Lutz<\/a> &#8211;  <a href=\"\/Lea_B%C3%B6hmer\" title=\"Lea B\u00f6hmer\">Lea B\u00f6hmer<\/a>\n<\/th>\n<\/tr>\n<tr>\n<th style=\"text-align:left;\"><b>Sturm<\/b>\n<\/th>\n<th><a href=\"\/Ida_Weber\" title=\"Ida Weber\">Ida Weber<\/a> &#8211; <a href=\"\/Annika_Huber\" title=\"Annika Huber\">Annika Huber<\/a> &#8211;  <a href=\"\/Valentina_Akrap\" title=\"Valentina Akrap\">Valentina Akrap<\/a>\n<\/th>\n<\/tr>\n<tr>\n<td colspan=\"2\" style=\"text-align:center;\" bgcolor=\"lightgray\"><b>Wechsel<\/b>\n<\/td>\n<\/tr>\n<tr>\n<th style=\"text-align:left;\"><b>Wechsel<\/b>\n<\/th>\n<th style=\"text-align:left;\"><a href=\"\/Carina_Leitner\" title=\"Carina Leitner\">Carina Leitner<\/a> f\u00fcr  Rose (41.), <a href=\"\/Iris_Hiebl\" title=\"Iris Hiebl\">Iris Hiebl<\/a> f\u00fcr Huber (46.), <a href=\"\/Tamaya_Baumann\" title=\"Tamaya Baumann\">Tamaya Baumann<\/a> f\u00fcr Lutz (46.),<br \/>  <a href=\"\/Helena_Milanovic\" title=\"Helena Milanovic\">Helena Milanovic<\/a> f\u00fcr Akrap (68.),    <a href=\"\/Nina_Fernsebner\" title=\"Nina Fernsebner\">Nina Fernsebner<\/a> f\u00fcr Hiebl (78.)\n<\/th>\n<\/tr>\n<tr>\n<td colspan=\"2\" style=\"text-align:center;\" bgcolor=\"lightgray\"><b>Statistik<\/b>\n<\/td>\n<\/tr>\n<tr>\n<th style=\"text-align:left;\"><b>Endstand<\/b>\n<\/th>\n<th style=\"text-align:left;\">1:1 (0:0)\n<\/th>\n<\/tr>\n<tr>\n<th style=\"text-align:left;\"><b>Torsch\u00fctzen<\/b>\n<\/th>\n<th style=\"text-align:left;\">B\u00f6hmer (46.); Forobosko (72.)\n<\/th>\n<\/tr>\n<tr>\n<th style=\"text-align:left;\"><b>Gelbe Karten<\/b>\n<\/th>\n<th style=\"text-align:left;\">Rose (40.)\n<\/th>\n<\/tr>\n<tr>\n<th style=\"text-align:left;\"><b>Rote Karten<\/b>\n<\/th>\n<th style=\"text-align:left;\">\n<\/th>\n<\/tr>\n<tr>\n<th style=\"text-align:left;\"><b>Schiedsrichter<\/b>\n<\/th>\n<th style=\"text-align:left;\">Sebastian Stadler\n<\/th>\n<\/tr>\n<tr>\n<th style=\"text-align:left;\"><b>Stadion<\/b>\n<\/th>\n<th style=\"text-align:left;\">Akademie Liefering, Salzburg\n<\/th>\n<\/tr>\n<tr>\n<th style=\"text-align:left;\"><b>Zuschauer<\/b>\n<\/th>\n<th style=\"text-align:left;\">50\n<\/th>\n<\/tr>\n<\/tbody>\n<\/table>\n<h2><span class=\"mw-headline\" id=\"Spielbericht\">Spielbericht<\/span><a href=\"\/index.php?title=FC_Red_Bull_Salzburg_U20w_gegen_AKA_Steiermark\/Sturm_Graz&amp;action=edit&amp;section=1\" title=\"Abschnitt bearbeiten: Spielbericht\">Bearbeiten<\/a><span class=\"mw-editsection-bracket\">]<\/span><\/span><\/h2>\n<p><a rel=\"nofollow\" class=\"external text\" href=\"https:\/\/www.oefb.at\/oefb\/Spiel\/Spielbericht\/3877778\/?FC-Red-Bull-Salzburg-U20w-vs-AKA-Steiermark-Sturm-Graz\">Spielbericht <\/a>\n<\/p>\n<\/div>\n","protected":false},"excerpt":{"rendered":"<p>FC Red Bull Salzburg U20w gegen AKA Steiermark\/Sturm Graz, 1:1 Spieltag Frauen &#8211; Future League, 6. Runde Datum 21. September 2025 Anpfiff 14.15 Uhr Aufstellung Tor Marlene La\u00dfl Verteidigung Emma Remich &#8211; Mia Rose &#8211; Petra Zengic &#8211; Neele St\u00f6hr Mittelfeld Alina Schuh &#8211; Valentina Lutz &#8211; Lea B\u00f6hmer Sturm Ida Weber &#8211; Annika Huber [&hellip;]<\/p>\n","protected":false},"author":1,"featured_media":0,"comment_status":"open","ping_status":"open","sticky":false,"template":"","format":"standard","meta":{"footnotes":""},"categories":[2303],"tags":[],"class_list":["post-4102","post","type-post","status-publish","format-standard","hentry","category-fc-red-bull-salzburg-u20w-gegen-aka-steiermark"],"_links":{"self":[{"href":"https:\/\/wiki.s12.at\/index.php\/wp-json\/wp\/v2\/posts\/4102","targetHints":{"allow":["GET"]}}],"collection":[{"href":"https:\/\/wiki.s12.at\/index.php\/wp-json\/wp\/v2\/posts"}],"about":[{"href":"https:\/\/wiki.s12.at\/index.php\/wp-json\/wp\/v2\/types\/post"}],"author":[{"embeddable":true,"href":"https:\/\/wiki.s12.at\/index.php\/wp-json\/wp\/v2\/users\/1"}],"replies":[{"embeddable":true,"href":"https:\/\/wiki.s12.at\/index.php\/wp-json\/wp\/v2\/comments?post=4102"}],"version-history":[{"count":0,"href":"https:\/\/wiki.s12.at\/index.php\/wp-json\/wp\/v2\/posts\/4102\/revisions"}],"wp:attachment":[{"href":"https:\/\/wiki.s12.at\/index.php\/wp-json\/wp\/v2\/media?parent=4102"}],"wp:term":[{"taxonomy":"category","embeddable":true,"href":"https:\/\/wiki.s12.at\/index.php\/wp-json\/wp\/v2\/categories?post=4102"},{"taxonomy":"post_tag","embeddable":true,"href":"https:\/\/wiki.s12.at\/index.php\/wp-json\/wp\/v2\/tags?post=4102"}],"curies":[{"name":"wp","href":"https:\/\/api.w.org\/{rel}","templated":true}]}}