{"id":391,"date":"2026-05-06T13:01:03","date_gmt":"2026-05-06T11:01:03","guid":{"rendered":"http:\/\/wiki.s12.at\/index.php\/2026\/05\/06\/13-runde-saison-2016-17-fc-red-bull-salzburg-gegen-sv-ried\/"},"modified":"2026-05-06T13:01:03","modified_gmt":"2026-05-06T11:01:03","slug":"13-runde-saison-2016-17-fc-red-bull-salzburg-gegen-sv-ried","status":"publish","type":"post","link":"https:\/\/wiki.s12.at\/index.php\/2026\/05\/06\/13-runde-saison-2016-17-fc-red-bull-salzburg-gegen-sv-ried\/","title":{"rendered":"17, FC Red Bull Salzburg gegen SV Ried"},"content":{"rendered":"<div class=\"mw-parser-output\">\n<h2><span class=\"mw-headline\" id=\"Fakten\">Fakten<\/span><a href=\"\/index.php?title=13.Runde,_Saison_2016\/17,_FC_Red_Bull_Salzburg_gegen_SV_Ried&amp;action=edit&amp;section=1\" title=\"Abschnitt bearbeiten: Fakten\">Bearbeiten<\/a><span class=\"mw-editsection-bracket\">]<\/span><\/span><\/h2>\n<table class=\"toptextcells toccolours\">\n<tbody>\n<tr>\n<th colspan=\"2\" style=\"text-align: center; vertical-align: top; padding: 0.3em 0.8em; font-size: 125%; background-color: lightsteelblue;\">FC Red Bull Salzburg gegen SV Ried, 1:0\n<\/th>\n<\/tr>\n<tr>\n<th style=\"text-align:left;\"><b>Spieltag<\/b>\n<\/th>\n<th style=\"text-align:left;\">Bundesliga &#8211; 13. Spieltag\n<\/th>\n<\/tr>\n<tr>\n<th style=\"text-align:left;\"><b>Datum<\/b>\n<\/th>\n<th style=\"text-align:left;\">29. Oktober 2016\n<\/th>\n<\/tr>\n<tr>\n<th style=\"text-align:left;\"><b>Anpfiff<\/b>\n<\/th>\n<th style=\"text-align:left;\">18.30 Uhr\n<\/th>\n<\/tr>\n<tr>\n<td colspan=\"2\" style=\"text-align:center;\" bgcolor=\"lightgray\"><b>Aufstellung<\/b>\n<\/td>\n<\/tr>\n<tr>\n<th style=\"text-align:left;\"><b>Tor<\/b>\n<\/th>\n<th><a href=\"\/Alexander_Walke\" title=\"Alexander Walke\">Alexander Walke<\/a>\n<\/th>\n<\/tr>\n<tr>\n<th style=\"text-align:left;\"><b>Verteidigung<\/b>\n<\/th>\n<th><a href=\"\/Stefan_Lainer\" title=\"Stefan Lainer\">Stefan Lainer<\/a> &#8211; <a href=\"\/Paulo_Miranda\" title=\"Paulo Miranda\">Paulo Miranda<\/a> &#8211; <a href=\"\/Dayot_Upamecano\" title=\"Dayot Upamecano\">Dayot Upamecano<\/a> &#8211; <a href=\"\/Andreas_Ulmer\" title=\"Andreas Ulmer\">Andreas Ulmer<\/a>\n<\/th>\n<\/tr>\n<tr>\n<th style=\"text-align:left;\"><b>Mittelfeld<\/b>\n<\/th>\n<th><a href=\"\/Diadie_Samassekou\" title=\"Diadie Samassekou\">Diadie Samassekou<\/a> &#8211; <a href=\"\/Konrad_Laimer\" title=\"Konrad Laimer\">Konrad Laimer<\/a> &#8211; <a href=\"\/Marc_Rzatkowski\" title=\"Marc Rzatkowski\">Marc Rzatkowski<\/a> &#8211; <a href=\"\/Valon_Berisha\" title=\"Valon Berisha\">Valon Berisha<\/a>\n<\/th>\n<\/tr>\n<tr>\n<th style=\"text-align:left;\"><b>Sturm<\/b>\n<\/th>\n<th><a href=\"\/Jonatan_Soriano\" title=\"Jonatan Soriano\">Jonatan Soriano<\/a> &#8211; <a href=\"\/Hee-Chan_Hwang\" title=\"Hee-Chan Hwang\">Hee-Chan Hwang<\/a>\n<\/th>\n<\/tr>\n<tr>\n<td colspan=\"2\" style=\"text-align:center;\" bgcolor=\"lightgray\"><b>Wechsel<\/b>\n<\/td>\n<\/tr>\n<tr>\n<th style=\"text-align:left;\"><b>Wechsel<\/b>\n<\/th>\n<th style=\"text-align:left;\"><a href=\"\/Xaver_Schlager\" title=\"Xaver Schlager\">Xaver Schlager<\/a> f\u00fcr Laimer (60.), <a href=\"\/Munas_Dabbur\" title=\"Munas Dabbur\">Munas Dabbur<\/a> f\u00fcr Hwang (70.), <a href=\"\/Valentino_Lazaro\" title=\"Valentino Lazaro\">Valentino Lazaro<\/a> f\u00fcr Rzatkowski (81.)\n<\/th>\n<\/tr>\n<tr>\n<td colspan=\"2\" style=\"text-align:center;\" bgcolor=\"lightgray\"><b>Statistik<\/b>\n<\/td>\n<\/tr>\n<tr>\n<th style=\"text-align:left;\"><b>Endstand<\/b>\n<\/th>\n<th style=\"text-align:left;\">1:0 (1:0)\n<\/th>\n<\/tr>\n<tr>\n<th style=\"text-align:left;\"><b>Torsch\u00fctzen<\/b>\n<\/th>\n<th style=\"text-align:left;\">Hwang (36.)\n<\/th>\n<\/tr>\n<tr>\n<th style=\"text-align:left;\"><b>Gelbe Karten<\/b>\n<\/th>\n<th style=\"text-align:left;\">Laimer (53.)&#160;; M\u00f6schl (52.)\n<\/th>\n<\/tr>\n<tr>\n<th style=\"text-align:left;\"><b>Rote Karten<\/b>\n<\/th>\n<th style=\"text-align:left;\">\n<\/th>\n<\/tr>\n<tr>\n<th style=\"text-align:left;\"><b>Schiedsrichter<\/b>\n<\/th>\n<th style=\"text-align:left;\">Harald Lechner\n<\/th>\n<\/tr>\n<tr>\n<th style=\"text-align:left;\"><b>Stadion<\/b>\n<\/th>\n<th style=\"text-align:left;\">EM-Stadion, Wals-Siezenheim\n<\/th>\n<\/tr>\n<tr>\n<th style=\"text-align:left;\"><b>Zuschauer<\/b>\n<\/th>\n<th style=\"text-align:left;\">6 628\n<\/th>\n<\/tr>\n<\/tbody>\n<\/table>\n<h2><span class=\"mw-headline\" id=\"Weblinks\">Weblinks<\/span><a href=\"\/index.php?title=13.Runde,_Saison_2016\/17,_FC_Red_Bull_Salzburg_gegen_SV_Ried&amp;action=edit&amp;section=2\" title=\"Abschnitt bearbeiten: Weblinks\">Bearbeiten<\/a><span class=\"mw-editsection-bracket\">]<\/span><\/span><\/h2>\n<p><a rel=\"nofollow\" class=\"external text\" href=\"http:\/\/www.redbullsalzburg.at\/de\/fc-red-bull-salzburg\/news\/saison_2016_17\/rote-bullen-verlaengern-heimspielserie-gegen-ried.html\">Spielbericht Vereinshomepage<\/a>\n<\/p>\n<p><a rel=\"nofollow\" class=\"external text\" href=\"https:\/\/www.salzburg12.at\/2016\/10\/hwang-goldtor-gegen-ried-wichtiger-dreier-fuer-salzburg\/\">Spielbericht Salzburg12.at<\/a>\n<\/p>\n<p>&lt;youtube&gt;nW5a3vH-Nqo&lt;\/youtube&gt;\n<\/p>\n<h2><span class=\"mw-headline\" id=\"Stimmen_zum_Spiel\">Stimmen zum Spiel<\/span><a href=\"\/index.php?title=13.Runde,_Saison_2016\/17,_FC_Red_Bull_Salzburg_gegen_SV_Ried&amp;action=edit&amp;section=3\" title=\"Abschnitt bearbeiten: Stimmen zum Spiel\">Bearbeiten<\/a><span class=\"mw-editsection-bracket\">]<\/span><\/span><\/h2>\n<p><b>Oscar Garcia:<\/b> Wir wussten, dass wir heute kein leichtes Spiel haben w\u00fcrden, da wir gegen ein Team spielen mussten, das uns nur sehr wenige R\u00e4ume l\u00e4sst. Trotzdem haben wir Geduld gehabt und dann auch das erste Tor erzielt. Danach haben wir uns ein offeneres Spiel erwartet, aber die Rieder wurden erst zum Schluss offensiver. Wir wollten das zweite Tor machen, denn uns war klar, dass bei einem 1:0 ein einziger Fehler entscheidend sein kann. Dies ist uns aber leider nicht gelungen, trotzdem bin ich mit der Leistung meiner Mannschaft heute zufrieden.\n<\/p>\n<\/div>\n","protected":false},"excerpt":{"rendered":"<p>FaktenBearbeiten] FC Red Bull Salzburg gegen SV Ried, 1:0 Spieltag Bundesliga &#8211; 13. Spieltag Datum 29. Oktober 2016 Anpfiff 18.30 Uhr Aufstellung Tor Alexander Walke Verteidigung Stefan Lainer &#8211; Paulo Miranda &#8211; Dayot Upamecano &#8211; Andreas Ulmer Mittelfeld Diadie Samassekou &#8211; Konrad Laimer &#8211; Marc Rzatkowski &#8211; Valon Berisha Sturm Jonatan Soriano &#8211; Hee-Chan Hwang [&hellip;]<\/p>\n","protected":false},"author":1,"featured_media":0,"comment_status":"open","ping_status":"open","sticky":false,"template":"","format":"standard","meta":{"footnotes":""},"categories":[286],"tags":[],"class_list":["post-391","post","type-post","status-publish","format-standard","hentry","category-13-runde-saison-2016"],"_links":{"self":[{"href":"https:\/\/wiki.s12.at\/index.php\/wp-json\/wp\/v2\/posts\/391","targetHints":{"allow":["GET"]}}],"collection":[{"href":"https:\/\/wiki.s12.at\/index.php\/wp-json\/wp\/v2\/posts"}],"about":[{"href":"https:\/\/wiki.s12.at\/index.php\/wp-json\/wp\/v2\/types\/post"}],"author":[{"embeddable":true,"href":"https:\/\/wiki.s12.at\/index.php\/wp-json\/wp\/v2\/users\/1"}],"replies":[{"embeddable":true,"href":"https:\/\/wiki.s12.at\/index.php\/wp-json\/wp\/v2\/comments?post=391"}],"version-history":[{"count":0,"href":"https:\/\/wiki.s12.at\/index.php\/wp-json\/wp\/v2\/posts\/391\/revisions"}],"wp:attachment":[{"href":"https:\/\/wiki.s12.at\/index.php\/wp-json\/wp\/v2\/media?parent=391"}],"wp:term":[{"taxonomy":"category","embeddable":true,"href":"https:\/\/wiki.s12.at\/index.php\/wp-json\/wp\/v2\/categories?post=391"},{"taxonomy":"post_tag","embeddable":true,"href":"https:\/\/wiki.s12.at\/index.php\/wp-json\/wp\/v2\/tags?post=391"}],"curies":[{"name":"wp","href":"https:\/\/api.w.org\/{rel}","templated":true}]}}