{"id":387,"date":"2026-05-06T13:01:00","date_gmt":"2026-05-06T11:01:00","guid":{"rendered":"http:\/\/wiki.s12.at\/index.php\/2026\/05\/06\/12-runde-2-division-saison-1987-88-vse-st-poelten-austria-salzburg\/"},"modified":"2026-05-06T13:01:00","modified_gmt":"2026-05-06T11:01:00","slug":"12-runde-2-division-saison-1987-88-vse-st-poelten-austria-salzburg","status":"publish","type":"post","link":"https:\/\/wiki.s12.at\/index.php\/2026\/05\/06\/12-runde-2-division-saison-1987-88-vse-st-poelten-austria-salzburg\/","title":{"rendered":"88, VSE St. P\u00f6lten &#8211; Austria Salzburg"},"content":{"rendered":"<div class=\"mw-parser-output\">\n<h3><span class=\"mw-headline\" id=\"Fakten\">Fakten<\/span><a href=\"\/index.php?title=12._Runde_,_2._Division_Saison_1987\/88,_VSE_St._P%C3%B6lten_-_Austria_Salzburg&amp;action=edit&amp;section=1\" title=\"Abschnitt bearbeiten: Fakten\">Bearbeiten<\/a><span class=\"mw-editsection-bracket\">]<\/span><\/span><\/h3>\n<p><b>2. Division, Grunddurchgang, Saison 1987\/88, 11. Runde: 19. September 1987, 15.30 Uhr<\/b><br \/>\n\n<\/p>\n<table class=\"wikitable\">\n<caption><b><big> VSE St. P\u00f6lten gegen SV Austria Salzburg,2:1<\/big><\/b><br \/>\n<\/caption>\n<tbody>\n<tr>\n<td>Aufstellung:<\/td>\n<td><a href=\"\/Marinko_Koljanin\" title=\"Marinko Koljanin\">Marinko Koljanin<\/a>; <a href=\"\/Stefan_Stryjskyj\" title=\"Stefan Stryjskyj\">Stefan Stryjskyj<\/a>, <a href=\"\/Karl_Hodits\" title=\"Karl Hodits\">Karl Hodits<\/a>, <a href=\"\/Martin_%C3%96llerer_II\" class=\"mw-redirect\" title=\"Martin \u00d6llerer II\">Martin \u00d6llerer II<\/a>, <a href=\"\/Christian_F%C3%BCrstaller\" title=\"Christian F\u00fcrstaller\">Christian F\u00fcrstaller<\/a>; <a href=\"\/Wolfgang_Feiersinger\" title=\"Wolfgang Feiersinger\">Wolfgang Feiersinger<\/a>, <a href=\"\/Christian_Helminger\" title=\"Christian Helminger\">Christian Helminger<\/a>, <br \/><a href=\"\/Walter_Koch\" title=\"Walter Koch\">Walter Koch<\/a>, <a href=\"\/Efrem_Mocinic\" title=\"Efrem Mocinic\">Efrem Mocinic<\/a> (30. <a href=\"\/Heimo_Pfeifenberger\" title=\"Heimo Pfeifenberger\">Heimo Pfeifenberger<\/a>); <a href=\"\/Anton_Schn%C3%B6ll\" title=\"Anton Schn\u00f6ll\">Anton Schn\u00f6ll<\/a> (60. <a href=\"\/Gernot_Teufl\" title=\"Gernot Teufl\">Gernot Teufl<\/a>), <a href=\"\/Hermann_Stadler\" title=\"Hermann Stadler\">Hermann Stadler<\/a>\n<\/td>\n<\/tr>\n<tr>\n<td>Endstand:<\/td>\n<td>2:1 (2:0)\n<\/td>\n<\/tr>\n<tr>\n<td>Torsch\u00fctzen:<\/td>\n<td>Ferreti (8., E., 24.); Hodits (77.)\n<\/td>\n<\/tr>\n<tr>\n<td>Gelbe Karten:<\/td>\n<td>Wusta; Koljanin, Helminger, Feiersinger\n<\/td>\n<\/tr>\n<tr>\n<td>Gelb-rote Karten:<\/td>\n<td>\n<\/td>\n<\/tr>\n<tr>\n<td>Rote Karten:<\/td>\n<td>\n<\/td>\n<\/tr>\n<tr>\n<td>Schiedsrichter:<\/td>\n<td>Alfred Wieser\n<\/td>\n<\/tr>\n<tr>\n<td>Stadion:<\/td>\n<td>VOITH-Platz, St. P\u00f6lten\n<\/td>\n<\/tr>\n<tr>\n<td>Zuschauer:<\/td>\n<td>2 000\n<\/td>\n<\/tr>\n<\/tbody>\n<\/table>\n<\/div>\n","protected":false},"excerpt":{"rendered":"<p>FaktenBearbeiten] 2. Division, Grunddurchgang, Saison 1987\/88, 11. Runde: 19. September 1987, 15.30 Uhr VSE St. P\u00f6lten gegen SV Austria Salzburg,2:1 Aufstellung: Marinko Koljanin; Stefan Stryjskyj, Karl Hodits, Martin \u00d6llerer II, Christian F\u00fcrstaller; Wolfgang Feiersinger, Christian Helminger, Walter Koch, Efrem Mocinic (30. Heimo Pfeifenberger); Anton Schn\u00f6ll (60. Gernot Teufl), Hermann Stadler Endstand: 2:1 (2:0) Torsch\u00fctzen: Ferreti [&hellip;]<\/p>\n","protected":false},"author":1,"featured_media":0,"comment_status":"open","ping_status":"open","sticky":false,"template":"","format":"standard","meta":{"footnotes":""},"categories":[282],"tags":[],"class_list":["post-387","post","type-post","status-publish","format-standard","hentry","category-12-runde-2-division-saison-1987"],"_links":{"self":[{"href":"https:\/\/wiki.s12.at\/index.php\/wp-json\/wp\/v2\/posts\/387","targetHints":{"allow":["GET"]}}],"collection":[{"href":"https:\/\/wiki.s12.at\/index.php\/wp-json\/wp\/v2\/posts"}],"about":[{"href":"https:\/\/wiki.s12.at\/index.php\/wp-json\/wp\/v2\/types\/post"}],"author":[{"embeddable":true,"href":"https:\/\/wiki.s12.at\/index.php\/wp-json\/wp\/v2\/users\/1"}],"replies":[{"embeddable":true,"href":"https:\/\/wiki.s12.at\/index.php\/wp-json\/wp\/v2\/comments?post=387"}],"version-history":[{"count":0,"href":"https:\/\/wiki.s12.at\/index.php\/wp-json\/wp\/v2\/posts\/387\/revisions"}],"wp:attachment":[{"href":"https:\/\/wiki.s12.at\/index.php\/wp-json\/wp\/v2\/media?parent=387"}],"wp:term":[{"taxonomy":"category","embeddable":true,"href":"https:\/\/wiki.s12.at\/index.php\/wp-json\/wp\/v2\/categories?post=387"},{"taxonomy":"post_tag","embeddable":true,"href":"https:\/\/wiki.s12.at\/index.php\/wp-json\/wp\/v2\/tags?post=387"}],"curies":[{"name":"wp","href":"https:\/\/api.w.org\/{rel}","templated":true}]}}