{"id":380,"date":"2026-05-06T13:00:54","date_gmt":"2026-05-06T11:00:54","guid":{"rendered":"http:\/\/wiki.s12.at\/index.php\/2026\/05\/06\/12-runde-saison-2024-25-ask-voitsberg-gegen-fc-liefering\/"},"modified":"2026-05-06T13:00:54","modified_gmt":"2026-05-06T11:00:54","slug":"12-runde-saison-2024-25-ask-voitsberg-gegen-fc-liefering","status":"publish","type":"post","link":"https:\/\/wiki.s12.at\/index.php\/2026\/05\/06\/12-runde-saison-2024-25-ask-voitsberg-gegen-fc-liefering\/","title":{"rendered":"25, ASK Voitsberg gegen FC Liefering"},"content":{"rendered":"<div class=\"mw-parser-output\">\n<table class=\"toptextcells toccolours\">\n<tbody>\n<tr>\n<th colspan=\"2\" style=\"text-align: center; vertical-align: top; padding: 0.3em 0.8em; font-size: 125%; background-color: lightsteelblue;\">ASK Voitsberg gegen FC Liefering, 0:1\n<\/th>\n<\/tr>\n<tr>\n<th style=\"text-align:left;\"><b>Spieltag<\/b>\n<\/th>\n<th style=\"text-align:left;\">2. Liga &#8211; 12. Runde\n<\/th>\n<\/tr>\n<tr>\n<th style=\"text-align:left;\"><b>Datum<\/b>\n<\/th>\n<th style=\"text-align:left;\">2. November 2024\n<\/th>\n<\/tr>\n<tr>\n<th style=\"text-align:left;\"><b>Anpfiff<\/b>\n<\/th>\n<th style=\"text-align:left;\">14:30 Uhr\n<\/th>\n<\/tr>\n<tr>\n<td colspan=\"2\" style=\"text-align:center;\" bgcolor=\"lightgray\"><b>Aufstellung<\/b>\n<\/td>\n<\/tr>\n<tr>\n<th style=\"text-align:left;\"><b>Tor<\/b>\n<\/th>\n<th><a href=\"\/Salko_Hamzic\" title=\"Salko Hamzic\">Salko Hamzic<\/a>\n<\/th>\n<\/tr>\n<tr>\n<th style=\"text-align:left;\"><b>Verteidigung<\/b>\n<\/th>\n<th>&#8211; <a href=\"\/Kristjan_Bendra\" title=\"Kristjan Bendra\">Kristjan Bendra<\/a> &#8211; <a href=\"\/Jannik_Schuster\" title=\"Jannik Schuster\">Jannik Schuster<\/a>  &#8211; <a href=\"\/John_Mellberg\" title=\"John Mellberg\">John Mellberg<\/a> &#8211; <a href=\"\/Raphael_Hofer\" title=\"Raphael Hofer\">Raphael Hofer<\/a>\n<\/th>\n<\/tr>\n<tr>\n<th style=\"text-align:left;\"><b>Mittelfeld<\/b>\n<\/th>\n<th><a href=\"\/Zeteny_Jano\" title=\"Zeteny Jano\">Zeteny Jano<\/a>&#8211; <a href=\"\/Tim_Paumgartner\" title=\"Tim Paumgartner\">Tim Paumgartner <\/a> &#8211;   <a href=\"\/Tolgahan_Sahin\" title=\"Tolgahan Sahin\">Tolgahan Sahin<\/a> &#8211;   <a href=\"\/Oliver_Lukic\" title=\"Oliver Lukic\">Oliver Lukic<\/a>\n<\/th>\n<\/tr>\n<tr>\n<th style=\"text-align:left;\"><b>Sturm<\/b>\n<\/th>\n<th><a href=\"\/Oghenetejiri_Adejenughure\" title=\"Oghenetejiri Adejenughure\">Oghenetejiri Adejenughure<\/a> &#8211; <a href=\"\/Luka_Reischl\" title=\"Luka Reischl\">Luka Reischl<\/a>\n<\/th>\n<\/tr>\n<tr>\n<td colspan=\"2\" style=\"text-align:center;\" bgcolor=\"lightgray\"><b>Wechsel<\/b>\n<\/td>\n<\/tr>\n<tr>\n<th style=\"text-align:left;\"><b>Wechsel<\/b>\n<\/th>\n<th style=\"text-align:left;\"><a href=\"\/Marcel_Moswitzer\" title=\"Marcel Moswitzer\">Marcel Moswitzer<\/a> f\u00fcr Sahin (75.), <a href=\"\/Tim_Trummer\" title=\"Tim Trummer\">Tim Trummer<\/a> f\u00fcr Bendra (75.), <br \/><a href=\"\/Enrique_Aguilar\" title=\"Enrique Aguilar\">Enrique Aguilar<\/a> f\u00fcr Jano (87.),  <a href=\"\/Valentin_Zabransky\" title=\"Valentin Zabransky\">Valentin Zabransky<\/a> f\u00fcr Jano (93.)\n<\/th>\n<\/tr>\n<tr>\n<td colspan=\"2\" style=\"text-align:center;\" bgcolor=\"lightgray\"><b>Statistik<\/b>\n<\/td>\n<\/tr>\n<tr>\n<th style=\"text-align:left;\"><b>Endstand<\/b>\n<\/th>\n<th style=\"text-align:left;\">0:1 (0:1)\n<\/th>\n<\/tr>\n<tr>\n<th style=\"text-align:left;\"><b>Torsch\u00fctzen<\/b>\n<\/th>\n<th style=\"text-align:left;\">Reischl (38.)\n<\/th>\n<\/tr>\n<tr>\n<th style=\"text-align:left;\"><b>Gelbe Karten<\/b>\n<\/th>\n<th style=\"text-align:left;\">Halwachs(39.), Salentinig (41.),  Seidl (87.),  Scheucher (94.); <br \/>Adejenughure (44.), Jano (68.), Lukic (77.), Paumgartner (85.)\n<\/th>\n<\/tr>\n<tr>\n<th style=\"text-align:left;\"><b>Rote Karten<\/b>\n<\/th>\n<th style=\"text-align:left;\">\n<\/th>\n<\/tr>\n<tr>\n<th style=\"text-align:left;\"><b>Schiedsrichter<\/b>\n<\/th>\n<th style=\"text-align:left;\">Florian Leitner\n<\/th>\n<\/tr>\n<tr>\n<th style=\"text-align:left;\"><b>Stadion<\/b>\n<\/th>\n<th style=\"text-align:left;\">Sportpark,  Voitsberg\n<\/th>\n<\/tr>\n<tr>\n<th style=\"text-align:left;\"><b>Zuschauer<\/b>\n<\/th>\n<th style=\"text-align:left;\">850\n<\/th>\n<\/tr>\n<\/tbody>\n<\/table>\n<p><a href=\"\/Luka_Reischl\" title=\"Luka Reischl\">Luka Reischl<\/a> bestritt sein 100. Spiel f\u00fcr den FC Liefering.\n<\/p>\n<h2><span class=\"mw-headline\" id=\"Spielbericht\">Spielbericht<\/span><a href=\"\/index.php?title=12._Runde,_Saison_2024\/25,_ASK_Voitsberg_gegen_FC_Liefering&amp;action=edit&amp;section=1\" title=\"Abschnitt bearbeiten: Spielbericht\">Bearbeiten<\/a><span class=\"mw-editsection-bracket\">]<\/span><\/span><\/h2>\n<p><a rel=\"nofollow\" class=\"external text\" href=\"https:\/\/www.fc-liefering.at\/de\/fc-liefering\/news\/saison_2024_25\/ligaspiel-voitsberg-runde-12.html\">Spielbericht Vereinshomepage<\/a>\n<\/p>\n<h2><span class=\"mw-headline\" id=\"Stimmen_zum_Spiel\">Stimmen zum Spiel<\/span><a href=\"\/index.php?title=12._Runde,_Saison_2024\/25,_ASK_Voitsberg_gegen_FC_Liefering&amp;action=edit&amp;section=2\" title=\"Abschnitt bearbeiten: Stimmen zum Spiel\">Bearbeiten<\/a><span class=\"mw-editsection-bracket\">]<\/span><\/span><\/h2>\n<p><b>Daniel Beichler:<\/b> Es war heute ein klassisches Zweitligaspiel. Im ersten Durchgang war ich unzufrieden mit unserer Qualit\u00e4t in den Zweik\u00e4mpfen, wir haben zu viele Fifty-fifty-Duelle nicht f\u00fcr uns entschieden. Das war in der zweiten Halbzeit etwas ganz anderes! Wir haben noch einen Elfmeter verschossen und zwei, drei weitere Topchancen gehabt, um das Spiel in eine klare Richtung zu lenken. Dann haben wir den Gegner durch Leichtsinnigkeiten im Aufbau zur\u00fcckgeholt. Aber wie erwachsen sich die Burschen pr\u00e4sentiert haben, hat mir gut gefallen \u2013 sie haben sich innerhalb des Spiels gesteigert. Dementsprechend ist der Sieg absolut verdient, er h\u00e4tte aber deutlicher sein k\u00f6nnen, wenn wir diese Klarheit von Beginn an gehabt h\u00e4tten.\n<\/p>\n<\/div>\n","protected":false},"excerpt":{"rendered":"<p>ASK Voitsberg gegen FC Liefering, 0:1 Spieltag 2. Liga &#8211; 12. Runde Datum 2. November 2024 Anpfiff 14:30 Uhr Aufstellung Tor Salko Hamzic Verteidigung &#8211; Kristjan Bendra &#8211; Jannik Schuster &#8211; John Mellberg &#8211; Raphael Hofer Mittelfeld Zeteny Jano&#8211; Tim Paumgartner &#8211; Tolgahan Sahin &#8211; Oliver Lukic Sturm Oghenetejiri Adejenughure &#8211; Luka Reischl Wechsel Wechsel [&hellip;]<\/p>\n","protected":false},"author":1,"featured_media":0,"comment_status":"open","ping_status":"open","sticky":false,"template":"","format":"standard","meta":{"footnotes":""},"categories":[215],"tags":[],"class_list":["post-380","post","type-post","status-publish","format-standard","hentry","category-12-runde-saison-2024"],"_links":{"self":[{"href":"https:\/\/wiki.s12.at\/index.php\/wp-json\/wp\/v2\/posts\/380","targetHints":{"allow":["GET"]}}],"collection":[{"href":"https:\/\/wiki.s12.at\/index.php\/wp-json\/wp\/v2\/posts"}],"about":[{"href":"https:\/\/wiki.s12.at\/index.php\/wp-json\/wp\/v2\/types\/post"}],"author":[{"embeddable":true,"href":"https:\/\/wiki.s12.at\/index.php\/wp-json\/wp\/v2\/users\/1"}],"replies":[{"embeddable":true,"href":"https:\/\/wiki.s12.at\/index.php\/wp-json\/wp\/v2\/comments?post=380"}],"version-history":[{"count":0,"href":"https:\/\/wiki.s12.at\/index.php\/wp-json\/wp\/v2\/posts\/380\/revisions"}],"wp:attachment":[{"href":"https:\/\/wiki.s12.at\/index.php\/wp-json\/wp\/v2\/media?parent=380"}],"wp:term":[{"taxonomy":"category","embeddable":true,"href":"https:\/\/wiki.s12.at\/index.php\/wp-json\/wp\/v2\/categories?post=380"},{"taxonomy":"post_tag","embeddable":true,"href":"https:\/\/wiki.s12.at\/index.php\/wp-json\/wp\/v2\/tags?post=380"}],"curies":[{"name":"wp","href":"https:\/\/api.w.org\/{rel}","templated":true}]}}