{"id":379,"date":"2026-05-06T13:00:53","date_gmt":"2026-05-06T11:00:53","guid":{"rendered":"http:\/\/wiki.s12.at\/index.php\/2026\/05\/06\/12-runde-saison-2023-24-fc-red-bull-salzburg-gegen-scr-altach\/"},"modified":"2026-05-06T13:00:53","modified_gmt":"2026-05-06T11:00:53","slug":"12-runde-saison-2023-24-fc-red-bull-salzburg-gegen-scr-altach","status":"publish","type":"post","link":"https:\/\/wiki.s12.at\/index.php\/2026\/05\/06\/12-runde-saison-2023-24-fc-red-bull-salzburg-gegen-scr-altach\/","title":{"rendered":"24, FC Red Bull Salzburg gegen SCR Altach"},"content":{"rendered":"<div class=\"mw-parser-output\">\n<table class=\"toptextcells toccolours\">\n<tbody>\n<tr>\n<th colspan=\"2\" style=\"text-align: center; vertical-align: top; padding: 0.3em 0.8em; font-size: 125%; background-color: lightsteelblue;\">FC Red Bull Salzburg gegen SCR Altach, 3:0\n<\/th>\n<\/tr>\n<tr>\n<th style=\"text-align:left;\"><b>Spieltag<\/b>\n<\/th>\n<th style=\"text-align:left;\">Bundesliga-12.Runde\n<\/th>\n<\/tr>\n<tr>\n<th style=\"text-align:left;\"><b>Datum<\/b>\n<\/th>\n<th style=\"text-align:left;\">28. Oktober 2023\n<\/th>\n<\/tr>\n<tr>\n<th style=\"text-align:left;\"><b>Anpfiff<\/b>\n<\/th>\n<th style=\"text-align:left;\">17 Uhr\n<\/th>\n<\/tr>\n<tr>\n<td colspan=\"2\" style=\"text-align:center;\" bgcolor=\"lightgray\"><b>Aufstellung<\/b>\n<\/td>\n<\/tr>\n<tr>\n<th style=\"text-align:left;\"><b>Tor<\/b>\n<\/th>\n<th><a href=\"\/Alexander_Schlager\" title=\"Alexander Schlager\">Alexander Schlager<\/a>\n<\/th>\n<\/tr>\n<tr>\n<th style=\"text-align:left;\"><b>Verteidigung<\/b>\n<\/th>\n<th><a href=\"\/Amar_Dedic\" title=\"Amar Dedic\">Amar Dedic<\/a>  &#8211; <a href=\"\/Samson_Baidoo\" title=\"Samson Baidoo\">Samson Baidoo<\/a>  &#8211;<a href=\"\/Strahinja_Pavlovic\" title=\"Strahinja Pavlovic\">Strahinja Pavlovic<\/a>  &#8211;  <a href=\"\/Andreas_Ulmer\" title=\"Andreas Ulmer\">Andreas Ulmer<\/a>\n<\/th>\n<\/tr>\n<tr>\n<th style=\"text-align:left;\"><b>Mittelfeld<\/b>\n<\/th>\n<th><a href=\"\/Maurits_Kjaergaard\" title=\"Maurits Kjaergaard\">Maurits Kjaergaard<\/a>  &#8211; <a href=\"\/Luka_Sucic\" title=\"Luka Sucic\">Luka Sucic<\/a>  &#8211;  <a href=\"\/Mads_Bidstrup\" title=\"Mads Bidstrup\">Mads Bidstrup<\/a>&#8211; <a href=\"\/Oscar_Gloukh\" title=\"Oscar Gloukh\">Oscar Gloukh<\/a>\n<\/th>\n<\/tr>\n<tr>\n<th style=\"text-align:left;\"><b>Sturm<\/b>\n<\/th>\n<th><a href=\"\/Roko_Simic\" title=\"Roko Simic\">Roko Simic<\/a> &#8211; <a href=\"\/Karim_Konate\" title=\"Karim Konate\">Karim Konate<\/a>\n<\/th>\n<\/tr>\n<tr>\n<td colspan=\"2\" style=\"text-align:center;\" bgcolor=\"lightgray\"><b>Wechsel<\/b>\n<\/td>\n<\/tr>\n<tr>\n<th style=\"text-align:left;\"><b>Wechsel<\/b>\n<\/th>\n<th style=\"text-align:left;\"><a href=\"\/Petar_Ratkov\" title=\"Petar Ratkov\">Petar Ratkov<\/a> f\u00fcr Simic (62.), <a href=\"\/Nicolas_Capaldo\" title=\"Nicolas Capaldo\">Nicolas  Capaldo<\/a> f\u00fcr Dedic (62.), <a href=\"\/Daouda_Guindo\" title=\"Daouda Guindo\">Daouda Guindo<\/a> f\u00fcr Ulmer (71.), <br \/><a href=\"\/Amankwah_Forson\" title=\"Amankwah Forson\">Amankwah Forson<\/a> f\u00fcr Kjaergaard (71.)\n<\/th>\n<\/tr>\n<tr>\n<td colspan=\"2\" style=\"text-align:center;\" bgcolor=\"lightgray\"><b>Statistik<\/b>\n<\/td>\n<\/tr>\n<tr>\n<th style=\"text-align:left;\"><b>Endstand<\/b>\n<\/th>\n<th style=\"text-align:left;\">3:0 (1:0)\n<\/th>\n<\/tr>\n<tr>\n<th style=\"text-align:left;\"><b>Torsch\u00fctzen<\/b>\n<\/th>\n<th style=\"text-align:left;\">Dedic (43.), Kjaergaard (46.), Konate (59.)\n<\/th>\n<\/tr>\n<tr>\n<th style=\"text-align:left;\"><b>Gelbe Karten<\/b>\n<\/th>\n<th style=\"text-align:left;\">Guindo (84.), Bidstrup (90.+3);J\u00e4ger  (34.), Strauss (50.)\n<\/th>\n<\/tr>\n<tr>\n<th style=\"text-align:left;\"><b>Rote Karten<\/b>\n<\/th>\n<th style=\"text-align:left;\">\n<\/th>\n<\/tr>\n<tr>\n<th style=\"text-align:left;\"><b>Schiedsrichter<\/b>\n<\/th>\n<th style=\"text-align:left;\">Harald Lechner\n<\/th>\n<\/tr>\n<tr>\n<th style=\"text-align:left;\"><b>Stadion<\/b>\n<\/th>\n<th style=\"text-align:left;\">EM Stadion Wals-Siezenheim, Salzburg\n<\/th>\n<\/tr>\n<tr>\n<th style=\"text-align:left;\"><b>Zuschauer<\/b>\n<\/th>\n<th style=\"text-align:left;\">10 100\n<\/th>\n<\/tr>\n<\/tbody>\n<\/table>\n<h2><span class=\"mw-headline\" id=\"Spielbericht\">Spielbericht<\/span><a href=\"\/index.php?title=12._Runde,_Saison_2023\/24,_FC_Red_Bull_Salzburg_gegen_SCR_Altach&amp;action=edit&amp;section=1\" title=\"Abschnitt bearbeiten: Spielbericht\">Bearbeiten<\/a><span class=\"mw-editsection-bracket\">]<\/span><\/span><\/h2>\n<p><a rel=\"nofollow\" class=\"external text\" href=\"https:\/\/www.redbullsalzburg.at\/de\/2023-2024\/spielplan\/bundesliga-runde-12-fc-red-bull-salzburg-vs-cashpoint-scr-altach#spielbericht\">Spielbericht Vereinshomepage<\/a>\n<\/p>\n<h2><span class=\"mw-headline\" id=\"Bilder\">Bilder<\/span><a href=\"\/index.php?title=12._Runde,_Saison_2023\/24,_FC_Red_Bull_Salzburg_gegen_SCR_Altach&amp;action=edit&amp;section=2\" title=\"Abschnitt bearbeiten: Bilder\">Bearbeiten<\/a><span class=\"mw-editsection-bracket\">]<\/span><\/span><\/h2>\n<p><img alt=\"\" src=\"\/images\/thumb\/4\/4a\/Commons-logo.svg\/langde-20px-Commons-logo.svg.png%3Futm_source%3Dcommons.wikimedia.org%26utm_campaign%3Dimageinfo%26utm_content%3Dthumbnail\" decoding=\"async\" title=\"Commons\" width=\"12\" height=\"16\" srcset=\"\/images\/thumb\/4\/4a\/Commons-logo.svg\/langde-40px-Commons-logo.svg.png%3Futm_source%3Dcommons.wikimedia.org%26utm_campaign%3Dimageinfo%26utm_content%3Dthumbnail 2x\" \/>&#160;<b><a href=\"http:\/\/commons.wikimedia.org\/wiki\/Category:FC_Red_Bull_Salzburg_gegen_SCR_Altach_(2023-10-28)\" class=\"extiw\" title=\"commons:Category:FC Red Bull Salzburg gegen SCR Altach (2023-10-28)\">12. Runde, Saison 2023\/24, FC Red Bull Salzburg gegen SCR Altach<\/a><\/b>&#160;\u2013 Sammlung von Bildern, Videos und Audiodateien auf <a href=\"\/Wikimedia_Commons\" title=\"Wikimedia Commons\">Wikimedia Commons<\/a>\n<\/p>\n<h2><span class=\"mw-headline\" id=\"Stimmen_zum_Spiel\">Stimmen zum Spiel<\/span><a href=\"\/index.php?title=12._Runde,_Saison_2023\/24,_FC_Red_Bull_Salzburg_gegen_SCR_Altach&amp;action=edit&amp;section=3\" title=\"Abschnitt bearbeiten: Stimmen zum Spiel\">Bearbeiten<\/a><span class=\"mw-editsection-bracket\">]<\/span><\/span><\/h2>\n<p><b>Gerhard Struber:<\/b>  Die Meisterschaft ist ein Marathon und kein Sprint. Wir m\u00fcssen dann auch mal andere H\u00fcrden nehmen und uns Step by Step nach vorne arbeiten. Wir wissen, dass wir vorher nicht unbedingt in einer befreiten Phase waren, aber wir arbeiten uns wieder zur\u00fcck. Das war ein guter Schritt, um Selbstvertrauen zu tanken, auch f\u00fcr die wichtigen n\u00e4chsten Aufgaben.\n<\/p>\n<p><b>Amar Dedic:<\/b> Es f\u00fchlt sich sch\u00f6n an. Ich finde, das ist ein verdienter Sieg. Wir mussten uns das erarbeiten, es war am Anfang nicht so leicht, also vor allem in der ersten Halbzeit. Dieser 3:0-Sieg ist f\u00fcr uns jetzt einfach nur positiv.\n<\/p>\n<\/div>\n","protected":false},"excerpt":{"rendered":"<p>FC Red Bull Salzburg gegen SCR Altach, 3:0 Spieltag Bundesliga-12.Runde Datum 28. Oktober 2023 Anpfiff 17 Uhr Aufstellung Tor Alexander Schlager Verteidigung Amar Dedic &#8211; Samson Baidoo &#8211;Strahinja Pavlovic &#8211; Andreas Ulmer Mittelfeld Maurits Kjaergaard &#8211; Luka Sucic &#8211; Mads Bidstrup&#8211; Oscar Gloukh Sturm Roko Simic &#8211; Karim Konate Wechsel Wechsel Petar Ratkov f\u00fcr Simic [&hellip;]<\/p>\n","protected":false},"author":1,"featured_media":0,"comment_status":"open","ping_status":"open","sticky":false,"template":"","format":"standard","meta":{"footnotes":""},"categories":[277],"tags":[],"class_list":["post-379","post","type-post","status-publish","format-standard","hentry","category-12-runde-saison-2023"],"_links":{"self":[{"href":"https:\/\/wiki.s12.at\/index.php\/wp-json\/wp\/v2\/posts\/379","targetHints":{"allow":["GET"]}}],"collection":[{"href":"https:\/\/wiki.s12.at\/index.php\/wp-json\/wp\/v2\/posts"}],"about":[{"href":"https:\/\/wiki.s12.at\/index.php\/wp-json\/wp\/v2\/types\/post"}],"author":[{"embeddable":true,"href":"https:\/\/wiki.s12.at\/index.php\/wp-json\/wp\/v2\/users\/1"}],"replies":[{"embeddable":true,"href":"https:\/\/wiki.s12.at\/index.php\/wp-json\/wp\/v2\/comments?post=379"}],"version-history":[{"count":0,"href":"https:\/\/wiki.s12.at\/index.php\/wp-json\/wp\/v2\/posts\/379\/revisions"}],"wp:attachment":[{"href":"https:\/\/wiki.s12.at\/index.php\/wp-json\/wp\/v2\/media?parent=379"}],"wp:term":[{"taxonomy":"category","embeddable":true,"href":"https:\/\/wiki.s12.at\/index.php\/wp-json\/wp\/v2\/categories?post=379"},{"taxonomy":"post_tag","embeddable":true,"href":"https:\/\/wiki.s12.at\/index.php\/wp-json\/wp\/v2\/tags?post=379"}],"curies":[{"name":"wp","href":"https:\/\/api.w.org\/{rel}","templated":true}]}}