{"id":3787,"date":"2026-05-06T15:24:37","date_gmt":"2026-05-06T13:24:37","guid":{"rendered":"https:\/\/wiki.s12.at\/index.php\/2026\/05\/06\/europa-league-2009-10-gruppenphase-villareal-vs-fc-salzburg\/"},"modified":"2026-05-06T15:24:37","modified_gmt":"2026-05-06T13:24:37","slug":"europa-league-2009-10-gruppenphase-villareal-vs-fc-salzburg","status":"publish","type":"post","link":"https:\/\/wiki.s12.at\/index.php\/2026\/05\/06\/europa-league-2009-10-gruppenphase-villareal-vs-fc-salzburg\/","title":{"rendered":"10, Gruppenphase, Villareal vs FC Salzburg"},"content":{"rendered":"<div class=\"mw-parser-output\">\n<h3><span class=\"mw-headline\" id=\"Fakten\">Fakten<\/span><a href=\"\/index.php?title=Europa_League_2009\/10,_Gruppenphase,_Villareal_vs_FC_Salzburg&amp;action=edit&amp;section=1\" title=\"Abschnitt bearbeiten: Fakten\">Bearbeiten<\/a><span class=\"mw-editsection-bracket\">]<\/span><\/span><\/h3>\n<p><b>EL Gruppenphase, 2010,  Villareal CF vs FC Salzburg, 17. Dezember 2009, 21.05 Uhr<\/b>\n<\/p>\n<table class=\"wikitable\">\n<caption><big> Villareal CF gegen FC Salzburg, 0:1<\/big><br \/>\n<\/caption>\n<tbody>\n<tr>\n<td>Aufstellung:<\/td>\n<td><a href=\"\/Eddie_Gustafsson\" title=\"Eddie Gustafsson\">Eddie Gustafsson<\/a>\n<\/td>\n<\/tr>\n<tr>\n<td><\/td>\n<td><a href=\"\/Christian_Schwegler\" title=\"Christian Schwegler\">Christian Schwegler<\/a>, <a href=\"\/Ibrahim_Sekagya\" title=\"Ibrahim Sekagya\">Ibrahim Sekagya<\/a>, <a href=\"\/Rabiu_Afolabi\" title=\"Rabiu Afolabi\">Rabiu Afolabi<\/a>, <a href=\"\/Andreas_Ulmer\" title=\"Andreas Ulmer\">Andreas Ulmer<\/a>\n<\/td>\n<\/tr>\n<tr>\n<td><\/td>\n<td><a href=\"\/Barry_Opdam\" title=\"Barry Opdam\">Barry Opdam<\/a> <a href=\"\/Christoph_Leitgeb\" title=\"Christoph Leitgeb\">Christoph Leitgeb<\/a>, <a href=\"\/Thomas_Augustinussen\" title=\"Thomas Augustinussen\">Thomas Augustinussen<\/a>, <a href=\"\/Dusan_Svento\" class=\"mw-redirect\" title=\"Dusan Svento\">Dusan Svento<\/a>, <a href=\"\/Simon_Cziommer\" title=\"Simon Cziommer\">Simon Cziommer<\/a>\n<\/td>\n<\/tr>\n<tr>\n<td><\/td>\n<td><a href=\"\/Robin_Nelisse\" title=\"Robin Nelisse\">Robin Nelisse<\/a>\n<\/td>\n<\/tr>\n<tr>\n<td>Wechsel:<\/td>\n<td><a href=\"\/Djordje_Rakic\" title=\"Djordje Rakic\">Djordje Rakic<\/a> f\u00fcr Nelisse (64.), <a href=\"\/Admir_Vladavi%C4%87\" title=\"Admir Vladavi\u0107\">Admir Vladavi\u0107<\/a> f\u00fcr Cziommer (81.), <a href=\"\/Patrik_Je%C5%BEek\" title=\"Patrik Je\u017eek\">Patrik Je\u017eek<\/a> f\u00fcr Leitgeb (86.)\n<\/td>\n<\/tr>\n<tr>\n<td>Endstand:<\/td>\n<td>0:1 (0:1)\n<\/td>\n<\/tr>\n<tr>\n<td>Torsch\u00fctzen:<\/td>\n<td>Svento (7.)\n<\/td>\n<\/tr>\n<tr>\n<td>Gelbe Karten:<\/td>\n<td>Schwegler (34.), Cziommer (76.); Rodr\u00edguez (28.), Pereira (51.)\n<\/td>\n<\/tr>\n<tr>\n<td>Gelb-rote Karten:<\/td>\n<td>\n<\/td>\n<\/tr>\n<tr>\n<td>Rote Karten:<\/td>\n<td>\n<\/td>\n<\/tr>\n<tr>\n<td>Schiedsrichter:<\/td>\n<td>Vladimir Hrinak (SVK)\n<\/td>\n<\/tr>\n<tr>\n<td>Stadion:<\/td>\n<td>Estadio El Madrigal, Villarreal\n<\/td>\n<\/tr>\n<tr>\n<td>Zuschauer:<\/td>\n<td>\n<\/td>\n<\/tr>\n<\/tbody>\n<\/table>\n<\/div>\n","protected":false},"excerpt":{"rendered":"<p>FaktenBearbeiten] EL Gruppenphase, 2010, Villareal CF vs FC Salzburg, 17. Dezember 2009, 21.05 Uhr Villareal CF gegen FC Salzburg, 0:1 Aufstellung: Eddie Gustafsson Christian Schwegler, Ibrahim Sekagya, Rabiu Afolabi, Andreas Ulmer Barry Opdam Christoph Leitgeb, Thomas Augustinussen, Dusan Svento, Simon Cziommer Robin Nelisse Wechsel: Djordje Rakic f\u00fcr Nelisse (64.), Admir Vladavi\u0107 f\u00fcr Cziommer (81.), Patrik [&hellip;]<\/p>\n","protected":false},"author":1,"featured_media":0,"comment_status":"open","ping_status":"open","sticky":false,"template":"","format":"standard","meta":{"footnotes":""},"categories":[2294],"tags":[],"class_list":["post-3787","post","type-post","status-publish","format-standard","hentry","category-europa-league-2009"],"_links":{"self":[{"href":"https:\/\/wiki.s12.at\/index.php\/wp-json\/wp\/v2\/posts\/3787","targetHints":{"allow":["GET"]}}],"collection":[{"href":"https:\/\/wiki.s12.at\/index.php\/wp-json\/wp\/v2\/posts"}],"about":[{"href":"https:\/\/wiki.s12.at\/index.php\/wp-json\/wp\/v2\/types\/post"}],"author":[{"embeddable":true,"href":"https:\/\/wiki.s12.at\/index.php\/wp-json\/wp\/v2\/users\/1"}],"replies":[{"embeddable":true,"href":"https:\/\/wiki.s12.at\/index.php\/wp-json\/wp\/v2\/comments?post=3787"}],"version-history":[{"count":0,"href":"https:\/\/wiki.s12.at\/index.php\/wp-json\/wp\/v2\/posts\/3787\/revisions"}],"wp:attachment":[{"href":"https:\/\/wiki.s12.at\/index.php\/wp-json\/wp\/v2\/media?parent=3787"}],"wp:term":[{"taxonomy":"category","embeddable":true,"href":"https:\/\/wiki.s12.at\/index.php\/wp-json\/wp\/v2\/categories?post=3787"},{"taxonomy":"post_tag","embeddable":true,"href":"https:\/\/wiki.s12.at\/index.php\/wp-json\/wp\/v2\/tags?post=3787"}],"curies":[{"name":"wp","href":"https:\/\/api.w.org\/{rel}","templated":true}]}}