{"id":3784,"date":"2026-05-06T15:24:32","date_gmt":"2026-05-06T13:24:32","guid":{"rendered":"https:\/\/wiki.s12.at\/index.php\/2026\/05\/06\/europa-league-2009-10-gruppenphase-fc-salzburg-vs-villareal\/"},"modified":"2026-05-06T15:24:32","modified_gmt":"2026-05-06T13:24:32","slug":"europa-league-2009-10-gruppenphase-fc-salzburg-vs-villareal","status":"publish","type":"post","link":"https:\/\/wiki.s12.at\/index.php\/2026\/05\/06\/europa-league-2009-10-gruppenphase-fc-salzburg-vs-villareal\/","title":{"rendered":"10, Gruppenphase, FC Salzburg vs Villareal"},"content":{"rendered":"<div class=\"mw-parser-output\">\n<h3><span class=\"mw-headline\" id=\"Fakten\">Fakten<\/span><a href=\"\/index.php?title=Europa_League_2009\/10,_Gruppenphase,_FC_Salzburg_vs_Villareal&amp;action=edit&amp;section=1\" title=\"Abschnitt bearbeiten: Fakten\">Bearbeiten<\/a><span class=\"mw-editsection-bracket\">]<\/span><\/span><\/h3>\n<p><b>EL Gruppenphase, 2010, FC Salzburg vs Villareal, 1.Oktober 2009, 19 Uhr<\/b>\n<\/p>\n<table class=\"wikitable\">\n<caption><big>FC Salzburg gegen Villareal CF, 2:1<\/big><br \/>\n<\/caption>\n<tbody>\n<tr>\n<td>Aufstellung:<\/td>\n<td><a href=\"\/Eddie_Gustafsson\" title=\"Eddie Gustafsson\">Eddie Gustafsson<\/a>\n<\/td>\n<\/tr>\n<tr>\n<td><\/td>\n<td><a href=\"\/Christian_Schwegler\" title=\"Christian Schwegler\">Christian Schwegler<\/a>, <a href=\"\/Ibrahim_Sekagya\" title=\"Ibrahim Sekagya\">Ibrahim Sekagya<\/a>, <a href=\"\/Rabiu_Afolabi\" title=\"Rabiu Afolabi\">Rabiu Afolabi<\/a>, <a href=\"\/Andreas_Ulmer\" title=\"Andreas Ulmer\">Andreas Ulmer<\/a>\n<\/td>\n<\/tr>\n<tr>\n<td><\/td>\n<td><a href=\"\/Franz_Schiemer\" title=\"Franz Schiemer\">Franz Schiemer<\/a> <a href=\"\/Christoph_Leitgeb\" title=\"Christoph Leitgeb\">Christoph Leitgeb<\/a>, <a href=\"\/Nikola_Pokrivac\" class=\"mw-redirect\" title=\"Nikola Pokrivac\">Nikola Pokrivac<\/a>, <a href=\"\/Dusan_Svento\" class=\"mw-redirect\" title=\"Dusan Svento\">Dusan Svento<\/a>, <a href=\"\/Somen_Tchoyi\" title=\"Somen Tchoyi\">Somen Tchoyi<\/a>\n<\/td>\n<\/tr>\n<tr>\n<td><\/td>\n<td><a href=\"\/Marc_Janko\" title=\"Marc Janko\">Marc Janko<\/a>\n<\/td>\n<\/tr>\n<tr>\n<td>Wechsel:<\/td>\n<td><a href=\"\/Alexander_Zickler\" title=\"Alexander Zickler\">Alexander Zickler<\/a> f\u00fcr Janko (79.), <a href=\"\/Barry_Opdam\" title=\"Barry Opdam\">Barry Opdam <\/a> f\u00fcr Svento (90.), <a href=\"\/Simon_Cziommer\" title=\"Simon Cziommer\">Simon Cziommer<\/a> f\u00fcr Leitgeb (92.)\n<\/td>\n<\/tr>\n<tr>\n<td>Endstand:<\/td>\n<td>2:1 (0:0)\n<\/td>\n<\/tr>\n<tr>\n<td>Torsch\u00fctzen:<\/td>\n<td>Janko (21.) , Tchoyi (84.); Foggia (57.)\n<\/td>\n<\/tr>\n<tr>\n<td>Gelbe Karten:<\/td>\n<td>Lopez (20.), Rodr\u00edguez  (49.)\n<\/td>\n<\/tr>\n<tr>\n<td>Gelb-rote Karten:<\/td>\n<td>\n<\/td>\n<\/tr>\n<tr>\n<td>Rote Karten:<\/td>\n<td>\n<\/td>\n<\/tr>\n<tr>\n<td>Schiedsrichter:<\/td>\n<td>Costas Kapitanis (CYP)\n<\/td>\n<\/tr>\n<tr>\n<td>Stadion:<\/td>\n<td>Red Bull Arena, Salzburg\n<\/td>\n<\/tr>\n<tr>\n<td>Zuschauer:<\/td>\n<td>\n<\/td>\n<\/tr>\n<\/tbody>\n<\/table>\n<\/div>\n","protected":false},"excerpt":{"rendered":"<p>FaktenBearbeiten] EL Gruppenphase, 2010, FC Salzburg vs Villareal, 1.Oktober 2009, 19 Uhr FC Salzburg gegen Villareal CF, 2:1 Aufstellung: Eddie Gustafsson Christian Schwegler, Ibrahim Sekagya, Rabiu Afolabi, Andreas Ulmer Franz Schiemer Christoph Leitgeb, Nikola Pokrivac, Dusan Svento, Somen Tchoyi Marc Janko Wechsel: Alexander Zickler f\u00fcr Janko (79.), Barry Opdam f\u00fcr Svento (90.), Simon Cziommer f\u00fcr [&hellip;]<\/p>\n","protected":false},"author":1,"featured_media":0,"comment_status":"open","ping_status":"open","sticky":false,"template":"","format":"standard","meta":{"footnotes":""},"categories":[2294],"tags":[],"class_list":["post-3784","post","type-post","status-publish","format-standard","hentry","category-europa-league-2009"],"_links":{"self":[{"href":"https:\/\/wiki.s12.at\/index.php\/wp-json\/wp\/v2\/posts\/3784","targetHints":{"allow":["GET"]}}],"collection":[{"href":"https:\/\/wiki.s12.at\/index.php\/wp-json\/wp\/v2\/posts"}],"about":[{"href":"https:\/\/wiki.s12.at\/index.php\/wp-json\/wp\/v2\/types\/post"}],"author":[{"embeddable":true,"href":"https:\/\/wiki.s12.at\/index.php\/wp-json\/wp\/v2\/users\/1"}],"replies":[{"embeddable":true,"href":"https:\/\/wiki.s12.at\/index.php\/wp-json\/wp\/v2\/comments?post=3784"}],"version-history":[{"count":0,"href":"https:\/\/wiki.s12.at\/index.php\/wp-json\/wp\/v2\/posts\/3784\/revisions"}],"wp:attachment":[{"href":"https:\/\/wiki.s12.at\/index.php\/wp-json\/wp\/v2\/media?parent=3784"}],"wp:term":[{"taxonomy":"category","embeddable":true,"href":"https:\/\/wiki.s12.at\/index.php\/wp-json\/wp\/v2\/categories?post=3784"},{"taxonomy":"post_tag","embeddable":true,"href":"https:\/\/wiki.s12.at\/index.php\/wp-json\/wp\/v2\/tags?post=3784"}],"curies":[{"name":"wp","href":"https:\/\/api.w.org\/{rel}","templated":true}]}}