{"id":377,"date":"2026-05-06T13:00:52","date_gmt":"2026-05-06T11:00:52","guid":{"rendered":"http:\/\/wiki.s12.at\/index.php\/2026\/05\/06\/12-runde-saison-2022-23-sv-lafnitz-gegen-fc-liefering\/"},"modified":"2026-05-06T13:00:52","modified_gmt":"2026-05-06T11:00:52","slug":"12-runde-saison-2022-23-sv-lafnitz-gegen-fc-liefering","status":"publish","type":"post","link":"https:\/\/wiki.s12.at\/index.php\/2026\/05\/06\/12-runde-saison-2022-23-sv-lafnitz-gegen-fc-liefering\/","title":{"rendered":"23, SV Lafnitz gegen FC Liefering"},"content":{"rendered":"<div class=\"mw-parser-output\">\n<table class=\"toptextcells toccolours\">\n<tbody>\n<tr>\n<th colspan=\"2\" style=\"text-align: center; vertical-align: top; padding: 0.3em 0.8em; font-size: 125%; background-color: lightsteelblue;\">SV Lafnitz gegen FC Liefering, 0:3\n<\/th>\n<\/tr>\n<tr>\n<th style=\"text-align:left;\"><b>Spieltag<\/b>\n<\/th>\n<th style=\"text-align:left;\">2. Liga 12. Runde\n<\/th>\n<\/tr>\n<tr>\n<th style=\"text-align:left;\"><b>Datum<\/b>\n<\/th>\n<th style=\"text-align:left;\">15. Oktober 2022\n<\/th>\n<\/tr>\n<tr>\n<th style=\"text-align:left;\"><b>Anpfiff<\/b>\n<\/th>\n<th style=\"text-align:left;\">14.30  Uhr\n<\/th>\n<\/tr>\n<tr>\n<td colspan=\"2\" style=\"text-align:center;\" bgcolor=\"lightgray\"><b>Aufstellung<\/b>\n<\/td>\n<\/tr>\n<tr>\n<th style=\"text-align:left;\"><b>Tor<\/b>\n<\/th>\n<th><a href=\"\/Jonas_Krumrey\" title=\"Jonas Krumrey\">Jonas Krumrey<\/a>\n<\/th>\n<\/tr>\n<tr>\n<th style=\"text-align:left;\"><b>Verteidigung<\/b>\n<\/th>\n<th><a href=\"\/Dario_Bijelic\" title=\"Dario Bijelic\">Dario Bijelic <\/a> &#8211; <a href=\"\/Lukas_Wallner\" title=\"Lukas Wallner\">Lukas Wallner<\/a>  &#8211;<a href=\"\/Samson_Baidoo\" title=\"Samson Baidoo\">Samson Baidoo<\/a>  &#8211;\n<\/th>\n<\/tr>\n<tr>\n<th style=\"text-align:left;\"><b>Mittelfeld<\/b>\n<\/th>\n<th><a href=\"\/Raphael_Hofer\" title=\"Raphael Hofer\">Raphael Hofer<\/a> &#8211; <a href=\"\/Lawrence_Agyekum\" title=\"Lawrence Agyekum\">Lawrence Agyekum<\/a> &#8211; <a href=\"\/Zeteny_Jano\" title=\"Zeteny Jano\">Zeteny Jano<\/a> &#8211; <a href=\"\/Tolgahan_Sahin\" title=\"Tolgahan Sahin\">Tolgahan Sahin<\/a>\n<\/th>\n<\/tr>\n<tr>\n<th style=\"text-align:left;\"><b>Sturm<\/b>\n<\/th>\n<th><a href=\"\/Oumar_Diakite\" title=\"Oumar Diakite\">Oumar Diakite<\/a> &#8211; <a href=\"\/Karim_Konate\" title=\"Karim Konate\">Karim Konate<\/a>\n<\/th>\n<\/tr>\n<tr>\n<td colspan=\"2\" style=\"text-align:center;\" bgcolor=\"lightgray\"><b>Wechsel<\/b>\n<\/td>\n<\/tr>\n<tr>\n<th style=\"text-align:left;\"><b>Wechsel<\/b>\n<\/th>\n<th style=\"text-align:left;\"><a href=\"\/Mario_Pejazic\" title=\"Mario Pejazic\">Mario Pejazic <\/a> f\u00fcr Bijelic (61.) <a href=\"\/Federico_Crescenti\" class=\"mw-redirect\" title=\"Federico Crescenti\">Federico Crescenti<\/a> f\u00fcr Jano (85.), <a href=\"\/Elias_Havel\" title=\"Elias Havel\">Elias Havel<\/a> f\u00fcr Diakite (85.), <br \/><a href=\"\/Luka_Reischl\" title=\"Luka Reischl\">Luka Reischl<\/a> f\u00fcr Konate (85.),  <a href=\"\/Mohammad_Sadeqi\" title=\"Mohammad Sadeqi\">Mohammad Sadeqi<\/a> f\u00fcr Hofer (91.)\n<\/th>\n<\/tr>\n<tr>\n<td colspan=\"2\" style=\"text-align:center;\" bgcolor=\"lightgray\"><b>Statistik<\/b>\n<\/td>\n<\/tr>\n<tr>\n<th style=\"text-align:left;\"><b>Endstand<\/b>\n<\/th>\n<th style=\"text-align:left;\">0:3 (0:2)\n<\/th>\n<\/tr>\n<tr>\n<th style=\"text-align:left;\"><b>Torsch\u00fctzen<\/b>\n<\/th>\n<th style=\"text-align:left;\">Diakite (3., 25.), Crescenti (93.)\n<\/th>\n<\/tr>\n<tr>\n<th style=\"text-align:left;\"><b>Gelbe Karten<\/b>\n<\/th>\n<th style=\"text-align:left;\">Sittsam (41.), Pfeifer (59.); Hofer (36.), Konate (54.), Wallner (58.)\n<\/th>\n<\/tr>\n<tr>\n<th style=\"text-align:left;\"><b>Rote Karten<\/b>\n<\/th>\n<th style=\"text-align:left;\">\n<\/th>\n<\/tr>\n<tr>\n<th style=\"text-align:left;\"><b>Schiedsrichter<\/b>\n<\/th>\n<th style=\"text-align:left;\">Marcus Pottendorfer\n<\/th>\n<\/tr>\n<tr>\n<th style=\"text-align:left;\"><b>Stadion<\/b>\n<\/th>\n<th style=\"text-align:left;\">Fu\u00dfballarena Lafnitz\n<\/th>\n<\/tr>\n<tr>\n<th style=\"text-align:left;\"><b>Zuschauer<\/b>\n<\/th>\n<th style=\"text-align:left;\">\n<\/th>\n<\/tr>\n<\/tbody>\n<\/table>\n<h2><span class=\"mw-headline\" id=\"Spielbericht\">Spielbericht<\/span><a href=\"\/index.php?title=12._Runde,_Saison_2022\/23,_SV_Lafnitz_gegen_FC_Liefering&amp;action=edit&amp;section=1\" title=\"Abschnitt bearbeiten: Spielbericht\">Bearbeiten<\/a><span class=\"mw-editsection-bracket\">]<\/span><\/span><\/h2>\n<p><a rel=\"nofollow\" class=\"external text\" href=\"https:\/\/www.fc-liefering.at\/de\/fc-liefering\/news\/saison_2022_23\/ligaspiel-lafnitz-runde-12.html\">Spielbericht Vereinshomepage<\/a>\n<\/p>\n<h2><span class=\"mw-headline\" id=\"Stimmen_zum_Spiel\">Stimmen zum Spiel<\/span><a href=\"\/index.php?title=12._Runde,_Saison_2022\/23,_SV_Lafnitz_gegen_FC_Liefering&amp;action=edit&amp;section=2\" title=\"Abschnitt bearbeiten: Stimmen zum Spiel\">Bearbeiten<\/a><span class=\"mw-editsection-bracket\">]<\/span><\/span><\/h2>\n<p><b>Fabio Ingolitsch:<\/b> Gratulation an die gesamte Mannschaft! In dieser schwierigen Situation so eine Performance abzuliefern, ist nicht selbstverst\u00e4ndlich. Wir haben heute eine extrem hohe Intensit\u00e4t und Aggressivit\u00e4t auf den Platz gebracht und uns durch unsere Balleroberungen viele Torchancen erspielt. F\u00fcr mich ist es ein \u2013 auch in der H\u00f6he \u2013 verdienter Sieg, der unserer Mannschaft extrem guttut in unserem Prozess.\n<\/p>\n<\/div>\n","protected":false},"excerpt":{"rendered":"<p>SV Lafnitz gegen FC Liefering, 0:3 Spieltag 2. Liga 12. Runde Datum 15. Oktober 2022 Anpfiff 14.30 Uhr Aufstellung Tor Jonas Krumrey Verteidigung Dario Bijelic &#8211; Lukas Wallner &#8211;Samson Baidoo &#8211; Mittelfeld Raphael Hofer &#8211; Lawrence Agyekum &#8211; Zeteny Jano &#8211; Tolgahan Sahin Sturm Oumar Diakite &#8211; Karim Konate Wechsel Wechsel Mario Pejazic f\u00fcr Bijelic [&hellip;]<\/p>\n","protected":false},"author":1,"featured_media":0,"comment_status":"open","ping_status":"open","sticky":false,"template":"","format":"standard","meta":{"footnotes":""},"categories":[275],"tags":[],"class_list":["post-377","post","type-post","status-publish","format-standard","hentry","category-12-runde-saison-2022"],"_links":{"self":[{"href":"https:\/\/wiki.s12.at\/index.php\/wp-json\/wp\/v2\/posts\/377","targetHints":{"allow":["GET"]}}],"collection":[{"href":"https:\/\/wiki.s12.at\/index.php\/wp-json\/wp\/v2\/posts"}],"about":[{"href":"https:\/\/wiki.s12.at\/index.php\/wp-json\/wp\/v2\/types\/post"}],"author":[{"embeddable":true,"href":"https:\/\/wiki.s12.at\/index.php\/wp-json\/wp\/v2\/users\/1"}],"replies":[{"embeddable":true,"href":"https:\/\/wiki.s12.at\/index.php\/wp-json\/wp\/v2\/comments?post=377"}],"version-history":[{"count":0,"href":"https:\/\/wiki.s12.at\/index.php\/wp-json\/wp\/v2\/posts\/377\/revisions"}],"wp:attachment":[{"href":"https:\/\/wiki.s12.at\/index.php\/wp-json\/wp\/v2\/media?parent=377"}],"wp:term":[{"taxonomy":"category","embeddable":true,"href":"https:\/\/wiki.s12.at\/index.php\/wp-json\/wp\/v2\/categories?post=377"},{"taxonomy":"post_tag","embeddable":true,"href":"https:\/\/wiki.s12.at\/index.php\/wp-json\/wp\/v2\/tags?post=377"}],"curies":[{"name":"wp","href":"https:\/\/api.w.org\/{rel}","templated":true}]}}