{"id":373,"date":"2026-05-06T13:00:21","date_gmt":"2026-05-06T11:00:21","guid":{"rendered":"http:\/\/wiki.s12.at\/index.php\/2026\/05\/06\/12-runde-saison-2017-18-fc-liefering-gegen-blau-weiss-linz\/"},"modified":"2026-05-06T13:00:21","modified_gmt":"2026-05-06T11:00:21","slug":"12-runde-saison-2017-18-fc-liefering-gegen-blau-weiss-linz","status":"publish","type":"post","link":"https:\/\/wiki.s12.at\/index.php\/2026\/05\/06\/12-runde-saison-2017-18-fc-liefering-gegen-blau-weiss-linz\/","title":{"rendered":"18, FC Liefering gegen Blau-Wei\u00df Linz"},"content":{"rendered":"<div class=\"mw-parser-output\">\n<h2><span class=\"mw-headline\" id=\"Fakten\">Fakten<\/span><a href=\"\/index.php?title=12._Runde,_Saison_2017\/18,_FC_Liefering_gegen_Blau-Wei%C3%9F_Linz&amp;action=edit&amp;section=1\" title=\"Abschnitt bearbeiten: Fakten\">Bearbeiten<\/a><span class=\"mw-editsection-bracket\">]<\/span><\/span><\/h2>\n<table class=\"toptextcells toccolours\">\n<tbody>\n<tr>\n<th colspan=\"2\" style=\"text-align: center; vertical-align: top; padding: 0.3em 0.8em; font-size: 125%; background-color: lightsteelblue;\">FC Liefering gegen Blau-Wei\u00df Linz, 3:0\n<\/th>\n<\/tr>\n<tr>\n<th style=\"text-align:left;\"><b>Spieltag<\/b>\n<\/th>\n<th style=\"text-align:left;\">SKY GO Erste Liga &#8211; 12. Runde\n<\/th>\n<\/tr>\n<tr>\n<th style=\"text-align:left;\"><b>Datum<\/b>\n<\/th>\n<th style=\"text-align:left;\">22. September  2017\n<\/th>\n<\/tr>\n<tr>\n<th style=\"text-align:left;\"><b>Anpfiff<\/b>\n<\/th>\n<th style=\"text-align:left;\">18. 30 Uhr\n<\/th>\n<\/tr>\n<tr>\n<td colspan=\"2\" style=\"text-align:center;\" bgcolor=\"lightgray\"><b>Aufstellung<\/b>\n<\/td>\n<\/tr>\n<tr>\n<th style=\"text-align:left;\"><b>Tor<\/b>\n<\/th>\n<th><a href=\"\/Carlos_Miguel_Coronel\" title=\"Carlos Miguel Coronel\">Carlos Miguel Coronel<\/a>\n<\/th>\n<\/tr>\n<tr>\n<th style=\"text-align:left;\"><b>Verteidigung<\/b>\n<\/th>\n<th><a href=\"\/Julian_G%C3%B6lles\" title=\"Julian G\u00f6lles\">Julian G\u00f6lles<\/a> &#8211; <a href=\"\/Bojan_Lugonja\" title=\"Bojan Lugonja\">Bojan Lugonja<\/a> &#8211; <a href=\"\/Luca_Meisl\" title=\"Luca Meisl\">Luca Meisl<\/a> &#8211; <a href=\"\/Emir_Karic\" title=\"Emir Karic\">Emir Karic <\/a>\n<\/th>\n<\/tr>\n<tr>\n<th style=\"text-align:left;\"><b>Mittelfeld<\/b>\n<\/th>\n<th><a href=\"\/Mahamadou_Dembele\" title=\"Mahamadou Dembele\">Mahamadou Dembele<\/a> &#8211; <a href=\"\/Romano_Schmid\" title=\"Romano Schmid\">Romano Schmid<\/a> &#8211; <a href=\"\/Nico_Gorzel\" title=\"Nico Gorzel\">Nico Gorzel<\/a> &#8211; <a href=\"\/Dominik_Szoboszlai\" title=\"Dominik Szoboszlai\">Dominik Szoboszlai<\/a>\n<\/th>\n<\/tr>\n<tr>\n<th style=\"text-align:left;\"><b>Sturm<\/b>\n<\/th>\n<th><a href=\"\/Nicolas_Meister\" title=\"Nicolas Meister\">Nicolas Meister <\/a> &#8211; <a href=\"\/Alexander_Schmidt\" title=\"Alexander Schmidt\">Alexander Schmidt<\/a>\n<\/th>\n<\/tr>\n<tr>\n<td colspan=\"2\" style=\"text-align:center;\" bgcolor=\"lightgray\"><b>Wechsel<\/b>\n<\/td>\n<\/tr>\n<tr>\n<th style=\"text-align:left;\"><b>Wechsel<\/b>\n<\/th>\n<th style=\"text-align:left;\"><a href=\"\/Philipp_Sturm\" title=\"Philipp Sturm\">Philipp Sturm<\/a> f\u00fcr Meisl (56.), <a href=\"\/Rodrigo\" title=\"Rodrigo\">Rodrigo<\/a> f\u00fcr Schmidt (63.), <a href=\"\/Tobias_Anselm\" title=\"Tobias Anselm\">Tobias Anselm<\/a> f\u00fcr Meister (80.)\n<\/th>\n<\/tr>\n<tr>\n<td colspan=\"2\" style=\"text-align:center;\" bgcolor=\"lightgray\"><b>Statistik<\/b>\n<\/td>\n<\/tr>\n<tr>\n<th style=\"text-align:left;\"><b>Endstand<\/b>\n<\/th>\n<th style=\"text-align:left;\">3:0 (2:0)\n<\/th>\n<\/tr>\n<tr>\n<th style=\"text-align:left;\"><b>Torsch\u00fctzen<\/b>\n<\/th>\n<th style=\"text-align:left;\">Szoboszlai (18.), Schmidt (41.), Schmid (65.)\n<\/th>\n<\/tr>\n<tr>\n<th style=\"text-align:left;\"><b>Gelbe Karten<\/b>\n<\/th>\n<th style=\"text-align:left;\">Lugonja (54.); Hankic (74.), Cvetko (89.)\n<\/th>\n<\/tr>\n<tr>\n<th style=\"text-align:left;\"><b>Rote Karten<\/b>\n<\/th>\n<th style=\"text-align:left;\">\n<\/th>\n<\/tr>\n<tr>\n<th style=\"text-align:left;\"><b>Schiedsrichter<\/b>\n<\/th>\n<th style=\"text-align:left;\">Gerhard Grobelnik\n<\/th>\n<\/tr>\n<tr>\n<th style=\"text-align:left;\"><b>Stadion<\/b>\n<\/th>\n<th style=\"text-align:left;\">Untersberg-Arena, Gr\u00f6dig\n<\/th>\n<\/tr>\n<tr>\n<th style=\"text-align:left;\"><b>Zuschauer<\/b>\n<\/th>\n<th style=\"text-align:left;\">350\n<\/th>\n<\/tr>\n<\/tbody>\n<\/table>\n<ul>\n<li><a href=\"\/Tobias_Anselm\" title=\"Tobias Anselm\">Tobias Anselm<\/a> spielt sein erstes Spiel f\u00fcr Liefering. Mit <a href=\"\/Chikwubuike_Adamu\" title=\"Chikwubuike Adamu\">Chikwubuike Adamu<\/a> sa\u00df ein weiterer Akademiespieler auf der Bank.<\/li>\n<\/ul>\n<h2><span class=\"mw-headline\" id=\"Weblinks\">Weblinks<\/span><a href=\"\/index.php?title=12._Runde,_Saison_2017\/18,_FC_Liefering_gegen_Blau-Wei%C3%9F_Linz&amp;action=edit&amp;section=2\" title=\"Abschnitt bearbeiten: Weblinks\">Bearbeiten<\/a><span class=\"mw-editsection-bracket\">]<\/span><\/span><\/h2>\n<p><a rel=\"nofollow\" class=\"external text\" href=\"http:\/\/www.fc-liefering.at\/de\/fc-liefering\/news\/saison_2017_18\/fc-liefering-setzt-positive-heimserie-fort.html\">Spielbericht Vereinshomepage<\/a>\n<\/p>\n<h2><span class=\"mw-headline\" id=\"Bilder\">Bilder<\/span><a href=\"\/index.php?title=12._Runde,_Saison_2017\/18,_FC_Liefering_gegen_Blau-Wei%C3%9F_Linz&amp;action=edit&amp;section=3\" title=\"Abschnitt bearbeiten: Bilder\">Bearbeiten<\/a><span class=\"mw-editsection-bracket\">]<\/span><\/span><\/h2>\n<ul class=\"gallery mw-gallery-traditional\">\n<li class=\"gallerybox\" style=\"width: 155px\">\n<div style=\"width: 155px\">\n<div class=\"thumb\" style=\"width: 150px;\">\n<div style=\"margin:15px auto;\"><a href=\"\/Datei:FC_Liefering_versus_Blau_Wei%C3%9F_Linz_(22._September_2017)_10.jpg\" class=\"image\"><img alt=\"FC Liefering versus Blau Wei\u00df Linz (22. September 2017) 10.jpg\" src=\"\/images\/thumb\/f\/fe\/FC_Liefering_versus_Blau_Wei%C3%9F_Linz_%2822._September_2017%29_10.jpg\/120px-FC_Liefering_versus_Blau_Wei%C3%9F_Linz_%2822._September_2017%29_10.jpg%3Futm_source%3Dcommons.wikimedia.org%26utm_campaign%3Dimageinfo%26utm_content%3Dthumbnail\" decoding=\"async\" width=\"65\" height=\"120\" srcset=\"\/images\/thumb\/f\/fe\/FC_Liefering_versus_Blau_Wei%C3%9F_Linz_%2822._September_2017%29_10.jpg\/250px-FC_Liefering_versus_Blau_Wei%C3%9F_Linz_%2822._September_2017%29_10.jpg%3Futm_source%3Dcommons.wikimedia.org%26utm_campaign%3Dimageinfo%26utm_content%3Dthumbnail 2x\" \/><\/a><\/div>\n<\/div>\n<div class=\"gallerytext\">\n\t\t\t<\/div>\n<\/p><\/div>\n<\/li>\n<li class=\"gallerybox\" style=\"width: 155px\">\n<div style=\"width: 155px\">\n<div class=\"thumb\" style=\"width: 150px;\">\n<div style=\"margin:24px auto;\"><a href=\"\/Datei:FC_Liefering_versus_Blau_Wei%C3%9F_Linz_(22._September_2017)_14.jpg\" class=\"image\"><img alt=\"FC Liefering versus Blau Wei\u00df Linz (22. September 2017) 14.jpg\" src=\"\/images\/thumb\/4\/42\/FC_Liefering_versus_Blau_Wei%C3%9F_Linz_%2822._September_2017%29_14.jpg\/120px-FC_Liefering_versus_Blau_Wei%C3%9F_Linz_%2822._September_2017%29_14.jpg%3Futm_source%3Dcommons.wikimedia.org%26utm_campaign%3Dimageinfo%26utm_content%3Dthumbnail\" decoding=\"async\" width=\"120\" height=\"102\" srcset=\"\/images\/thumb\/4\/42\/FC_Liefering_versus_Blau_Wei%C3%9F_Linz_%2822._September_2017%29_14.jpg\/250px-FC_Liefering_versus_Blau_Wei%C3%9F_Linz_%2822._September_2017%29_14.jpg%3Futm_source%3Dcommons.wikimedia.org%26utm_campaign%3Dimageinfo%26utm_content%3Dthumbnail 1.5x\" \/><\/a><\/div>\n<\/div>\n<div class=\"gallerytext\">\n\t\t\t<\/div>\n<\/p><\/div>\n<\/li>\n<\/ul>\n<p><img alt=\"\" src=\"\/images\/thumb\/4\/4a\/Commons-logo.svg\/langde-20px-Commons-logo.svg.png%3Futm_source%3Dcommons.wikimedia.org%26utm_campaign%3Dimageinfo%26utm_content%3Dthumbnail\" decoding=\"async\" title=\"Commons\" width=\"12\" height=\"16\" srcset=\"\/images\/thumb\/4\/4a\/Commons-logo.svg\/langde-40px-Commons-logo.svg.png%3Futm_source%3Dcommons.wikimedia.org%26utm_campaign%3Dimageinfo%26utm_content%3Dthumbnail 2x\" \/>&#160;<b><a href=\"http:\/\/commons.wikimedia.org\/wiki\/Category:FC_Liefering_gegen_Blau_Wei%C3%9F_Linz_(22._September_2017)\" class=\"extiw\" title=\"commons:Category:FC Liefering gegen Blau Wei\u00df Linz (22. September 2017)\">12. Runde, Saison 2017\/18, FC Liefering gegen Blau-Wei\u00df Linz<\/a><\/b>&#160;\u2013 Sammlung von Bildern, Videos und Audiodateien auf <a href=\"\/Wikimedia_Commons\" title=\"Wikimedia Commons\">Wikimedia Commons<\/a>\n<\/p>\n<h2><span class=\"mw-headline\" id=\"Stimmen_zum_Spiel\">Stimmen zum Spiel<\/span><a href=\"\/index.php?title=12._Runde,_Saison_2017\/18,_FC_Liefering_gegen_Blau-Wei%C3%9F_Linz&amp;action=edit&amp;section=4\" title=\"Abschnitt bearbeiten: Stimmen zum Spiel\">Bearbeiten<\/a><span class=\"mw-editsection-bracket\">]<\/span><\/span><\/h2>\n<p><b>Gerhard Struber:<\/b> Wir haben in dieser Trainingswoche unseren Fokus auf das Vorw\u00e4rtsverteidigen und die Stabilit\u00e4t gelegt. Umso erfreulicher ist es nach dem Spiel, wenn man ohne Gegentreffer bleibt. \u00dcber weite Strecken der Partie konnten wir das Geschehen kontrollieren und haben uns mit drei Treffern belohnt. F\u00fcr uns ist es immer eine gro\u00dfe Herausforderung, das Team bei vielen Ver\u00e4nderungen neu zu ordnen und schnell die Automatismen zu finden. Wir sind zufrieden, dass uns das heute wieder schnell gelungen ist.\n<\/p>\n<\/div>\n","protected":false},"excerpt":{"rendered":"<p>FaktenBearbeiten] FC Liefering gegen Blau-Wei\u00df Linz, 3:0 Spieltag SKY GO Erste Liga &#8211; 12. Runde Datum 22. September 2017 Anpfiff 18. 30 Uhr Aufstellung Tor Carlos Miguel Coronel Verteidigung Julian G\u00f6lles &#8211; Bojan Lugonja &#8211; Luca Meisl &#8211; Emir Karic Mittelfeld Mahamadou Dembele &#8211; Romano Schmid &#8211; Nico Gorzel &#8211; Dominik Szoboszlai Sturm Nicolas Meister [&hellip;]<\/p>\n","protected":false},"author":1,"featured_media":0,"comment_status":"open","ping_status":"open","sticky":false,"template":"","format":"standard","meta":{"footnotes":""},"categories":[272],"tags":[],"class_list":["post-373","post","type-post","status-publish","format-standard","hentry","category-12-runde-saison-2017"],"_links":{"self":[{"href":"https:\/\/wiki.s12.at\/index.php\/wp-json\/wp\/v2\/posts\/373","targetHints":{"allow":["GET"]}}],"collection":[{"href":"https:\/\/wiki.s12.at\/index.php\/wp-json\/wp\/v2\/posts"}],"about":[{"href":"https:\/\/wiki.s12.at\/index.php\/wp-json\/wp\/v2\/types\/post"}],"author":[{"embeddable":true,"href":"https:\/\/wiki.s12.at\/index.php\/wp-json\/wp\/v2\/users\/1"}],"replies":[{"embeddable":true,"href":"https:\/\/wiki.s12.at\/index.php\/wp-json\/wp\/v2\/comments?post=373"}],"version-history":[{"count":0,"href":"https:\/\/wiki.s12.at\/index.php\/wp-json\/wp\/v2\/posts\/373\/revisions"}],"wp:attachment":[{"href":"https:\/\/wiki.s12.at\/index.php\/wp-json\/wp\/v2\/media?parent=373"}],"wp:term":[{"taxonomy":"category","embeddable":true,"href":"https:\/\/wiki.s12.at\/index.php\/wp-json\/wp\/v2\/categories?post=373"},{"taxonomy":"post_tag","embeddable":true,"href":"https:\/\/wiki.s12.at\/index.php\/wp-json\/wp\/v2\/tags?post=373"}],"curies":[{"name":"wp","href":"https:\/\/api.w.org\/{rel}","templated":true}]}}