{"id":371,"date":"2026-05-06T12:59:29","date_gmt":"2026-05-06T10:59:29","guid":{"rendered":"http:\/\/wiki.s12.at\/index.php\/2026\/05\/06\/12-runde-saison-2015-16-fc-red-bull-salzburg-gegen-admira-wacker-moedling\/"},"modified":"2026-05-06T12:59:29","modified_gmt":"2026-05-06T10:59:29","slug":"12-runde-saison-2015-16-fc-red-bull-salzburg-gegen-admira-wacker-moedling","status":"publish","type":"post","link":"https:\/\/wiki.s12.at\/index.php\/2026\/05\/06\/12-runde-saison-2015-16-fc-red-bull-salzburg-gegen-admira-wacker-moedling\/","title":{"rendered":"16 FC Red Bull Salzburg gegen Admira Wacker M\u00f6dling"},"content":{"rendered":"<div class=\"mw-parser-output\">\n<h2><span class=\"mw-headline\" id=\"Fakten\">Fakten<\/span><a href=\"\/index.php?title=12._Runde,_Saison_2015\/16_FC_Red_Bull_Salzburg_gegen_Admira_Wacker_M%C3%B6dling&amp;action=edit&amp;section=1\" title=\"Abschnitt bearbeiten: Fakten\">Bearbeiten<\/a><span class=\"mw-editsection-bracket\">]<\/span><\/span><\/h2>\n<table class=\"toptextcells toccolours\">\n<tbody>\n<tr>\n<th colspan=\"2\" style=\"text-align: center; vertical-align: top; padding: 0.3em 0.8em; font-size: 125%; background-color: lightsteelblue;\">FC Red Bull Salzburg gegen Admira Wacker M\u00f6dling, 8:0\n<\/th>\n<\/tr>\n<tr>\n<th style=\"text-align:left;\"><b>Spieltag<\/b>\n<\/th>\n<th style=\"text-align:left;\">Bundesliga &#8211; 12. Spieltag\n<\/th>\n<\/tr>\n<tr>\n<th style=\"text-align:left;\"><b>Datum<\/b>\n<\/th>\n<th style=\"text-align:left;\">17. Oktober 2015\n<\/th>\n<\/tr>\n<tr>\n<th style=\"text-align:left;\"><b>Anpfiff<\/b>\n<\/th>\n<th style=\"text-align:left;\">16 Uhr\n<\/th>\n<\/tr>\n<tr>\n<td colspan=\"2\" style=\"text-align:center;\" bgcolor=\"lightgray\"><b>Aufstellung<\/b>\n<\/td>\n<\/tr>\n<tr>\n<th style=\"text-align:left;\"><b>Tor<\/b>\n<\/th>\n<th><a href=\"\/Alexander_Walke\" title=\"Alexander Walke\">Alexander Walke<\/a>\n<\/th>\n<\/tr>\n<tr>\n<th style=\"text-align:left;\"><b>Verteidigung<\/b>\n<\/th>\n<th><a href=\"\/Christian_Schwegler\" title=\"Christian Schwegler\">Christian Schwegler<\/a> &#8211; <a href=\"\/Paulo_Miranda\" title=\"Paulo Miranda\">Paulo Miranda<\/a> &#8211; <a href=\"\/Duje_Caleta-Car\" title=\"Duje Caleta-Car\">Duje Caleta-Car<\/a> &#8211; <a href=\"\/Andreas_Ulmer\" title=\"Andreas Ulmer\">Andreas Ulmer<\/a>\n<\/th>\n<\/tr>\n<tr>\n<th style=\"text-align:left;\"><b>Mittelfeld<\/b>\n<\/th>\n<th><a href=\"\/Benno_Schmitz\" title=\"Benno Schmitz\">Benno Schmitz<\/a> &#8211; <a href=\"\/Valon_Berisha\" title=\"Valon Berisha\">Valon Berisha<\/a> &#8211; <a href=\"\/Naby_Keita\" title=\"Naby Keita\">Naby Keita<\/a> &#8211; <a href=\"\/Takumi_Minamino\" title=\"Takumi Minamino\">Takumi Minamino<\/a>\n<\/th>\n<\/tr>\n<tr>\n<th style=\"text-align:left;\"><b>Sturm<\/b>\n<\/th>\n<th><a href=\"\/Omer_Damari\" title=\"Omer Damari\">Omer Damari<\/a> &#8211; <a href=\"\/Jonatan_Soriano\" title=\"Jonatan Soriano\">Jonatan Soriano<\/a>\n<\/th>\n<\/tr>\n<tr>\n<td colspan=\"2\" style=\"text-align:center;\" bgcolor=\"lightgray\"><b>Wechsel<\/b>\n<\/td>\n<\/tr>\n<tr>\n<th style=\"text-align:left;\"><b>Wechsel<\/b>\n<\/th>\n<th style=\"text-align:left;\"><a href=\"\/Stefan_Lainer\" title=\"Stefan Lainer\">Stefan Lainer<\/a> f\u00fcr Schwegler(61.), <a href=\"\/Havard_Nielsen\" title=\"Havard Nielsen\">Havard Nielsen<\/a> f\u00fcr Berisha (71.), <a href=\"\/Hany_Mukhtar\" title=\"Hany Mukhtar\">Hany Mukhtar<\/a> f\u00fcr Minamino (71.)\n<\/th>\n<\/tr>\n<tr>\n<td colspan=\"2\" style=\"text-align:center;\" bgcolor=\"lightgray\"><b>Statistik<\/b>\n<\/td>\n<\/tr>\n<tr>\n<th style=\"text-align:left;\"><b>Endstand<\/b>\n<\/th>\n<th style=\"text-align:left;\">8:0 (2:0)\n<\/th>\n<\/tr>\n<tr>\n<th style=\"text-align:left;\"><b>Torsch\u00fctzen<\/b>\n<\/th>\n<th style=\"text-align:left;\">Soriano (31.,55.), Berisha (44.,70.), Keita (56.), Minamino (64.), Damari (75.), Mukhtar (86.)\n<\/th>\n<\/tr>\n<tr>\n<th style=\"text-align:left;\"><b>Gelbe Karten<\/b>\n<\/th>\n<th style=\"text-align:left;\">Caleta-Car (44.); Ebner (17.)\n<\/th>\n<\/tr>\n<tr>\n<th style=\"text-align:left;\"><b>Rote Karten<\/b>\n<\/th>\n<th style=\"text-align:left;\">\n<\/th>\n<\/tr>\n<tr>\n<th style=\"text-align:left;\"><b>Schiedsrichter<\/b>\n<\/th>\n<th style=\"text-align:left;\">Dieter Muckenhammer\n<\/th>\n<\/tr>\n<tr>\n<th style=\"text-align:left;\"><b>Stadion<\/b>\n<\/th>\n<th style=\"text-align:left;\">Red Bull Arena, Salzburg\n<\/th>\n<\/tr>\n<tr>\n<th style=\"text-align:left;\"><b>Zuschauer<\/b>\n<\/th>\n<th style=\"text-align:left;\">7 715\n<\/th>\n<\/tr>\n<\/tbody>\n<\/table>\n<ul>\n<li>Christian Schwegler bestritt sein 200. Pflichtspiel f\u00fcr die Salzburger.<\/li>\n<\/ul>\n<h2><span class=\"mw-headline\" id=\"Weblinks\">Weblinks<\/span><a href=\"\/index.php?title=12._Runde,_Saison_2015\/16_FC_Red_Bull_Salzburg_gegen_Admira_Wacker_M%C3%B6dling&amp;action=edit&amp;section=2\" title=\"Abschnitt bearbeiten: Weblinks\">Bearbeiten<\/a><span class=\"mw-editsection-bracket\">]<\/span><\/span><\/h2>\n<ul>\n<li><a rel=\"nofollow\" class=\"external text\" href=\"http:\/\/www.redbullsalzburg.at\/de\/fc-red-bull-salzburg\/news\/saison_2015_16\/rote-bullen-gewinnen-mit-einem-8-0-kantersieg.html\">Spielbericht Vereinshomepage<\/a><\/li>\n<li><a rel=\"nofollow\" class=\"external text\" href=\"http:\/\/www.salzburg12.at\/2015\/10\/furioser-zweiter-durchgang-salzburg-massakriert-die-admira\/\">Spielbericht Salzburg12.at<\/a><\/li>\n<\/ul>\n<p>&lt;youtube&gt;qxP_KzK5qzo&lt;\/youtube&gt;\n<\/p>\n<h2><span class=\"mw-headline\" id=\"Bilder\">Bilder<\/span><a href=\"\/index.php?title=12._Runde,_Saison_2015\/16_FC_Red_Bull_Salzburg_gegen_Admira_Wacker_M%C3%B6dling&amp;action=edit&amp;section=3\" title=\"Abschnitt bearbeiten: Bilder\">Bearbeiten<\/a><span class=\"mw-editsection-bracket\">]<\/span><\/span><\/h2>\n<ul>\n<li>Wikimedia Commons (User:Werner100359)<\/li>\n<\/ul>\n<ul class=\"gallery mw-gallery-traditional\">\n<li class=\"gallerybox\" style=\"width: 155px\">\n<div style=\"width: 155px\">\n<div class=\"thumb\" style=\"width: 150px;\">\n<div style=\"margin:19.5px auto;\"><a href=\"\/Datei:FC_Red_Bull_Salzburg_gegen_Admira_Wacker_M%C3%B6dling_(Oktober_2015)_19.JPG\" class=\"image\"><img alt=\"FC Red Bull Salzburg gegen Admira Wacker M\u00f6dling (Oktober 2015) 19.JPG\" src=\"\/images\/thumb\/1\/1e\/FC_Red_Bull_Salzburg_gegen_Admira_Wacker_M%C3%B6dling_%28Oktober_2015%29_19.JPG\/120px-FC_Red_Bull_Salzburg_gegen_Admira_Wacker_M%C3%B6dling_%28Oktober_2015%29_19.JPG%3Futm_source%3Dcommons.wikimedia.org%26utm_campaign%3Dimageinfo%26utm_content%3Dthumbnail\" decoding=\"async\" width=\"120\" height=\"111\" srcset=\"\/images\/thumb\/1\/1e\/FC_Red_Bull_Salzburg_gegen_Admira_Wacker_M%C3%B6dling_%28Oktober_2015%29_19.JPG\/250px-FC_Red_Bull_Salzburg_gegen_Admira_Wacker_M%C3%B6dling_%28Oktober_2015%29_19.JPG%3Futm_source%3Dcommons.wikimedia.org%26utm_campaign%3Dimageinfo%26utm_content%3Dthumbnail 1.5x\" \/><\/a><\/div>\n<\/div>\n<div class=\"gallerytext\">\n\t\t\t<\/div>\n<\/p><\/div>\n<\/li>\n<li class=\"gallerybox\" style=\"width: 155px\">\n<div style=\"width: 155px\">\n<div class=\"thumb\" style=\"width: 150px;\">\n<div style=\"margin:56px auto;\"><a href=\"\/Datei:FC_Red_Bull_Salzburg_gegen_Admira_Wacker_M%C3%B6dling_(Oktober_2015)_22.JPG\" class=\"image\"><img alt=\"FC Red Bull Salzburg gegen Admira Wacker M\u00f6dling (Oktober 2015) 22.JPG\" src=\"\/images\/thumb\/5\/57\/FC_Red_Bull_Salzburg_gegen_Admira_Wacker_M%C3%B6dling_%28Oktober_2015%29_22.JPG\/120px-FC_Red_Bull_Salzburg_gegen_Admira_Wacker_M%C3%B6dling_%28Oktober_2015%29_22.JPG%3Futm_source%3Dcommons.wikimedia.org%26utm_campaign%3Dimageinfo%26utm_content%3Dthumbnail\" decoding=\"async\" width=\"120\" height=\"38\" srcset=\"\/images\/thumb\/5\/57\/FC_Red_Bull_Salzburg_gegen_Admira_Wacker_M%C3%B6dling_%28Oktober_2015%29_22.JPG\/250px-FC_Red_Bull_Salzburg_gegen_Admira_Wacker_M%C3%B6dling_%28Oktober_2015%29_22.JPG%3Futm_source%3Dcommons.wikimedia.org%26utm_campaign%3Dimageinfo%26utm_content%3Dthumbnail 1.5x\" \/><\/a><\/div>\n<\/div>\n<div class=\"gallerytext\">\n\t\t\t<\/div>\n<\/p><\/div>\n<\/li>\n<li class=\"gallerybox\" style=\"width: 155px\">\n<div style=\"width: 155px\">\n<div class=\"thumb\" style=\"width: 150px;\">\n<div style=\"margin:15px auto;\"><a href=\"\/Datei:FC_Red_Bull_Salzburg_gegen_Admira_Wacker_M%C3%B6dling_(Oktober_2015)_48.JPG\" class=\"image\"><img alt=\"FC Red Bull Salzburg gegen Admira Wacker M\u00f6dling (Oktober 2015) 48.JPG\" src=\"\/images\/thumb\/1\/1a\/FC_Red_Bull_Salzburg_gegen_Admira_Wacker_M%C3%B6dling_%28Oktober_2015%29_48.JPG\/120px-FC_Red_Bull_Salzburg_gegen_Admira_Wacker_M%C3%B6dling_%28Oktober_2015%29_48.JPG%3Futm_source%3Dcommons.wikimedia.org%26utm_campaign%3Dimageinfo%26utm_content%3Dthumbnail\" decoding=\"async\" width=\"99\" height=\"120\" srcset=\"\/images\/thumb\/1\/1a\/FC_Red_Bull_Salzburg_gegen_Admira_Wacker_M%C3%B6dling_%28Oktober_2015%29_48.JPG\/250px-FC_Red_Bull_Salzburg_gegen_Admira_Wacker_M%C3%B6dling_%28Oktober_2015%29_48.JPG%3Futm_source%3Dcommons.wikimedia.org%26utm_campaign%3Dimageinfo%26utm_content%3Dthumbnail 1.5x\" \/><\/a><\/div>\n<\/div>\n<div class=\"gallerytext\">\n\t\t\t<\/div>\n<\/p><\/div>\n<\/li>\n<li class=\"gallerybox\" style=\"width: 155px\">\n<div style=\"width: 155px\">\n<div class=\"thumb\" style=\"width: 150px;\">\n<div style=\"margin:15px auto;\"><a href=\"\/Datei:FC_Red_Bull_Salzburg_gegen_Admira_Wacker_M%C3%B6dling_(Oktober_2015)_31.JPG\" class=\"image\"><img loading=\"lazy\" alt=\"FC Red Bull Salzburg gegen Admira Wacker M\u00f6dling (Oktober 2015) 31.JPG\" src=\"\/images\/thumb\/4\/4a\/FC_Red_Bull_Salzburg_gegen_Admira_Wacker_M%C3%B6dling_%28Oktober_2015%29_31.JPG\/120px-FC_Red_Bull_Salzburg_gegen_Admira_Wacker_M%C3%B6dling_%28Oktober_2015%29_31.JPG%3Futm_source%3Dcommons.wikimedia.org%26utm_campaign%3Dimageinfo%26utm_content%3Dthumbnail\" decoding=\"async\" width=\"68\" height=\"120\" srcset=\"\/images\/thumb\/4\/4a\/FC_Red_Bull_Salzburg_gegen_Admira_Wacker_M%C3%B6dling_%28Oktober_2015%29_31.JPG\/250px-FC_Red_Bull_Salzburg_gegen_Admira_Wacker_M%C3%B6dling_%28Oktober_2015%29_31.JPG%3Futm_source%3Dcommons.wikimedia.org%26utm_campaign%3Dimageinfo%26utm_content%3Dthumbnail 2x\" \/><\/a><\/div>\n<\/div>\n<div class=\"gallerytext\">\n\t\t\t<\/div>\n<\/p><\/div>\n<\/li>\n<\/ul>\n<p><img loading=\"lazy\" alt=\"\" src=\"\/images\/thumb\/4\/4a\/Commons-logo.svg\/langde-20px-Commons-logo.svg.png%3Futm_source%3Dcommons.wikimedia.org%26utm_campaign%3Dimageinfo%26utm_content%3Dthumbnail\" decoding=\"async\" title=\"Commons\" width=\"12\" height=\"16\" srcset=\"\/images\/thumb\/4\/4a\/Commons-logo.svg\/langde-40px-Commons-logo.svg.png%3Futm_source%3Dcommons.wikimedia.org%26utm_campaign%3Dimageinfo%26utm_content%3Dthumbnail 2x\" \/>&#160;<b><a href=\"http:\/\/commons.wikimedia.org\/wiki\/Category:FC_Red_Bull_Salzburg_gegen_Admira_Wacker_M%C3%B6dling_(17._Oktober_2015)\" class=\"extiw\" title=\"commons:Category:FC Red Bull Salzburg gegen Admira Wacker M\u00f6dling (17. Oktober 2015)\">12. Runde, Saison 2015\/16 FC Red Bull Salzburg gegen Admira Wacker M\u00f6dling<\/a><\/b>&#160;\u2013 Sammlung von Bildern, Videos und Audiodateien auf <a href=\"\/Wikimedia_Commons\" title=\"Wikimedia Commons\">Wikimedia Commons<\/a>\n<\/p>\n<h2><span class=\"mw-headline\" id=\"Stimmen_zum_Spiel\">Stimmen zum Spiel<\/span><a href=\"\/index.php?title=12._Runde,_Saison_2015\/16_FC_Red_Bull_Salzburg_gegen_Admira_Wacker_M%C3%B6dling&amp;action=edit&amp;section=4\" title=\"Abschnitt bearbeiten: Stimmen zum Spiel\">Bearbeiten<\/a><span class=\"mw-editsection-bracket\">]<\/span><\/span><\/h2>\n<ul>\n<li><b>Peter Zeidler:<\/b>In der ersten Halbzeit haben wir uns lange sehr schwergetan und hatten mit der kompakten Spielweise der Admira so unsere Probleme. Das F\u00fchrungstor hat unserem Spiel dann \u00e4u\u00dferst gutgetan, auch der zweite Treffer ist zu einem wichtigen Zeitpunkt gefallen. Was meine Mannschaft dann in der zweiten Halbzeit gezeigt hat, war wirklich gro\u00dfer Sport und l\u00e4sst jedes Fu\u00dfballerherz h\u00f6herschlagen. Was mich besonders freut, ist, dass die Zuseher w\u00e4hrend dem Spiel so mitgegangen sind und uns lautstark angefeuert haben. Es tut wirklich gut, 8:0 zu gewinnen, wir wissen aber, wie wir das einordnen m\u00fcssen und konzentrieren uns auf die n\u00e4chsten Aufgaben.<\/li>\n<\/ul>\n<ul>\n<li><b>Jonatan Soriano:<\/b>Heute war ein gro\u00dfer Tag f\u00fcr uns. Gegen einen guten Gegner 8:0 zu spielen, ist nicht so einfach. Das bedeutet ganz einfach, dass wir heute 90 Minuten lang sehr, sehr gut gespielt haben. So, wie wir dieses Spiel heute angegangen sind und gewonnen haben, war das gut f\u00fcr die ganze Mannschaft.<\/li>\n<\/ul>\n<ul>\n<li><b>Valon Berisha:<\/b>Wir haben heute ein sehr gutes Spiel gemacht. In der ersten Halbzeit waren wir noch nicht ganz so im Tritt, haben aber trotzdem aus den Chancen, die wir herausspielen konnten, zwei Tore gemacht. Ja, und in der zweiten Halbzeit haben wir dann richtig toll gespielt, sehr sch\u00f6ne Tore geschossen, und das war ganz wichtig f\u00fcr unsere Entwicklung im Team, denn heute konnten wir alles, was wir uns vorgenommen haben, auf dem Platz umsetzen. Und dann bekommst du richtig Laune und willst unbedingt noch das neunte Tor machen, dann h\u00e4tten wir einen Torrekord geschafft.<\/li>\n<\/ul>\n<ul>\n<li><b>Hany Mukhtar:<\/b>Das war heute eine ganz tolle Mannschaftsleistung, und da sieht man wieder, wie viel Potenzial in unserer Mannschaft steckt. Jetzt m\u00fcssen wir aber schon wieder nach vorne schauen, denn vor uns liegt ja schon wieder die n\u00e4chste Aufgabe.<\/li>\n<\/ul>\n<\/div>\n","protected":false},"excerpt":{"rendered":"<p>FaktenBearbeiten] FC Red Bull Salzburg gegen Admira Wacker M\u00f6dling, 8:0 Spieltag Bundesliga &#8211; 12. Spieltag Datum 17. Oktober 2015 Anpfiff 16 Uhr Aufstellung Tor Alexander Walke Verteidigung Christian Schwegler &#8211; Paulo Miranda &#8211; Duje Caleta-Car &#8211; Andreas Ulmer Mittelfeld Benno Schmitz &#8211; Valon Berisha &#8211; Naby Keita &#8211; Takumi Minamino Sturm Omer Damari &#8211; Jonatan [&hellip;]<\/p>\n","protected":false},"author":1,"featured_media":0,"comment_status":"open","ping_status":"open","sticky":false,"template":"","format":"standard","meta":{"footnotes":""},"categories":[270],"tags":[],"class_list":["post-371","post","type-post","status-publish","format-standard","hentry","category-12-runde-saison-2015"],"_links":{"self":[{"href":"https:\/\/wiki.s12.at\/index.php\/wp-json\/wp\/v2\/posts\/371","targetHints":{"allow":["GET"]}}],"collection":[{"href":"https:\/\/wiki.s12.at\/index.php\/wp-json\/wp\/v2\/posts"}],"about":[{"href":"https:\/\/wiki.s12.at\/index.php\/wp-json\/wp\/v2\/types\/post"}],"author":[{"embeddable":true,"href":"https:\/\/wiki.s12.at\/index.php\/wp-json\/wp\/v2\/users\/1"}],"replies":[{"embeddable":true,"href":"https:\/\/wiki.s12.at\/index.php\/wp-json\/wp\/v2\/comments?post=371"}],"version-history":[{"count":0,"href":"https:\/\/wiki.s12.at\/index.php\/wp-json\/wp\/v2\/posts\/371\/revisions"}],"wp:attachment":[{"href":"https:\/\/wiki.s12.at\/index.php\/wp-json\/wp\/v2\/media?parent=371"}],"wp:term":[{"taxonomy":"category","embeddable":true,"href":"https:\/\/wiki.s12.at\/index.php\/wp-json\/wp\/v2\/categories?post=371"},{"taxonomy":"post_tag","embeddable":true,"href":"https:\/\/wiki.s12.at\/index.php\/wp-json\/wp\/v2\/tags?post=371"}],"curies":[{"name":"wp","href":"https:\/\/api.w.org\/{rel}","templated":true}]}}