{"id":3621,"date":"2026-05-06T15:21:50","date_gmt":"2026-05-06T13:21:50","guid":{"rendered":"https:\/\/wiki.s12.at\/index.php\/2026\/05\/06\/dinamo-zagreb-gegen-fc-salzburg-2022-23\/"},"modified":"2026-05-06T15:21:50","modified_gmt":"2026-05-06T13:21:50","slug":"dinamo-zagreb-gegen-fc-salzburg-2022-23","status":"publish","type":"post","link":"https:\/\/wiki.s12.at\/index.php\/2026\/05\/06\/dinamo-zagreb-gegen-fc-salzburg-2022-23\/","title":{"rendered":"23)"},"content":{"rendered":"<div class=\"mw-parser-output\">\n<table class=\"toptextcells toccolours\">\n<tbody>\n<tr>\n<th colspan=\"2\" style=\"text-align: center; vertical-align: top; padding: 0.3em 0.8em; font-size: 125%; background-color: lightsteelblue;\">Dinamo Zagreb gegen FC Salzburg,  1:1\n<\/th>\n<\/tr>\n<tr>\n<th style=\"text-align:left;\"><b>Spieltag<\/b>\n<\/th>\n<th style=\"text-align:left;\">UEFA Championsleague Gruppe E, 4. Runde\n<\/th>\n<\/tr>\n<tr>\n<th style=\"text-align:left;\"><b>Datum<\/b>\n<\/th>\n<th style=\"text-align:left;\">11. Oktober 2022\n<\/th>\n<\/tr>\n<tr>\n<th style=\"text-align:left;\"><b>Anpfiff<\/b>\n<\/th>\n<th style=\"text-align:left;\">21 Uhr\n<\/th>\n<\/tr>\n<tr>\n<td colspan=\"2\" style=\"text-align:center;\" bgcolor=\"lightgray\"><b>Aufstellung<\/b>\n<\/td>\n<\/tr>\n<tr>\n<th style=\"text-align:left;\"><b>Tor<\/b>\n<\/th>\n<th><a href=\"\/Philipp_K%C3%B6hn\" title=\"Philipp K\u00f6hn\">Philipp K\u00f6hn <\/a>\n<\/th>\n<\/tr>\n<tr>\n<th style=\"text-align:left;\"><b>Verteidigung<\/b>\n<\/th>\n<th><a href=\"\/Amar_Dedic\" title=\"Amar Dedic\">Amar Dedic<\/a> &#8211; <a href=\"\/Oumar_Solet\" title=\"Oumar Solet\">Oumar Solet<\/a>  &#8211;<a href=\"\/Strahinja_Pavlovic\" title=\"Strahinja Pavlovic\">Strahinja Pavlovic<\/a>  &#8211;  <a href=\"\/Andreas_Ulmer\" title=\"Andreas Ulmer\">Andreas Ulmer<\/a>\n<\/th>\n<\/tr>\n<tr>\n<th style=\"text-align:left;\"><b>Mittelfeld<\/b>\n<\/th>\n<th><a href=\"\/Nicolas_Seiwald\" title=\"Nicolas Seiwald\">Nicolas Seiwald<\/a> &#8211; <a href=\"\/Maurits_Kjaergaard\" title=\"Maurits Kjaergaard\">Maurits Kjaergaard<\/a> &#8211; <a href=\"\/Luka_Sucic\" title=\"Luka Sucic\">Luka Sucic<\/a> &#8211; <a href=\"\/Lucas_Gourna-Douath\" title=\"Lucas Gourna-Douath\">Lucas Gourna-Douath<\/a>\n<\/th>\n<\/tr>\n<tr>\n<th style=\"text-align:left;\"><b>Sturm<\/b>\n<\/th>\n<th><a href=\"\/Benjamin_Sesko\" class=\"mw-redirect\" title=\"Benjamin Sesko\">Benjamin Sesko<\/a> &#8211; <a href=\"\/Noah_Okafor\" title=\"Noah Okafor\">Noah Okafor<\/a>\n<\/th>\n<\/tr>\n<tr>\n<td colspan=\"2\" style=\"text-align:center;\" bgcolor=\"lightgray\"><b>Wechsel<\/b>\n<\/td>\n<\/tr>\n<tr>\n<th style=\"text-align:left;\"><b>Wechsel<\/b>\n<\/th>\n<th style=\"text-align:left;\"><a href=\"\/Junior_Adamu\" class=\"mw-redirect\" title=\"Junior Adamu\">Junior Adamu<\/a> f\u00fcr Okafor (62.), <a href=\"\/Roko_Simic\" title=\"Roko Simic\">Roko Simic<\/a> f\u00fcr Sesko (86.)\n<\/th>\n<\/tr>\n<tr>\n<td colspan=\"2\" style=\"text-align:center;\" bgcolor=\"lightgray\"><b>Statistik<\/b>\n<\/td>\n<\/tr>\n<tr>\n<th style=\"text-align:left;\"><b>Endstand<\/b>\n<\/th>\n<th style=\"text-align:left;\">1:1 (1:1)\n<\/th>\n<\/tr>\n<tr>\n<th style=\"text-align:left;\"><b>Torsch\u00fctzen<\/b>\n<\/th>\n<th style=\"text-align:left;\">Ljubicic  (40.); Seiwald (12.)\n<\/th>\n<\/tr>\n<tr>\n<th style=\"text-align:left;\"><b>Gelbe Karten<\/b>\n<\/th>\n<th style=\"text-align:left;\">Ivanu\u0161ec  (52.); Pavlovic (90.), Sucic (93.)\n<\/th>\n<\/tr>\n<tr>\n<th style=\"text-align:left;\"><b>Rote Karten<\/b>\n<\/th>\n<th style=\"text-align:left;\">\n<\/th>\n<\/tr>\n<tr>\n<th style=\"text-align:left;\"><b>Schiedsrichter<\/b>\n<\/th>\n<th style=\"text-align:left;\">Tobias Stieler (GER)\n<\/th>\n<\/tr>\n<tr>\n<th style=\"text-align:left;\"><b>Stadion<\/b>\n<\/th>\n<th style=\"text-align:left;\">Stadion Maksimir, Zagreb\n<\/th>\n<\/tr>\n<tr>\n<th style=\"text-align:left;\"><b>Zuschauer<\/b>\n<\/th>\n<th style=\"text-align:left;\">\n<\/th>\n<\/tr>\n<\/tbody>\n<\/table>\n<h2><span class=\"mw-headline\" id=\"Spielbericht\">Spielbericht<\/span><a href=\"\/index.php?title=Dinamo_Zagreb_gegen_FC_Salzburg_(2022\/23)&amp;action=edit&amp;section=1\" title=\"Abschnitt bearbeiten: Spielbericht\">Bearbeiten<\/a><span class=\"mw-editsection-bracket\">]<\/span><\/span><\/h2>\n<p><a rel=\"nofollow\" class=\"external text\" href=\"https:\/\/www.redbullsalzburg.at\/de\/2022-2023\/spielplan\/champions-league-runde-4-gnk-dinamo-zagreb-vs-fc-salzburg#spielbericht\">Spielbericht Vereinshomepage<\/a>\n<\/p>\n<h2><span class=\"mw-headline\" id=\"Stimmen_zum_Spiel\">Stimmen zum Spiel<\/span><a href=\"\/index.php?title=Dinamo_Zagreb_gegen_FC_Salzburg_(2022\/23)&amp;action=edit&amp;section=2\" title=\"Abschnitt bearbeiten: Stimmen zum Spiel\">Bearbeiten<\/a><span class=\"mw-editsection-bracket\">]<\/span><\/span><\/h2>\n<p><b>Matthias Jaissle:<\/b> Wenn man das komplette Spiel betrachtet, geht es in Ordnung. In der letzten halben Stunde waren wir am Dr\u00fccker, aber ja, wir haben das direkte Duell mit Zagreb gewonnen und nehmen den Punkt mit. Die Anspr\u00fcche wachsen extrem. Wir marschieren hier wieder mit der j\u00fcngsten Truppe durch Europa und haben noch kein Spiel verloren \u2013 daran muss man die Burschen schon auch mal wieder erinnern.\n<\/p>\n<p><b>Nicolas Seiwald:<\/b> Am Schluss k\u00f6nnen wir die Tore machen, da haben wir die Chancen. Aber in der ersten Stunde haben wir unser Spiel nicht auf den Platz gebracht. Daher sind wir zufrieden. Wir sind noch immer ungeschlagen, das ist das Positive. Jetzt schauen wir weiter!\n<\/p>\n<p><b>Andreas Ulmer:<\/b> Das war sicher nicht unser bestes Spiel heute. Wir kommen gut hinein, gehen in F\u00fchrung \u2013 aber dann hat Dinamo den Druck erh\u00f6ht. Da haben wir uns schwer befreien k\u00f6nnen. In der zweiten Halbzeit waren wir besser im Spiel und hatten auch ein besseres Gef\u00fchl am Platz. Mit dem Punkt k\u00f6nnen wir zufrieden sein. Jetzt kommen noch zwei richtig coole Spiele auf uns zu!\n<\/p>\n<\/div>\n","protected":false},"excerpt":{"rendered":"<p>Dinamo Zagreb gegen FC Salzburg, 1:1 Spieltag UEFA Championsleague Gruppe E, 4. Runde Datum 11. Oktober 2022 Anpfiff 21 Uhr Aufstellung Tor Philipp K\u00f6hn Verteidigung Amar Dedic &#8211; Oumar Solet &#8211;Strahinja Pavlovic &#8211; Andreas Ulmer Mittelfeld Nicolas Seiwald &#8211; Maurits Kjaergaard &#8211; Luka Sucic &#8211; Lucas Gourna-Douath Sturm Benjamin Sesko &#8211; Noah Okafor Wechsel Wechsel [&hellip;]<\/p>\n","protected":false},"author":1,"featured_media":0,"comment_status":"open","ping_status":"open","sticky":false,"template":"","format":"standard","meta":{"footnotes":""},"categories":[2290],"tags":[],"class_list":["post-3621","post","type-post","status-publish","format-standard","hentry","category-dinamo-zagreb-gegen-fc-salzburg-2022"],"_links":{"self":[{"href":"https:\/\/wiki.s12.at\/index.php\/wp-json\/wp\/v2\/posts\/3621","targetHints":{"allow":["GET"]}}],"collection":[{"href":"https:\/\/wiki.s12.at\/index.php\/wp-json\/wp\/v2\/posts"}],"about":[{"href":"https:\/\/wiki.s12.at\/index.php\/wp-json\/wp\/v2\/types\/post"}],"author":[{"embeddable":true,"href":"https:\/\/wiki.s12.at\/index.php\/wp-json\/wp\/v2\/users\/1"}],"replies":[{"embeddable":true,"href":"https:\/\/wiki.s12.at\/index.php\/wp-json\/wp\/v2\/comments?post=3621"}],"version-history":[{"count":0,"href":"https:\/\/wiki.s12.at\/index.php\/wp-json\/wp\/v2\/posts\/3621\/revisions"}],"wp:attachment":[{"href":"https:\/\/wiki.s12.at\/index.php\/wp-json\/wp\/v2\/media?parent=3621"}],"wp:term":[{"taxonomy":"category","embeddable":true,"href":"https:\/\/wiki.s12.at\/index.php\/wp-json\/wp\/v2\/categories?post=3621"},{"taxonomy":"post_tag","embeddable":true,"href":"https:\/\/wiki.s12.at\/index.php\/wp-json\/wp\/v2\/tags?post=3621"}],"curies":[{"name":"wp","href":"https:\/\/api.w.org\/{rel}","templated":true}]}}