{"id":352,"date":"2026-05-06T12:59:03","date_gmt":"2026-05-06T10:59:03","guid":{"rendered":"http:\/\/wiki.s12.at\/index.php\/2026\/05\/06\/12-runde-saison-1986-87-mittleres-play-off-vorwaerts-steyr-austria-salzburg\/"},"modified":"2026-05-06T12:59:03","modified_gmt":"2026-05-06T10:59:03","slug":"12-runde-saison-1986-87-mittleres-play-off-vorwaerts-steyr-austria-salzburg","status":"publish","type":"post","link":"https:\/\/wiki.s12.at\/index.php\/2026\/05\/06\/12-runde-saison-1986-87-mittleres-play-off-vorwaerts-steyr-austria-salzburg\/","title":{"rendered":"87, Mittleres Play-off, Vorw\u00e4rts Steyr &#8211; Austria Salzburg"},"content":{"rendered":"<div class=\"mw-parser-output\">\n<h3><span class=\"mw-headline\" id=\"Fakten\">Fakten<\/span><a href=\"\/index.php?title=12._Runde,_Saison_1986\/87,_Mittleres_Play-off,_Vorw%C3%A4rts_Steyr_-_Austria_Salzburg&amp;action=edit&amp;section=1\" title=\"Abschnitt bearbeiten: Fakten\">Bearbeiten<\/a><span class=\"mw-editsection-bracket\">]<\/span><\/span><\/h3>\n<p><b>Mittleres Play-off, Saison 1986\/87, 13. Juni 1987, 15.30 Uhr<\/b><br \/>\n\n<\/p>\n<table class=\"wikitable\">\n<caption><b><big>SK Vorw\u00e4rts Steyr gegen SV Austria Salzburg, 1:1<\/big><\/b> <br \/>\n<\/caption>\n<tbody>\n<tr>\n<td>Aufstellung:<\/td>\n<td><a href=\"\/Marinko_Koljanin\" title=\"Marinko Koljanin\">Marinko Koljanin<\/a> <a href=\"\/Christian_F%C3%BCrstaller\" title=\"Christian F\u00fcrstaller\">Christian F\u00fcrstaller<\/a> <a href=\"\/Karl_Hodits\" title=\"Karl Hodits\">Karl Hodits<\/a> <a href=\"\/Wolfgang_Hupfauf\" title=\"Wolfgang Hupfauf\">Wolfgang Hupfauf<\/a>  <a href=\"\/Gustav_Kofler\" title=\"Gustav Kofler\">Gustav Kofler<\/a> <a href=\"\/Wolfgang_Feiersinger\" title=\"Wolfgang Feiersinger\">Wolfgang Feiersinger<\/a>   <a href=\"\/Walter_Koch\" title=\"Walter Koch\">Walter Koch<\/a><br \/>  <a href=\"\/Efrem_Mocinic\" title=\"Efrem Mocinic\">Efrem Mocinic<\/a> (80. <a href=\"\/Georg_Wimmer\" title=\"Georg Wimmer\">Georg Wimmer<\/a>)  <a href=\"\/Gerald_Baumgartner\" title=\"Gerald Baumgartner\">Gerald Baumgartner<\/a> <a href=\"\/Srecko_Kurbasa\" class=\"mw-redirect\" title=\"Srecko Kurbasa\">Srecko Kurbasa<\/a> (75. <a href=\"\/Christian_Helminger\" title=\"Christian Helminger\">Christian Helminger<\/a> ) <a href=\"\/Anton_Schn%C3%B6ll\" title=\"Anton Schn\u00f6ll\">Anton Schn\u00f6ll<\/a>\n<\/td>\n<\/tr>\n<tr>\n<td>Endstand:<\/td>\n<td>1:1 (0:1)\n<\/td>\n<\/tr>\n<tr>\n<td>Torsch\u00fctzen:<\/td>\n<td>Lehermayr (79.); Schn\u00f6ll (26.)\n<\/td>\n<\/tr>\n<tr>\n<td>Gelbe Karten:<\/td>\n<td>Feiersinger, Kofler\n<\/td>\n<\/tr>\n<tr>\n<td>Gelb-rote Karten:<\/td>\n<td>\n<\/td>\n<\/tr>\n<tr>\n<td>Rote Karten:<\/td>\n<td>Amersek (65.); Schn\u00f6ll (65.), Baumgartner (68.)\n<\/td>\n<\/tr>\n<tr>\n<td>Schiedsrichter:<\/td>\n<td>\n<\/td>\n<\/tr>\n<tr>\n<td>Stadion:<\/td>\n<td>Vorw\u00e4rts- Stadion, Steyr\n<\/td>\n<\/tr>\n<tr>\n<td>Zuschauer:<\/td>\n<td>4 000\n<\/td>\n<\/tr>\n<\/tbody>\n<\/table>\n<\/div>\n","protected":false},"excerpt":{"rendered":"<p>FaktenBearbeiten] Mittleres Play-off, Saison 1986\/87, 13. Juni 1987, 15.30 Uhr SK Vorw\u00e4rts Steyr gegen SV Austria Salzburg, 1:1 Aufstellung: Marinko Koljanin Christian F\u00fcrstaller Karl Hodits Wolfgang Hupfauf Gustav Kofler Wolfgang Feiersinger Walter Koch Efrem Mocinic (80. Georg Wimmer) Gerald Baumgartner Srecko Kurbasa (75. Christian Helminger ) Anton Schn\u00f6ll Endstand: 1:1 (0:1) Torsch\u00fctzen: Lehermayr (79.); Schn\u00f6ll [&hellip;]<\/p>\n","protected":false},"author":1,"featured_media":0,"comment_status":"open","ping_status":"open","sticky":false,"template":"","format":"standard","meta":{"footnotes":""},"categories":[254],"tags":[],"class_list":["post-352","post","type-post","status-publish","format-standard","hentry","category-12-runde-saison-1986"],"_links":{"self":[{"href":"https:\/\/wiki.s12.at\/index.php\/wp-json\/wp\/v2\/posts\/352","targetHints":{"allow":["GET"]}}],"collection":[{"href":"https:\/\/wiki.s12.at\/index.php\/wp-json\/wp\/v2\/posts"}],"about":[{"href":"https:\/\/wiki.s12.at\/index.php\/wp-json\/wp\/v2\/types\/post"}],"author":[{"embeddable":true,"href":"https:\/\/wiki.s12.at\/index.php\/wp-json\/wp\/v2\/users\/1"}],"replies":[{"embeddable":true,"href":"https:\/\/wiki.s12.at\/index.php\/wp-json\/wp\/v2\/comments?post=352"}],"version-history":[{"count":0,"href":"https:\/\/wiki.s12.at\/index.php\/wp-json\/wp\/v2\/posts\/352\/revisions"}],"wp:attachment":[{"href":"https:\/\/wiki.s12.at\/index.php\/wp-json\/wp\/v2\/media?parent=352"}],"wp:term":[{"taxonomy":"category","embeddable":true,"href":"https:\/\/wiki.s12.at\/index.php\/wp-json\/wp\/v2\/categories?post=352"},{"taxonomy":"post_tag","embeddable":true,"href":"https:\/\/wiki.s12.at\/index.php\/wp-json\/wp\/v2\/tags?post=352"}],"curies":[{"name":"wp","href":"https:\/\/api.w.org\/{rel}","templated":true}]}}