{"id":3399,"date":"2026-05-06T15:13:41","date_gmt":"2026-05-06T13:13:41","guid":{"rendered":"https:\/\/wiki.s12.at\/index.php\/2026\/05\/06\/bundesliga-saison-2001-02-austria-salzburg-sturm-graz\/"},"modified":"2026-05-06T15:13:41","modified_gmt":"2026-05-06T13:13:41","slug":"bundesliga-saison-2001-02-austria-salzburg-sturm-graz","status":"publish","type":"post","link":"https:\/\/wiki.s12.at\/index.php\/2026\/05\/06\/bundesliga-saison-2001-02-austria-salzburg-sturm-graz\/","title":{"rendered":"02, Austria Salzburg &#8211; Sturm Graz"},"content":{"rendered":"<div class=\"mw-parser-output\">\n<h3><span class=\"mw-headline\" id=\"Fakten\">Fakten<\/span><a href=\"\/index.php?title=Bundesliga,_Saison_2001\/02,_Austria_Salzburg_-_Sturm_Graz&amp;action=edit&amp;section=1\" title=\"Abschnitt bearbeiten: Fakten\">Bearbeiten<\/a><span class=\"mw-editsection-bracket\">]<\/span><\/span><\/h3>\n<p><b>Bundesliga &#8211; 12. Spieltag: 22. September 2001, 17.15 Uhr<\/b><br \/>\n\n<\/p>\n<table class=\"wikitable\">\n<caption><b> <big> SV Austria Salzburg gegen SK Sturm Graz, 0:2<\/big><\/b><br \/>\n<\/caption>\n<tbody>\n<tr>\n<td>Aufstellung:<\/td>\n<td><a href=\"\/Heinz_Arzberger\" title=\"Heinz Arzberger\">Heinz Arzberger<\/a> <a href=\"\/Roman_Szewczyk\" title=\"Roman Szewczyk\">Roman Szewczyk<\/a> <a href=\"\/Julio_Suazo\" class=\"mw-redirect\" title=\"Julio Suazo\">Julio Suazo<\/a> <a href=\"\/Robert_Fr%C3%BCst%C3%BCk\" title=\"Robert Fr\u00fcst\u00fck\">Robert Fr\u00fcst\u00fck<\/a> <a href=\"\/Richard_Kitzbichler\" title=\"Richard Kitzbichler\">Richard Kitzbichler<\/a> <a href=\"\/J%C3%BCrgen_Friedl\" title=\"J\u00fcrgen Friedl\">J\u00fcrgen Friedl<\/a> (46. <a href=\"\/Wolfgang_Feiersinger\" title=\"Wolfgang Feiersinger\">Wolfgang Feiersinger<\/a>) <a href=\"\/Heimo_Pfeifenberger\" title=\"Heimo Pfeifenberger\">Heimo Pfeifenberger<\/a> <a href=\"\/Maynor_Suazo\" title=\"Maynor Suazo\">Maynor Suazo<\/a> <a href=\"\/Heiko_Laessig\" title=\"Heiko Laessig\">Heiko Laessig<\/a> <a href=\"\/Attila_Korsos\" title=\"Attila Korsos\">Attila Korsos<\/a> (63. <a href=\"\/Andreas_Fading\" title=\"Andreas Fading\">Andreas Fading<\/a>) <a href=\"\/Alexander_Schriebl\" title=\"Alexander Schriebl\">Alexander Schriebl<\/a> (83. <a href=\"\/Walter_Lopez\" class=\"mw-redirect\" title=\"Walter Lopez\">Walter Lopez<\/a>)\n<\/td>\n<\/tr>\n<tr>\n<td>Endstand:<\/td>\n<td>0:2 (0:0)\n<\/td>\n<\/tr>\n<tr>\n<td>Torsch\u00fctzen:<\/td>\n<td>G. Korsos (58.), Vastic (82.)\n<\/td>\n<\/tr>\n<tr>\n<td>Gelbe Karten:<\/td>\n<td>M. Suazo (21.)\n<\/td>\n<\/tr>\n<tr>\n<td>Gelb-rote Karten:<\/td>\n<td>\n<\/td>\n<\/tr>\n<tr>\n<td>Rote Karten:<\/td>\n<td>\n<\/td>\n<\/tr>\n<tr>\n<td>Schiedsrichter:<\/td>\n<td>Fritz Stuchlik\n<\/td>\n<\/tr>\n<tr>\n<td>Stadion:<\/td>\n<td>Lehener Stadion, Salzburg\n<\/td>\n<\/tr>\n<tr>\n<td>Zuschauer:<\/td>\n<td>8 500\n<\/td>\n<\/tr>\n<\/tbody>\n<\/table>\n<\/div>\n","protected":false},"excerpt":{"rendered":"<p>FaktenBearbeiten] Bundesliga &#8211; 12. Spieltag: 22. September 2001, 17.15 Uhr SV Austria Salzburg gegen SK Sturm Graz, 0:2 Aufstellung: Heinz Arzberger Roman Szewczyk Julio Suazo Robert Fr\u00fcst\u00fck Richard Kitzbichler J\u00fcrgen Friedl (46. Wolfgang Feiersinger) Heimo Pfeifenberger Maynor Suazo Heiko Laessig Attila Korsos (63. Andreas Fading) Alexander Schriebl (83. Walter Lopez) Endstand: 0:2 (0:0) Torsch\u00fctzen: G. [&hellip;]<\/p>\n","protected":false},"author":1,"featured_media":0,"comment_status":"open","ping_status":"open","sticky":false,"template":"","format":"standard","meta":{"footnotes":""},"categories":[2257],"tags":[],"class_list":["post-3399","post","type-post","status-publish","format-standard","hentry","category-bundesliga-saison-2001"],"_links":{"self":[{"href":"https:\/\/wiki.s12.at\/index.php\/wp-json\/wp\/v2\/posts\/3399","targetHints":{"allow":["GET"]}}],"collection":[{"href":"https:\/\/wiki.s12.at\/index.php\/wp-json\/wp\/v2\/posts"}],"about":[{"href":"https:\/\/wiki.s12.at\/index.php\/wp-json\/wp\/v2\/types\/post"}],"author":[{"embeddable":true,"href":"https:\/\/wiki.s12.at\/index.php\/wp-json\/wp\/v2\/users\/1"}],"replies":[{"embeddable":true,"href":"https:\/\/wiki.s12.at\/index.php\/wp-json\/wp\/v2\/comments?post=3399"}],"version-history":[{"count":0,"href":"https:\/\/wiki.s12.at\/index.php\/wp-json\/wp\/v2\/posts\/3399\/revisions"}],"wp:attachment":[{"href":"https:\/\/wiki.s12.at\/index.php\/wp-json\/wp\/v2\/media?parent=3399"}],"wp:term":[{"taxonomy":"category","embeddable":true,"href":"https:\/\/wiki.s12.at\/index.php\/wp-json\/wp\/v2\/categories?post=3399"},{"taxonomy":"post_tag","embeddable":true,"href":"https:\/\/wiki.s12.at\/index.php\/wp-json\/wp\/v2\/tags?post=3399"}],"curies":[{"name":"wp","href":"https:\/\/api.w.org\/{rel}","templated":true}]}}