{"id":313,"date":"2026-05-06T12:58:31","date_gmt":"2026-05-06T10:58:31","guid":{"rendered":"http:\/\/wiki.s12.at\/index.php\/2026\/05\/06\/12-rundebundesliga-saison-1996-97-austria-salzburg-sturm-graz\/"},"modified":"2026-05-06T12:58:31","modified_gmt":"2026-05-06T10:58:31","slug":"12-rundebundesliga-saison-1996-97-austria-salzburg-sturm-graz","status":"publish","type":"post","link":"https:\/\/wiki.s12.at\/index.php\/2026\/05\/06\/12-rundebundesliga-saison-1996-97-austria-salzburg-sturm-graz\/","title":{"rendered":"97, Austria Salzburg &#8211; Sturm Graz"},"content":{"rendered":"<div class=\"mw-parser-output\">\n<h3><span class=\"mw-headline\" id=\"Fakten\">Fakten<\/span><a href=\"\/index.php?title=12.Runde:Bundesliga,_Saison_1996\/97,_Austria_Salzburg_-_Sturm_Graz&amp;action=edit&amp;section=1\" title=\"Abschnitt bearbeiten: Fakten\">Bearbeiten<\/a><span class=\"mw-editsection-bracket\">]<\/span><\/span><\/h3>\n<p><b>Bundesliga &#8211; 12. Spieltag: 12. Oktober 1996, 15.30  Uhr<\/b><br \/>\n\n<\/p>\n<table class=\"wikitable\">\n<caption><b> <big> SV Austria Salzburg gegen SK Sturm Graz , 1:0<\/big><\/b><br \/>\n<\/caption>\n<tbody>\n<tr>\n<td>Aufstellung:<\/td>\n<td><a href=\"\/Otto_Konrad\" title=\"Otto Konrad\">Otto Konrad<\/a>\n<\/td>\n<\/tr>\n<tr>\n<td><\/td>\n<td><a href=\"\/Walter_Kogler\" title=\"Walter Kogler\">Walter Kogler<\/a>, <a href=\"\/Franz_Aigner\" title=\"Franz Aigner\">Franz Aigner<\/a>, <a href=\"\/Roman_Szewczyk\" title=\"Roman Szewczyk\">Roman Szewczyk<\/a>, <a href=\"\/Thomas_Winklhofer\" title=\"Thomas Winklhofer\">Thomas Winklhofer<\/a>\n<\/td>\n<\/tr>\n<tr>\n<td><\/td>\n<td><a href=\"\/Gernot_Plassnegger\" title=\"Gernot Plassnegger\">Gernot Plassnegger<\/a>, <a href=\"\/Tomislav_Kocijan\" title=\"Tomislav Kocijan\">Tomislav Kocijan<\/a>, <a href=\"\/Walter_H%C3%B6rmann\" title=\"Walter H\u00f6rmann\">Walter H\u00f6rmann<\/a>, <a href=\"\/Adolf_H%C3%BCtter\" title=\"Adolf H\u00fctter\">Adolf H\u00fctter<\/a>\n<\/td>\n<\/tr>\n<tr>\n<td><\/td>\n<td><a href=\"\/Tibor_Jancula\" title=\"Tibor Jancula\">Tibor Jancula<\/a>, <a href=\"\/Eduard_Glieder\" title=\"Eduard Glieder\">Eduard Glieder<\/a>\n<\/td>\n<\/tr>\n<tr>\n<td>Wechsel:<\/td>\n<td><a href=\"\/Martin_Amerhauser\" title=\"Martin Amerhauser\">Martin Amerhauser<\/a> f\u00fcr Aigner (57.), <a href=\"\/Dra%C5%BEen_Besek\" title=\"Dra\u017een Besek\">Dra\u017een Besek<\/a> f\u00fcr Kocijan (67.), <a href=\"\/Bica\" class=\"mw-redirect\" title=\"Bica\">Bica<\/a> f\u00fcr Plassnegger (81.)\n<\/td>\n<\/tr>\n<tr>\n<td>Endstand:<\/td>\n<td>1:0 (0:0)\n<\/td>\n<\/tr>\n<tr>\n<td>Torsch\u00fctzen:<\/td>\n<td>Besek (88.)\n<\/td>\n<\/tr>\n<tr>\n<td>Gelbe Karten:<\/td>\n<td>Aigner, H\u00fctter; Grassler\n<\/td>\n<\/tr>\n<tr>\n<td>Gelb-rote Karten:<\/td>\n<td>\n<\/td>\n<\/tr>\n<tr>\n<td>Rote Karten:<\/td>\n<td>\n<\/td>\n<\/tr>\n<tr>\n<td>Schiedsrichter:<\/td>\n<td>Robert Sedlacek\n<\/td>\n<\/tr>\n<tr>\n<td>Stadion:<\/td>\n<td>Stadion Lehen, Salzburg\n<\/td>\n<\/tr>\n<tr>\n<td>Zuschauer:<\/td>\n<td>12 500\n<\/td>\n<\/tr>\n<\/tbody>\n<\/table>\n<\/div>\n","protected":false},"excerpt":{"rendered":"<p>FaktenBearbeiten] Bundesliga &#8211; 12. Spieltag: 12. Oktober 1996, 15.30 Uhr SV Austria Salzburg gegen SK Sturm Graz , 1:0 Aufstellung: Otto Konrad Walter Kogler, Franz Aigner, Roman Szewczyk, Thomas Winklhofer Gernot Plassnegger, Tomislav Kocijan, Walter H\u00f6rmann, Adolf H\u00fctter Tibor Jancula, Eduard Glieder Wechsel: Martin Amerhauser f\u00fcr Aigner (57.), Dra\u017een Besek f\u00fcr Kocijan (67.), Bica f\u00fcr [&hellip;]<\/p>\n","protected":false},"author":1,"featured_media":0,"comment_status":"open","ping_status":"open","sticky":false,"template":"","format":"standard","meta":{"footnotes":""},"categories":[218],"tags":[],"class_list":["post-313","post","type-post","status-publish","format-standard","hentry","category-12-rundebundesliga-saison-1996"],"_links":{"self":[{"href":"https:\/\/wiki.s12.at\/index.php\/wp-json\/wp\/v2\/posts\/313","targetHints":{"allow":["GET"]}}],"collection":[{"href":"https:\/\/wiki.s12.at\/index.php\/wp-json\/wp\/v2\/posts"}],"about":[{"href":"https:\/\/wiki.s12.at\/index.php\/wp-json\/wp\/v2\/types\/post"}],"author":[{"embeddable":true,"href":"https:\/\/wiki.s12.at\/index.php\/wp-json\/wp\/v2\/users\/1"}],"replies":[{"embeddable":true,"href":"https:\/\/wiki.s12.at\/index.php\/wp-json\/wp\/v2\/comments?post=313"}],"version-history":[{"count":0,"href":"https:\/\/wiki.s12.at\/index.php\/wp-json\/wp\/v2\/posts\/313\/revisions"}],"wp:attachment":[{"href":"https:\/\/wiki.s12.at\/index.php\/wp-json\/wp\/v2\/media?parent=313"}],"wp:term":[{"taxonomy":"category","embeddable":true,"href":"https:\/\/wiki.s12.at\/index.php\/wp-json\/wp\/v2\/categories?post=313"},{"taxonomy":"post_tag","embeddable":true,"href":"https:\/\/wiki.s12.at\/index.php\/wp-json\/wp\/v2\/tags?post=313"}],"curies":[{"name":"wp","href":"https:\/\/api.w.org\/{rel}","templated":true}]}}