{"id":311,"date":"2026-05-06T12:58:30","date_gmt":"2026-05-06T10:58:30","guid":{"rendered":"http:\/\/wiki.s12.at\/index.php\/2026\/05\/06\/12-runde-saison-2025-26-fc-red-bull-salzburg-gegen-sv-ried\/"},"modified":"2026-05-06T12:58:30","modified_gmt":"2026-05-06T10:58:30","slug":"12-runde-saison-2025-26-fc-red-bull-salzburg-gegen-sv-ried","status":"publish","type":"post","link":"https:\/\/wiki.s12.at\/index.php\/2026\/05\/06\/12-runde-saison-2025-26-fc-red-bull-salzburg-gegen-sv-ried\/","title":{"rendered":"26, FC Red Bull Salzburg gegen SV Ried"},"content":{"rendered":"<div class=\"mw-parser-output\">\n<table class=\"toptextcells toccolours\">\n<tbody>\n<tr>\n<th colspan=\"2\" style=\"text-align: center; vertical-align: top; padding: 0.3em 0.8em; font-size: 125%; background-color: lightsteelblue;\">FC Red Bull Salzburg gegen  SV Ried, 4:1\n<\/th>\n<\/tr>\n<tr>\n<th style=\"text-align:left;\"><b>Spieltag<\/b>\n<\/th>\n<th style=\"text-align:left;\">Bundesliga &#8211; 12. Runde\n<\/th>\n<\/tr>\n<tr>\n<th style=\"text-align:left;\"><b>Datum<\/b>\n<\/th>\n<th style=\"text-align:left;\">2. November 2025\n<\/th>\n<\/tr>\n<tr>\n<th style=\"text-align:left;\"><b>Anpfiff<\/b>\n<\/th>\n<th style=\"text-align:left;\">14:30 Uhr\n<\/th>\n<\/tr>\n<tr>\n<td colspan=\"2\" style=\"text-align:center;\" bgcolor=\"lightgray\"><b>Aufstellung<\/b>\n<\/td>\n<\/tr>\n<tr>\n<th style=\"text-align:left;\"><b>Tor<\/b>\n<\/th>\n<th><a href=\"\/Christian_Zawieschitzky\" title=\"Christian Zawieschitzky\">Christian Zawieschitzky<\/a>\n<\/th>\n<\/tr>\n<tr>\n<th style=\"text-align:left;\"><b>Verteidigung<\/b>\n<\/th>\n<th><a href=\"\/Tim_Trummer\" title=\"Tim Trummer\">Tim Trummer<\/a> &#8211;  <a href=\"\/Joane_Gadou\" title=\"Joane Gadou\">Joane Gadou<\/a> &#8211;  <a href=\"\/Jacob_Rasmussen\" title=\"Jacob Rasmussen\">Jacob Rasmussen<\/a>&#8211; <a href=\"\/Aleksa_Terzic\" title=\"Aleksa Terzic\">Aleksa Terzic<\/a>\n<\/th>\n<\/tr>\n<tr>\n<th style=\"text-align:left;\"><b>Mittelfeld<\/b>\n<\/th>\n<th><a href=\"\/Lucas_Gourna-Douath\" title=\"Lucas Gourna-Douath\">Lucas Gourna-Douath<\/a>   &#8211;  <a href=\"\/Mamady_Diambou\" title=\"Mamady Diambou\">Mamady Diambou<\/a> &#8211; <a href=\"\/Sota_Kitano\" title=\"Sota Kitano\">Sota Kitano<\/a>\n<\/th>\n<\/tr>\n<tr>\n<th style=\"text-align:left;\"><b>Sturm<\/b>\n<\/th>\n<th><a href=\"\/Petar_Ratkov\" title=\"Petar Ratkov\">Petar Ratkov<\/a> &#8211;  <a href=\"\/Moussa_Yeo\" class=\"mw-redirect\" title=\"Moussa Yeo\">Moussa Yeo<\/a>\n<\/th>\n<\/tr>\n<tr>\n<td colspan=\"2\" style=\"text-align:center;\" bgcolor=\"lightgray\"><b>Wechsel<\/b>\n<\/td>\n<\/tr>\n<tr>\n<th style=\"text-align:left;\"><b>Wechsel<\/b>\n<\/th>\n<th style=\"text-align:left;\"><a href=\"\/Soumaila_Diabate\" title=\"Soumaila Diabate\">Soumaila Diabate<\/a> f\u00fcr Diambou (46.), <a href=\"\/Maurits_Kjaergaard\" title=\"Maurits Kjaergaard\">Maurits Kjaergaard<\/a> f\u00fcr Gourna-Douath(46.), <a href=\"\/Edmund_Baidoo\" title=\"Edmund Baidoo\">Edmund Baidoo<\/a> <br \/>f\u00fcr Yeo (88.), <a href=\"\/Yorbe_Vertessen\" title=\"Yorbe Vertessen\">Yorbe Vertessen<\/a> f\u00fcr Kitano (68.), <a href=\"\/Stefan_Lainer\" title=\"Stefan Lainer\">Stefan Lainer<\/a> f\u00fcr Bischoff (82.)\n<\/th>\n<\/tr>\n<tr>\n<td colspan=\"2\" style=\"text-align:center;\" bgcolor=\"lightgray\"><b>Statistik<\/b>\n<\/td>\n<\/tr>\n<tr>\n<th style=\"text-align:left;\"><b>Endstand<\/b>\n<\/th>\n<th style=\"text-align:left;\">4:1 (2:1)\n<\/th>\n<\/tr>\n<tr>\n<th style=\"text-align:left;\"><b>Torsch\u00fctzen<\/b>\n<\/th>\n<th style=\"text-align:left;\">Bischoff (1.), Kitano (45.), Baidoo (72.), Ratkov (81.);. Mutandwa (34.)\n<\/th>\n<\/tr>\n<tr>\n<th style=\"text-align:left;\"><b>Gelbe Karten<\/b>\n<\/th>\n<th style=\"text-align:left;\">keine\n<\/th>\n<\/tr>\n<tr>\n<th style=\"text-align:left;\"><b>Rote Karten<\/b>\n<\/th>\n<th style=\"text-align:left;\">Havenaar (49.)\n<\/th>\n<\/tr>\n<tr>\n<th style=\"text-align:left;\"><b>Schiedsrichter<\/b>\n<\/th>\n<th style=\"text-align:left;\">Julian Weinberger\n<\/th>\n<\/tr>\n<tr>\n<th style=\"text-align:left;\"><b>Stadion<\/b>\n<\/th>\n<th style=\"text-align:left;\">EM-Stadion Wals- Siezenheim, Salzburg\n<\/th>\n<\/tr>\n<tr>\n<th style=\"text-align:left;\"><b>Zuschauer<\/b>\n<\/th>\n<th style=\"text-align:left;\">8.352\n<\/th>\n<\/tr>\n<\/tbody>\n<\/table>\n<h2><span class=\"mw-headline\" id=\"Spielbericht\">Spielbericht<\/span><a href=\"\/index.php?title=12.Runde,_Saison_2025\/26,_FC_Red_Bull_Salzburg_gegen_SV_Ried&amp;action=edit&amp;section=1\" title=\"Abschnitt bearbeiten: Spielbericht\">Bearbeiten<\/a><span class=\"mw-editsection-bracket\">]<\/span><\/span><\/h2>\n<p><a rel=\"nofollow\" class=\"external text\" href=\"https:\/\/www.redbullsalzburg.at\/de\/2025-2026\/spielplan\/bundesliga-runde-12-fc-red-bull-salzburg-vs-sv-oberbank-ried#spielbericht\">Spielbericht Vereinshomepage<\/a>\n<\/p>\n<h2><span class=\"mw-headline\" id=\"Bilder\">Bilder<\/span><a href=\"\/index.php?title=12.Runde,_Saison_2025\/26,_FC_Red_Bull_Salzburg_gegen_SV_Ried&amp;action=edit&amp;section=2\" title=\"Abschnitt bearbeiten: Bilder\">Bearbeiten<\/a><span class=\"mw-editsection-bracket\">]<\/span><\/span><\/h2>\n<p><img alt=\"\" src=\"\/images\/thumb\/4\/4a\/Commons-logo.svg\/langde-20px-Commons-logo.svg.png%3Futm_source%3Dcommons.wikimedia.org%26utm_campaign%3Dimageinfo%26utm_content%3Dthumbnail\" decoding=\"async\" title=\"Commons\" width=\"12\" height=\"16\" srcset=\"\/images\/thumb\/4\/4a\/Commons-logo.svg\/langde-40px-Commons-logo.svg.png%3Futm_source%3Dcommons.wikimedia.org%26utm_campaign%3Dimageinfo%26utm_content%3Dthumbnail 2x\" \/>&#160;<b><a href=\"http:\/\/commons.wikimedia.org\/wiki\/Category:FC_RB_Salzburg_gegen_SV_Ried_(2025-11-02)\" class=\"extiw\" title=\"commons:Category:FC RB Salzburg gegen SV Ried (2025-11-02)\">12.Runde, Saison 2025\/26, FC Red Bull Salzburg gegen SV Ried<\/a><\/b>&#160;\u2013 Sammlung von Bildern, Videos und Audiodateien auf <a href=\"\/Wikimedia_Commons\" title=\"Wikimedia Commons\">Wikimedia Commons<\/a>\n<\/p>\n<h2><span class=\"mw-headline\" id=\"Stimmen_zum_Spiel\">Stimmen zum Spiel<\/span><a href=\"\/index.php?title=12.Runde,_Saison_2025\/26,_FC_Red_Bull_Salzburg_gegen_SV_Ried&amp;action=edit&amp;section=3\" title=\"Abschnitt bearbeiten: Stimmen zum Spiel\">Bearbeiten<\/a><span class=\"mw-editsection-bracket\">]<\/span><\/span><\/h2>\n<p><b>Thomas Letsch:<\/b> Wir sind perfekt reingestartet und waren in den ersten zehn Minuten auch scharf. Aber dann haben wir den Fehler gemacht, den Gegner mit bl\u00f6den Ballverlusten im eigenen Drittel zur\u00fcck ins Spiel zu bringen \u2013 das ist \u00e4rgerlich. Allerdings sage ich auch, dass wir nach dem Ausschluss hintenraus das eine oder andere Tor mehr machen h\u00e4tten k\u00f6nnen. Nat\u00fcrlich tut es gut, ich freue mich!\n<\/p>\n<p><b>Christian Zawieschitzky:<\/b>Ich bin einfach extrem dankbar f\u00fcr das Vertrauen, genauso gl\u00fccklich bin ich \u00fcber die drei Punkte! Nerv\u00f6s war ich nur vorm Schlafengehen, ansonsten habe ich mich gefreut auf das Deb\u00fct. Wir waren vorne kaltschn\u00e4uzig und haben wenig aufs Tor zugelassen. Die Rote Karte hat uns in die H\u00e4nde gespielt \u2013 wir haben es aber auch gut ausgespielt!\n<\/p>\n<\/div>\n","protected":false},"excerpt":{"rendered":"<p>FC Red Bull Salzburg gegen SV Ried, 4:1 Spieltag Bundesliga &#8211; 12. Runde Datum 2. November 2025 Anpfiff 14:30 Uhr Aufstellung Tor Christian Zawieschitzky Verteidigung Tim Trummer &#8211; Joane Gadou &#8211; Jacob Rasmussen&#8211; Aleksa Terzic Mittelfeld Lucas Gourna-Douath &#8211; Mamady Diambou &#8211; Sota Kitano Sturm Petar Ratkov &#8211; Moussa Yeo Wechsel Wechsel Soumaila Diabate f\u00fcr [&hellip;]<\/p>\n","protected":false},"author":1,"featured_media":0,"comment_status":"open","ping_status":"open","sticky":false,"template":"","format":"standard","meta":{"footnotes":""},"categories":[216],"tags":[],"class_list":["post-311","post","type-post","status-publish","format-standard","hentry","category-12-runde-saison-2025"],"_links":{"self":[{"href":"https:\/\/wiki.s12.at\/index.php\/wp-json\/wp\/v2\/posts\/311","targetHints":{"allow":["GET"]}}],"collection":[{"href":"https:\/\/wiki.s12.at\/index.php\/wp-json\/wp\/v2\/posts"}],"about":[{"href":"https:\/\/wiki.s12.at\/index.php\/wp-json\/wp\/v2\/types\/post"}],"author":[{"embeddable":true,"href":"https:\/\/wiki.s12.at\/index.php\/wp-json\/wp\/v2\/users\/1"}],"replies":[{"embeddable":true,"href":"https:\/\/wiki.s12.at\/index.php\/wp-json\/wp\/v2\/comments?post=311"}],"version-history":[{"count":0,"href":"https:\/\/wiki.s12.at\/index.php\/wp-json\/wp\/v2\/posts\/311\/revisions"}],"wp:attachment":[{"href":"https:\/\/wiki.s12.at\/index.php\/wp-json\/wp\/v2\/media?parent=311"}],"wp:term":[{"taxonomy":"category","embeddable":true,"href":"https:\/\/wiki.s12.at\/index.php\/wp-json\/wp\/v2\/categories?post=311"},{"taxonomy":"post_tag","embeddable":true,"href":"https:\/\/wiki.s12.at\/index.php\/wp-json\/wp\/v2\/tags?post=311"}],"curies":[{"name":"wp","href":"https:\/\/api.w.org\/{rel}","templated":true}]}}