{"id":310,"date":"2026-05-06T12:58:29","date_gmt":"2026-05-06T10:58:29","guid":{"rendered":"http:\/\/wiki.s12.at\/index.php\/2026\/05\/06\/12-runde-saison-2025-26-fc-red-bull-salzburg-frauen-gegen-lask\/"},"modified":"2026-05-06T12:58:29","modified_gmt":"2026-05-06T10:58:29","slug":"12-runde-saison-2025-26-fc-red-bull-salzburg-frauen-gegen-lask","status":"publish","type":"post","link":"https:\/\/wiki.s12.at\/index.php\/2026\/05\/06\/12-runde-saison-2025-26-fc-red-bull-salzburg-frauen-gegen-lask\/","title":{"rendered":"26, FC Red Bull Salzburg Frauen gegen LASK"},"content":{"rendered":"<div class=\"mw-parser-output\">\n<table class=\"toptextcells toccolours\">\n<tbody>\n<tr>\n<th colspan=\"2\" style=\"text-align: center; vertical-align: top; padding: 0.3em 0.8em; font-size: 125%; background-color: lightsteelblue;\">FC Red Bull Salzburg Frauen gegen LASK. 0:0\n<\/th>\n<\/tr>\n<tr>\n<th style=\"text-align:left;\"><b>Spieltag<\/b>\n<\/th>\n<th style=\"text-align:left;\">Frauen &#8211; Bundesliga, 12. Runde\n<\/th>\n<\/tr>\n<tr>\n<th style=\"text-align:left;\"><b>Datum<\/b>\n<\/th>\n<th style=\"text-align:left;\">7. November 2025\n<\/th>\n<\/tr>\n<tr>\n<th style=\"text-align:left;\"><b>Anpfiff<\/b>\n<\/th>\n<th style=\"text-align:left;\">19 Uhr\n<\/th>\n<\/tr>\n<tr>\n<td colspan=\"2\" style=\"text-align:center;\" bgcolor=\"lightgray\"><b>Aufstellung<\/b>\n<\/td>\n<\/tr>\n<tr>\n<th style=\"text-align:left;\"><b>Tor<\/b>\n<\/th>\n<th><a href=\"\/Lara_Ritter\" title=\"Lara Ritter\">Lara Ritter<\/a>\n<\/th>\n<\/tr>\n<tr>\n<th style=\"text-align:left;\"><b>Verteidigung<\/b>\n<\/th>\n<th><a href=\"\/Laura_Spinn\" title=\"Laura Spinn\">Laura Spinn<\/a>  &#8211; <a href=\"\/Theresa_D%27Angelo\" title=\"Theresa D&#39;Angelo\">Theresa D&#8217;Angelo<\/a> &#8211;<a href=\"\/Vina_Crnoja\" title=\"Vina Crnoja\">Vina Crnoja<\/a> &#8211;<a href=\"\/Valentina_Lutz\" title=\"Valentina Lutz\">Valentina Lutz<\/a>\n<\/th>\n<\/tr>\n<tr>\n<th style=\"text-align:left;\"><b>Mittelfeld<\/b>\n<\/th>\n<th><a href=\"\/Sara_Grabovac\" title=\"Sara Grabovac\">Sara Grabovac<\/a> &#8211; <a href=\"\/Valentina_Illinger\" title=\"Valentina Illinger\">Valentina Illinger<\/a> &#8211;   <a href=\"\/Greta_Spinn\" title=\"Greta Spinn\">Greta Spinn<\/a>\n<\/th>\n<\/tr>\n<tr>\n<th style=\"text-align:left;\"><b>Sturm<\/b>\n<\/th>\n<th><a href=\"\/Emelie_Kobler\" title=\"Emelie Kobler\">Emelie Kobler<\/a> &#8211; <a href=\"\/Sophia_Schirmbrand\" title=\"Sophia Schirmbrand\">Sophia Schirmbrand<\/a> &#8211;  <a href=\"\/Aldina_Hamzic\" title=\"Aldina Hamzic\">Aldina Hamzic<\/a>\n<\/th>\n<\/tr>\n<tr>\n<td colspan=\"2\" style=\"text-align:center;\" bgcolor=\"lightgray\"><b>Wechsel<\/b>\n<\/td>\n<\/tr>\n<tr>\n<th style=\"text-align:left;\"><b>Wechsel<\/b>\n<\/th>\n<th style=\"text-align:left;\"><a href=\"\/Tina_Krassnig\" title=\"Tina Krassnig\">Tina Krassnig<\/a> f\u00fcr D&#8217;Angelo (58.),  <a href=\"\/Emily_Schimm\" title=\"Emily Schimm\">Emily Schimm<\/a> f\u00fcr Lutz (58.), <a href=\"\/Julia_Gr%C3%BCnwald\" title=\"Julia Gr\u00fcnwald\">Julia Gr\u00fcnwald<\/a> f\u00fcr Kobler (58.), <br \/> <a href=\"\/Lucia_Orkic\" title=\"Lucia Orkic\">Lucia Orkic<\/a> f\u00fcr Crnoja(77.),  Lea Krinzinger f\u00fcr Illinger (82.)\n<\/th>\n<\/tr>\n<tr>\n<td colspan=\"2\" style=\"text-align:center;\" bgcolor=\"lightgray\"><b>Statistik<\/b>\n<\/td>\n<\/tr>\n<tr>\n<th style=\"text-align:left;\"><b>Endstand<\/b>\n<\/th>\n<th style=\"text-align:left;\">0:0\n<\/th>\n<\/tr>\n<tr>\n<th style=\"text-align:left;\"><b>Torsch\u00fctzen<\/b>\n<\/th>\n<th style=\"text-align:left;\">\n<\/th>\n<\/tr>\n<tr>\n<th style=\"text-align:left;\"><b>Gelbe Karten<\/b>\n<\/th>\n<th style=\"text-align:left;\">Lutz (50.); Trainer Eitl (79.)\n<\/th>\n<\/tr>\n<tr>\n<th style=\"text-align:left;\"><b>Rote Karten<\/b>\n<\/th>\n<th style=\"text-align:left;\">\n<\/th>\n<\/tr>\n<tr>\n<th style=\"text-align:left;\"><b>Schiedsrichter<\/b>\n<\/th>\n<th style=\"text-align:left;\">Heike Leitinger\n<\/th>\n<\/tr>\n<tr>\n<th style=\"text-align:left;\"><b>Stadion<\/b>\n<\/th>\n<th style=\"text-align:left;\">Akademie Liefering, Salzburg\n<\/th>\n<\/tr>\n<tr>\n<th style=\"text-align:left;\"><b>Zuschauer<\/b>\n<\/th>\n<th style=\"text-align:left;\">150\n<\/th>\n<\/tr>\n<\/tbody>\n<\/table>\n<h2><span class=\"mw-headline\" id=\"Spielbericht\">Spielbericht<\/span><a href=\"\/index.php?title=12.Runde,_Saison_2025\/26,_FC_Red_Bull_Salzburg_Frauen_gegen_LASK&amp;action=edit&amp;section=1\" title=\"Abschnitt bearbeiten: Spielbericht\">Bearbeiten<\/a><span class=\"mw-editsection-bracket\">]<\/span><\/span><\/h2>\n<p><a rel=\"nofollow\" class=\"external text\" href=\"https:\/\/www.redbullsalzburg.at\/de\/frauen\/2025-2026\/spielplan-frauen\/bundesliga-runde-12-fc-red-bull-salzburg-vs-lask#spielbericht\">Spielbericht Vereinshomepage<\/a>\n<\/p>\n<h2><span class=\"mw-headline\" id=\"Stimmen_zum_Spiel\">Stimmen zum Spiel<\/span><a href=\"\/index.php?title=12.Runde,_Saison_2025\/26,_FC_Red_Bull_Salzburg_Frauen_gegen_LASK&amp;action=edit&amp;section=2\" title=\"Abschnitt bearbeiten: Stimmen zum Spiel\">Bearbeiten<\/a><span class=\"mw-editsection-bracket\">]<\/span><\/span><\/h2>\n<p><b>Dusan Pavlovic: <\/b> Wir k\u00f6nnen mit dem Unentschieden leben. Es ist ein gewonnener Punkt, wenngleich wir die Chancen f\u00fcr drei Z\u00e4hler hatten und eigentlich keine Gelegenheiten zugelassen haben. Es war insgesamt eine ziemlich gute Teamleistung, nur haben wir uns gegen \u2013 und das muss man auch sagen \u2013 einen richtig starken, physisch guten Gegner nicht belohnt. Der LASK kann Fu\u00dfball spielen und hat eine extrem starke Torfrau \u2013 gegen Greta hat sie zum Schluss unglaublich gut gehalten. Wir machen weiter!\n<\/p>\n<\/div>\n","protected":false},"excerpt":{"rendered":"<p>FC Red Bull Salzburg Frauen gegen LASK. 0:0 Spieltag Frauen &#8211; Bundesliga, 12. Runde Datum 7. November 2025 Anpfiff 19 Uhr Aufstellung Tor Lara Ritter Verteidigung Laura Spinn &#8211; Theresa D&#8217;Angelo &#8211;Vina Crnoja &#8211;Valentina Lutz Mittelfeld Sara Grabovac &#8211; Valentina Illinger &#8211; Greta Spinn Sturm Emelie Kobler &#8211; Sophia Schirmbrand &#8211; Aldina Hamzic Wechsel Wechsel [&hellip;]<\/p>\n","protected":false},"author":1,"featured_media":0,"comment_status":"open","ping_status":"open","sticky":false,"template":"","format":"standard","meta":{"footnotes":""},"categories":[216],"tags":[],"class_list":["post-310","post","type-post","status-publish","format-standard","hentry","category-12-runde-saison-2025"],"_links":{"self":[{"href":"https:\/\/wiki.s12.at\/index.php\/wp-json\/wp\/v2\/posts\/310","targetHints":{"allow":["GET"]}}],"collection":[{"href":"https:\/\/wiki.s12.at\/index.php\/wp-json\/wp\/v2\/posts"}],"about":[{"href":"https:\/\/wiki.s12.at\/index.php\/wp-json\/wp\/v2\/types\/post"}],"author":[{"embeddable":true,"href":"https:\/\/wiki.s12.at\/index.php\/wp-json\/wp\/v2\/users\/1"}],"replies":[{"embeddable":true,"href":"https:\/\/wiki.s12.at\/index.php\/wp-json\/wp\/v2\/comments?post=310"}],"version-history":[{"count":0,"href":"https:\/\/wiki.s12.at\/index.php\/wp-json\/wp\/v2\/posts\/310\/revisions"}],"wp:attachment":[{"href":"https:\/\/wiki.s12.at\/index.php\/wp-json\/wp\/v2\/media?parent=310"}],"wp:term":[{"taxonomy":"category","embeddable":true,"href":"https:\/\/wiki.s12.at\/index.php\/wp-json\/wp\/v2\/categories?post=310"},{"taxonomy":"post_tag","embeddable":true,"href":"https:\/\/wiki.s12.at\/index.php\/wp-json\/wp\/v2\/tags?post=310"}],"curies":[{"name":"wp","href":"https:\/\/api.w.org\/{rel}","templated":true}]}}