{"id":294,"date":"2026-05-06T12:58:07","date_gmt":"2026-05-06T10:58:07","guid":{"rendered":"http:\/\/wiki.s12.at\/index.php\/2026\/05\/06\/11-runde-saison-2021-22-fc-liefering-gegen-fc-juniors-ooe\/"},"modified":"2026-05-06T12:58:07","modified_gmt":"2026-05-06T10:58:07","slug":"11-runde-saison-2021-22-fc-liefering-gegen-fc-juniors-ooe","status":"publish","type":"post","link":"https:\/\/wiki.s12.at\/index.php\/2026\/05\/06\/11-runde-saison-2021-22-fc-liefering-gegen-fc-juniors-ooe\/","title":{"rendered":"22, FC Liefering gegen FC Juniors O\u00d6."},"content":{"rendered":"<div class=\"mw-parser-output\">\n<table class=\"toptextcells toccolours\">\n<tbody>\n<tr>\n<th colspan=\"2\" style=\"text-align: center; vertical-align: top; padding: 0.3em 0.8em; font-size: 125%; background-color: lightsteelblue;\">FC Liefering gegen FC Juniors O\u00d6., 2:0\n<\/th>\n<\/tr>\n<tr>\n<th style=\"text-align:left;\"><b>Spieltag<\/b>\n<\/th>\n<th style=\"text-align:left;\">2. Liga 11. Spieltag\n<\/th>\n<\/tr>\n<tr>\n<th style=\"text-align:left;\"><b>Datum<\/b>\n<\/th>\n<th style=\"text-align:left;\">15. Oktober 2021\n<\/th>\n<\/tr>\n<tr>\n<th style=\"text-align:left;\"><b>Anpfiff<\/b>\n<\/th>\n<th style=\"text-align:left;\">18. 30 Uhr\n<\/th>\n<\/tr>\n<tr>\n<td colspan=\"2\" style=\"text-align:center;\" bgcolor=\"lightgray\"><b>Aufstellung<\/b>\n<\/td>\n<\/tr>\n<tr>\n<th style=\"text-align:left;\"><b>Tor<\/b>\n<\/th>\n<th><a href=\"\/Jonas_Krumrey\" title=\"Jonas Krumrey\">Jonas Krumrey<\/a>\n<\/th>\n<\/tr>\n<tr>\n<th style=\"text-align:left;\"><b>Verteidigung<\/b>\n<\/th>\n<th><a href=\"\/Samuel_Major\" title=\"Samuel Major\">Samuel Major <\/a> &#8211; <a href=\"\/Lukas_Wallner\" title=\"Lukas Wallner\">Lukas Wallner<\/a> &#8211; <a href=\"\/Sandro-Luca_Molnar\" title=\"Sandro-Luca Molnar\">Sandro-Luca Molnar<\/a> &#8211; <a href=\"\/Benjamin_B%C3%B6ckle\" title=\"Benjamin B\u00f6ckle\">Benjamin B\u00f6ckle<\/a>\n<\/th>\n<\/tr>\n<tr>\n<th style=\"text-align:left;\"><b>Mittelfeld<\/b>\n<\/th>\n<th><a href=\"\/Justin_Omoregie\" title=\"Justin Omoregie\">Justin Omoregie<\/a> &#8211; <a href=\"\/Dijon_Kameri\" title=\"Dijon Kameri\">Dijon Kameri<\/a> &#8211; <a href=\"\/Samson_Tijani\" title=\"Samson Tijani\">Samson Tijani<\/a>\n<\/th>\n<\/tr>\n<tr>\n<th style=\"text-align:left;\"><b>Sturm<\/b>\n<\/th>\n<th><a href=\"\/Nene_Dorgeles\" title=\"Nene Dorgeles\">Nene Dorgeles<\/a> &#8211; <a href=\"\/Roko_Simic\" title=\"Roko Simic\">Roko Simic<\/a> &#8211; <a href=\"\/Amankwah_Forson\" title=\"Amankwah Forson\">Amankwah Forson<\/a>\n<\/th>\n<\/tr>\n<tr>\n<td colspan=\"2\" style=\"text-align:center;\" bgcolor=\"lightgray\"><b>Wechsel<\/b>\n<\/td>\n<\/tr>\n<tr>\n<th style=\"text-align:left;\"><b>Wechsel<\/b>\n<\/th>\n<th style=\"text-align:left;\"><a href=\"\/Elias_Havel\" title=\"Elias Havel\">Elias Havel<\/a> f\u00fcr Simic (70.), <a href=\"\/Tim_Paumgartner\" title=\"Tim Paumgartner\">Tim Paumgartner<\/a> f\u00fcr Omoregie (70.), <a href=\"\/Daniel_Klicnik\" title=\"Daniel Klicnik\">Daniel Klicnik<\/a> f\u00fcr Major (83.), <br \/><a href=\"\/Luka_Reischl\" title=\"Luka Reischl\">Luka Reischl<\/a> f\u00fcr Kameri (83.), <a href=\"\/Lukas_Ibertsberger\" title=\"Lukas Ibertsberger\">Lukas Ibertsberger<\/a> f\u00fcr B\u00f6ckle (87.)\n<\/th>\n<\/tr>\n<tr>\n<td colspan=\"2\" style=\"text-align:center;\" bgcolor=\"lightgray\"><b>Statistik<\/b>\n<\/td>\n<\/tr>\n<tr>\n<th style=\"text-align:left;\"><b>Endstand<\/b>\n<\/th>\n<th style=\"text-align:left;\">2:0 (0:0)\n<\/th>\n<\/tr>\n<tr>\n<th style=\"text-align:left;\"><b>Torsch\u00fctzen<\/b>\n<\/th>\n<th style=\"text-align:left;\">Simic (61.), Nene (81.)\n<\/th>\n<\/tr>\n<tr>\n<th style=\"text-align:left;\"><b>Gelbe Karten<\/b>\n<\/th>\n<th style=\"text-align:left;\">Tijani (41.), Forson (77.); Michlmayr (64.)\n<\/th>\n<\/tr>\n<tr>\n<th style=\"text-align:left;\"><b>Rote Karten<\/b>\n<\/th>\n<th style=\"text-align:left;\">\n<\/th>\n<\/tr>\n<tr>\n<th style=\"text-align:left;\"><b>Schiedsrichter<\/b>\n<\/th>\n<th style=\"text-align:left;\">Alain Sadikovski\n<\/th>\n<\/tr>\n<tr>\n<th style=\"text-align:left;\"><b>Stadion<\/b>\n<\/th>\n<th style=\"text-align:left;\">EM Stadion Wals, Salzburg\n<\/th>\n<\/tr>\n<tr>\n<th style=\"text-align:left;\"><b>Zuschauer<\/b>\n<\/th>\n<th style=\"text-align:left;\">277\n<\/th>\n<\/tr>\n<\/tbody>\n<\/table>\n<ul>\n<li>Daniel Klicnik und Tim Baumgartner feierten ihr Debut in der Zweiten Liga.<\/li>\n<\/ul>\n<h2><span class=\"mw-headline\" id=\"Spielbericht\">Spielbericht<\/span><a href=\"\/index.php?title=11._Runde,_Saison_2021\/22,_FC_Liefering_gegen_FC_Juniors_O%C3%96.&amp;action=edit&amp;section=1\" title=\"Abschnitt bearbeiten: Spielbericht\">Bearbeiten<\/a><span class=\"mw-editsection-bracket\">]<\/span><\/span><\/h2>\n<p><a rel=\"nofollow\" class=\"external text\" href=\"https:\/\/www.fc-liefering.at\/de\/fc-liefering\/news\/saison_2021_22\/ligaspiel-jooe-runde11.html\">Spielbericht Vereinshomepage<\/a>\n<\/p>\n<h2><span class=\"mw-headline\" id=\"Bilder\">Bilder<\/span><a href=\"\/index.php?title=11._Runde,_Saison_2021\/22,_FC_Liefering_gegen_FC_Juniors_O%C3%96.&amp;action=edit&amp;section=2\" title=\"Abschnitt bearbeiten: Bilder\">Bearbeiten<\/a><span class=\"mw-editsection-bracket\">]<\/span><\/span><\/h2>\n<p><img alt=\"\" src=\"\/images\/thumb\/4\/4a\/Commons-logo.svg\/langde-20px-Commons-logo.svg.png%3Futm_source%3Dcommons.wikimedia.org%26utm_campaign%3Dimageinfo%26utm_content%3Dthumbnail\" decoding=\"async\" title=\"Commons\" width=\"12\" height=\"16\" srcset=\"\/images\/thumb\/4\/4a\/Commons-logo.svg\/langde-40px-Commons-logo.svg.png%3Futm_source%3Dcommons.wikimedia.org%26utm_campaign%3Dimageinfo%26utm_content%3Dthumbnail 2x\" \/>&#160;<b><a href=\"http:\/\/commons.wikimedia.org\/wiki\/Category:FC_Liefering_gegen_FC_Juniors_O%C3%96._(15._Oktober_2021)\" class=\"extiw\" title=\"commons:Category:FC Liefering gegen FC Juniors O\u00d6. (15. Oktober 2021)\">11. Runde, Saison 2021\/22, FC Liefering gegen FC Juniors O\u00d6.<\/a><\/b>&#160;\u2013 Sammlung von Bildern, Videos und Audiodateien auf <a href=\"\/Wikimedia_Commons\" title=\"Wikimedia Commons\">Wikimedia Commons<\/a>\n<\/p>\n<h2><span class=\"mw-headline\" id=\"Stimmen_zum_Spiel\">Stimmen zum Spiel<\/span><a href=\"\/index.php?title=11._Runde,_Saison_2021\/22,_FC_Liefering_gegen_FC_Juniors_O%C3%96.&amp;action=edit&amp;section=3\" title=\"Abschnitt bearbeiten: Stimmen zum Spiel\">Bearbeiten<\/a><span class=\"mw-editsection-bracket\">]<\/span><\/span><\/h2>\n<p><b>Rene Aufhauser:<\/b> Wir sind sehr gut gestartet, haben ein eigentlich regul\u00e4res Tor geschossen und dazu noch zwei, drei richtig gute M\u00f6glichkeiten vorgefunden. Dann ist uns die Partie aber etwas aus der Hand geglitten. Es war ein offenes Hin und Her ohne die wirklich gro\u00dfen Chancen. Wir haben daraufhin in der Pause dar\u00fcber geredet, dass wir dranbleiben m\u00fcssen, dann wird irgendwann das Tor fallen. Man braucht einfach einen St\u00fcrmer, der vollendet, und das ist Roko. Ein richtiger Goalgetter, wobei die ganze Mannschaft einen unb\u00e4ndigen Willen gezeigt hat. Positiv stimmt mich auch, dass es unsere Deb\u00fctanten heute richtig gut gemacht haben!\n<\/p>\n<\/div>\n","protected":false},"excerpt":{"rendered":"<p>FC Liefering gegen FC Juniors O\u00d6., 2:0 Spieltag 2. Liga 11. Spieltag Datum 15. Oktober 2021 Anpfiff 18. 30 Uhr Aufstellung Tor Jonas Krumrey Verteidigung Samuel Major &#8211; Lukas Wallner &#8211; Sandro-Luca Molnar &#8211; Benjamin B\u00f6ckle Mittelfeld Justin Omoregie &#8211; Dijon Kameri &#8211; Samson Tijani Sturm Nene Dorgeles &#8211; Roko Simic &#8211; Amankwah Forson Wechsel [&hellip;]<\/p>\n","protected":false},"author":1,"featured_media":0,"comment_status":"open","ping_status":"open","sticky":false,"template":"","format":"standard","meta":{"footnotes":""},"categories":[204],"tags":[],"class_list":["post-294","post","type-post","status-publish","format-standard","hentry","category-11-runde-saison-2021"],"_links":{"self":[{"href":"https:\/\/wiki.s12.at\/index.php\/wp-json\/wp\/v2\/posts\/294","targetHints":{"allow":["GET"]}}],"collection":[{"href":"https:\/\/wiki.s12.at\/index.php\/wp-json\/wp\/v2\/posts"}],"about":[{"href":"https:\/\/wiki.s12.at\/index.php\/wp-json\/wp\/v2\/types\/post"}],"author":[{"embeddable":true,"href":"https:\/\/wiki.s12.at\/index.php\/wp-json\/wp\/v2\/users\/1"}],"replies":[{"embeddable":true,"href":"https:\/\/wiki.s12.at\/index.php\/wp-json\/wp\/v2\/comments?post=294"}],"version-history":[{"count":0,"href":"https:\/\/wiki.s12.at\/index.php\/wp-json\/wp\/v2\/posts\/294\/revisions"}],"wp:attachment":[{"href":"https:\/\/wiki.s12.at\/index.php\/wp-json\/wp\/v2\/media?parent=294"}],"wp:term":[{"taxonomy":"category","embeddable":true,"href":"https:\/\/wiki.s12.at\/index.php\/wp-json\/wp\/v2\/categories?post=294"},{"taxonomy":"post_tag","embeddable":true,"href":"https:\/\/wiki.s12.at\/index.php\/wp-json\/wp\/v2\/tags?post=294"}],"curies":[{"name":"wp","href":"https:\/\/api.w.org\/{rel}","templated":true}]}}