{"id":288,"date":"2026-05-06T12:58:04","date_gmt":"2026-05-06T10:58:04","guid":{"rendered":"http:\/\/wiki.s12.at\/index.php\/2026\/05\/06\/11-runde-saison-2018-19-fc-red-bull-salzburg-gegen-fc-wacker-innsbruck\/"},"modified":"2026-05-06T12:58:04","modified_gmt":"2026-05-06T10:58:04","slug":"11-runde-saison-2018-19-fc-red-bull-salzburg-gegen-fc-wacker-innsbruck","status":"publish","type":"post","link":"https:\/\/wiki.s12.at\/index.php\/2026\/05\/06\/11-runde-saison-2018-19-fc-red-bull-salzburg-gegen-fc-wacker-innsbruck\/","title":{"rendered":"19, FC Red Bull Salzburg gegen FC Wacker Innsbruck"},"content":{"rendered":"<div class=\"mw-parser-output\">\n<h2><span class=\"mw-headline\" id=\"Fakten\">Fakten<\/span><a href=\"\/index.php?title=11._Runde,_Saison_2018\/19,_FC_Red_Bull_Salzburg_gegen_FC_Wacker_Innsbruck&amp;action=edit&amp;section=1\" title=\"Abschnitt bearbeiten: Fakten\">Bearbeiten<\/a><span class=\"mw-editsection-bracket\">]<\/span><\/span><\/h2>\n<table class=\"toptextcells toccolours\">\n<tbody>\n<tr>\n<th colspan=\"2\" style=\"text-align: center; vertical-align: top; padding: 0.3em 0.8em; font-size: 125%; background-color: lightsteelblue;\">FC Red Bull Salzburg gegen FC Wacker Innsbruck, 1:1\n<\/th>\n<\/tr>\n<tr>\n<th style=\"text-align:left;\"><b>Spieltag<\/b>\n<\/th>\n<th style=\"text-align:left;\">Bundesliga Grunddurchgang &#8211; 11. Spieltag\n<\/th>\n<\/tr>\n<tr>\n<th style=\"text-align:left;\"><b>Datum<\/b>\n<\/th>\n<th style=\"text-align:left;\">20. Oktober 2018\n<\/th>\n<\/tr>\n<tr>\n<th style=\"text-align:left;\"><b>Anpfiff<\/b>\n<\/th>\n<th style=\"text-align:left;\">17 Uhr\n<\/th>\n<\/tr>\n<tr>\n<td colspan=\"2\" style=\"text-align:center;\" bgcolor=\"lightgray\"><b>Aufstellung<\/b>\n<\/td>\n<\/tr>\n<tr>\n<th style=\"text-align:left;\"><b>Tor<\/b>\n<\/th>\n<th><a href=\"\/Cican_Stankovic\" title=\"Cican Stankovic\">Cican Stankovic<\/a>\n<\/th>\n<\/tr>\n<tr>\n<th style=\"text-align:left;\"><b>Verteidigung<\/b>\n<\/th>\n<th><a href=\"\/Stefan_Lainer\" title=\"Stefan Lainer\">Stefan Lainer<\/a> &#8211; <a href=\"\/Andre_Ramalho\" class=\"mw-redirect\" title=\"Andre Ramalho\">Andre Ramalho<\/a> &#8211; <a href=\"\/Marin_Pongracic\" title=\"Marin Pongracic\">Marin Pongracic<\/a> &#8211; <a href=\"\/Andreas_Ulmer\" title=\"Andreas Ulmer\">Andreas Ulmer<\/a>\n<\/th>\n<\/tr>\n<tr>\n<th style=\"text-align:left;\"><b>Mittelfeld<\/b>\n<\/th>\n<th><a href=\"\/Xaver_Schlager\" title=\"Xaver Schlager\">Xaver Schlager<\/a> &#8211; <a href=\"\/Diadie_Samassekou\" title=\"Diadie Samassekou\">Diadie Samassekou<\/a> &#8211; <a href=\"\/Reinhold_Yabo\" title=\"Reinhold Yabo\">Reinhold Yabo<\/a> &#8211; <a href=\"\/Zlatko_Junuzovic\" title=\"Zlatko Junuzovic\">Zlatko Junuzovic<\/a>\n<\/th>\n<\/tr>\n<tr>\n<th style=\"text-align:left;\"><b>Sturm<\/b>\n<\/th>\n<th><a href=\"\/Fredrik_Gulbrandsen\" title=\"Fredrik Gulbrandsen\">Fredrik Gulbrandsen<\/a> &#8211; <a href=\"\/Munas_Dabbur\" title=\"Munas Dabbur\">Munas Dabbur<\/a>\n<\/th>\n<\/tr>\n<tr>\n<td colspan=\"2\" style=\"text-align:center;\" bgcolor=\"lightgray\"><b>Wechsel<\/b>\n<\/td>\n<\/tr>\n<tr>\n<th style=\"text-align:left;\"><b>Wechsel<\/b>\n<\/th>\n<th style=\"text-align:left;\"><a href=\"\/Patson_Daka\" title=\"Patson Daka\">Patson Daka<\/a> f\u00fcr Gulbrandsen (66.), <a href=\"\/Hannes_Wolf\" title=\"Hannes Wolf\">Hannes Wolf<\/a> f\u00fcr Yabo (75.), <a href=\"\/Amadou_Haidara\" title=\"Amadou Haidara\">Amadou Haidara<\/a> f\u00fcr Schlager (87.)\n<\/th>\n<\/tr>\n<tr>\n<td colspan=\"2\" style=\"text-align:center;\" bgcolor=\"lightgray\"><b>Statistik<\/b>\n<\/td>\n<\/tr>\n<tr>\n<th style=\"text-align:left;\"><b>Endstand<\/b>\n<\/th>\n<th style=\"text-align:left;\">1:1 (0:0)\n<\/th>\n<\/tr>\n<tr>\n<th style=\"text-align:left;\"><b>Torsch\u00fctzen<\/b>\n<\/th>\n<th style=\"text-align:left;\">Junuzovic (71.); Dieng (73.)\n<\/th>\n<\/tr>\n<tr>\n<th style=\"text-align:left;\"><b>Gelbe Karten<\/b>\n<\/th>\n<th style=\"text-align:left;\">Junuzovic (65.); Kerschbaum  (55.), Dieng (76.), Hankic (95.)\n<\/th>\n<\/tr>\n<tr>\n<th style=\"text-align:left;\"><b>Rote Karten<\/b>\n<\/th>\n<th style=\"text-align:left;\">\n<\/th>\n<\/tr>\n<tr>\n<th style=\"text-align:left;\"><b>Schiedsrichter<\/b>\n<\/th>\n<th style=\"text-align:left;\">Harald Lechner\n<\/th>\n<\/tr>\n<tr>\n<th style=\"text-align:left;\"><b>Stadion<\/b>\n<\/th>\n<th style=\"text-align:left;\">EM Stadion Wals-Siezenheim, Salzburg\n<\/th>\n<\/tr>\n<tr>\n<th style=\"text-align:left;\"><b>Zuschauer<\/b>\n<\/th>\n<th style=\"text-align:left;\">11 033\n<\/th>\n<\/tr>\n<\/tbody>\n<\/table>\n<h2><span class=\"mw-headline\" id=\"Weblinks\">Weblinks<\/span><a href=\"\/index.php?title=11._Runde,_Saison_2018\/19,_FC_Red_Bull_Salzburg_gegen_FC_Wacker_Innsbruck&amp;action=edit&amp;section=2\" title=\"Abschnitt bearbeiten: Weblinks\">Bearbeiten<\/a><span class=\"mw-editsection-bracket\">]<\/span><\/span><\/h2>\n<ul>\n<li><a rel=\"nofollow\" class=\"external text\" href=\"https:\/\/www.redbullsalzburg.at\/de\/fc-red-bull-salzburg\/news\/saison_2018_19\/remis-im-west-derby.html\">Spielbericht Vereinshomepage<\/a><\/li>\n<\/ul>\n<h2><span class=\"mw-headline\" id=\"Bilder\">Bilder<\/span><a href=\"\/index.php?title=11._Runde,_Saison_2018\/19,_FC_Red_Bull_Salzburg_gegen_FC_Wacker_Innsbruck&amp;action=edit&amp;section=3\" title=\"Abschnitt bearbeiten: Bilder\">Bearbeiten<\/a><span class=\"mw-editsection-bracket\">]<\/span><\/span><\/h2>\n<p><img alt=\"\" src=\"\/images\/thumb\/4\/4a\/Commons-logo.svg\/langde-20px-Commons-logo.svg.png%3Futm_source%3Dcommons.wikimedia.org%26utm_campaign%3Dimageinfo%26utm_content%3Dthumbnail\" decoding=\"async\" title=\"Commons\" width=\"12\" height=\"16\" srcset=\"\/images\/thumb\/4\/4a\/Commons-logo.svg\/langde-40px-Commons-logo.svg.png%3Futm_source%3Dcommons.wikimedia.org%26utm_campaign%3Dimageinfo%26utm_content%3Dthumbnail 2x\" \/>&#160;<b><a href=\"http:\/\/commons.wikimedia.org\/wiki\/Category:FC_Red_Bull_Salzburg_gegen_FC_Wacker_Innsbruck_(20._Oktober_2018)\" class=\"extiw\" title=\"commons:Category:FC Red Bull Salzburg gegen FC Wacker Innsbruck (20. Oktober 2018)\">11. Runde, Saison 2018\/19, FC Red Bull Salzburg gegen FC Wacker Innsbruck<\/a><\/b>&#160;\u2013 Sammlung von Bildern, Videos und Audiodateien auf <a href=\"\/Wikimedia_Commons\" title=\"Wikimedia Commons\">Wikimedia Commons<\/a>\n<\/p>\n<h2><span class=\"mw-headline\" id=\"Stimmen_zum_Spiel\">Stimmen zum Spiel<\/span><a href=\"\/index.php?title=11._Runde,_Saison_2018\/19,_FC_Red_Bull_Salzburg_gegen_FC_Wacker_Innsbruck&amp;action=edit&amp;section=4\" title=\"Abschnitt bearbeiten: Stimmen zum Spiel\">Bearbeiten<\/a><span class=\"mw-editsection-bracket\">]<\/span><\/span><\/h2>\n<p><b>Marco Rose:<\/b> Uns war allen klar, dass irgendwann der Punkt kommt, wo wir nicht gewinnen werden. Wir haben heute aber trotzdem eine gute Partie gegen sehr defensive Innsbrucker gemacht. Die Tiroler haben sich den Punkt durch harte Arbeit sicher verdient, auch wenn wir es uns verdient h\u00e4tten, zu gewinnen. Man hat aber gesehen, dass Innsbruck in der Lage ist, spielerische Akzente zu setzen.\n<\/p>\n<p><b>Cican Stankovic:<\/b> Das war heute ein unn\u00f6tiger Punkteverlust, das Spiel h\u00e4tten wir heute gewinnen m\u00fcssen. Besonders \u00e4rgert es mich, dass wir nach dem F\u00fchrungstreffer zu passiv waren und gleich den Ausgleich bekommen haben. Was wir in den letzten zehn Bundesliga-Partien gespielt haben, war \u00fcberragend. Jetzt haben wir das erste Mal Punkte liegen gelassen, wir werden das schon verkraften.\n<\/p>\n<\/div>\n","protected":false},"excerpt":{"rendered":"<p>FaktenBearbeiten] FC Red Bull Salzburg gegen FC Wacker Innsbruck, 1:1 Spieltag Bundesliga Grunddurchgang &#8211; 11. Spieltag Datum 20. Oktober 2018 Anpfiff 17 Uhr Aufstellung Tor Cican Stankovic Verteidigung Stefan Lainer &#8211; Andre Ramalho &#8211; Marin Pongracic &#8211; Andreas Ulmer Mittelfeld Xaver Schlager &#8211; Diadie Samassekou &#8211; Reinhold Yabo &#8211; Zlatko Junuzovic Sturm Fredrik Gulbrandsen &#8211; [&hellip;]<\/p>\n","protected":false},"author":1,"featured_media":0,"comment_status":"open","ping_status":"open","sticky":false,"template":"","format":"standard","meta":{"footnotes":""},"categories":[201],"tags":[],"class_list":["post-288","post","type-post","status-publish","format-standard","hentry","category-11-runde-saison-2018"],"_links":{"self":[{"href":"https:\/\/wiki.s12.at\/index.php\/wp-json\/wp\/v2\/posts\/288","targetHints":{"allow":["GET"]}}],"collection":[{"href":"https:\/\/wiki.s12.at\/index.php\/wp-json\/wp\/v2\/posts"}],"about":[{"href":"https:\/\/wiki.s12.at\/index.php\/wp-json\/wp\/v2\/types\/post"}],"author":[{"embeddable":true,"href":"https:\/\/wiki.s12.at\/index.php\/wp-json\/wp\/v2\/users\/1"}],"replies":[{"embeddable":true,"href":"https:\/\/wiki.s12.at\/index.php\/wp-json\/wp\/v2\/comments?post=288"}],"version-history":[{"count":0,"href":"https:\/\/wiki.s12.at\/index.php\/wp-json\/wp\/v2\/posts\/288\/revisions"}],"wp:attachment":[{"href":"https:\/\/wiki.s12.at\/index.php\/wp-json\/wp\/v2\/media?parent=288"}],"wp:term":[{"taxonomy":"category","embeddable":true,"href":"https:\/\/wiki.s12.at\/index.php\/wp-json\/wp\/v2\/categories?post=288"},{"taxonomy":"post_tag","embeddable":true,"href":"https:\/\/wiki.s12.at\/index.php\/wp-json\/wp\/v2\/tags?post=288"}],"curies":[{"name":"wp","href":"https:\/\/api.w.org\/{rel}","templated":true}]}}