{"id":283,"date":"2026-05-06T12:57:58","date_gmt":"2026-05-06T10:57:58","guid":{"rendered":"http:\/\/wiki.s12.at\/index.php\/2026\/05\/06\/11-runde-saison-2015-16-sk-rapid-wien-gegen-fc-red-bull-salzburg\/"},"modified":"2026-05-06T12:57:58","modified_gmt":"2026-05-06T10:57:58","slug":"11-runde-saison-2015-16-sk-rapid-wien-gegen-fc-red-bull-salzburg","status":"publish","type":"post","link":"https:\/\/wiki.s12.at\/index.php\/2026\/05\/06\/11-runde-saison-2015-16-sk-rapid-wien-gegen-fc-red-bull-salzburg\/","title":{"rendered":"16 SK Rapid Wien gegen FC Red Bull Salzburg"},"content":{"rendered":"<div class=\"mw-parser-output\">\n<h2><span class=\"mw-headline\" id=\"Fakten\">Fakten<\/span><a href=\"\/index.php?title=11._Runde,_Saison_2015\/16_SK_Rapid_Wien_gegen_FC_Red_Bull_Salzburg&amp;action=edit&amp;section=1\" title=\"Abschnitt bearbeiten: Fakten\">Bearbeiten<\/a><span class=\"mw-editsection-bracket\">]<\/span><\/span><\/h2>\n<table class=\"toptextcells toccolours\">\n<tbody>\n<tr>\n<th colspan=\"2\" style=\"text-align: center; vertical-align: top; padding: 0.3em 0.8em; font-size: 125%; background-color: lightsteelblue;\">SK Rapid Wien gegen FC Red Bull Salzburg , 1:2\n<\/th>\n<\/tr>\n<tr>\n<th style=\"text-align:left;\"><b>Spieltag<\/b>\n<\/th>\n<th style=\"text-align:left;\">Bundesliga -11. Spieltag\n<\/th>\n<\/tr>\n<tr>\n<th style=\"text-align:left;\"><b>Datum<\/b>\n<\/th>\n<th style=\"text-align:left;\">4. Oktober 2015\n<\/th>\n<\/tr>\n<tr>\n<th style=\"text-align:left;\"><b>Anpfiff<\/b>\n<\/th>\n<th style=\"text-align:left;\">16.30 Uhr\n<\/th>\n<\/tr>\n<tr>\n<td colspan=\"2\" style=\"text-align:center;\" bgcolor=\"lightgray\"><b>Aufstellung<\/b>\n<\/td>\n<\/tr>\n<tr>\n<th style=\"text-align:left;\"><b>Tor<\/b>\n<\/th>\n<th><a href=\"\/Alexander_Walke\" title=\"Alexander Walke\">Alexander Walke<\/a>\n<\/th>\n<\/tr>\n<tr>\n<th style=\"text-align:left;\"><b>Verteidigung<\/b>\n<\/th>\n<th><a href=\"\/Christian_Schwegler\" title=\"Christian Schwegler\">Christian Schwegler<\/a> &#8211; <a href=\"\/Paulo_Miranda\" title=\"Paulo Miranda\">Paulo Miranda<\/a> &#8211; <a href=\"\/Duje_Caleta-Car\" title=\"Duje Caleta-Car\">Duje Caleta-Car<\/a> &#8211; <a href=\"\/Andreas_Ulmer\" title=\"Andreas Ulmer\">Andreas Ulmer<\/a>\n<\/th>\n<\/tr>\n<tr>\n<th style=\"text-align:left;\"><b>Mittelfeld<\/b>\n<\/th>\n<th><a href=\"\/Benno_Schmitz\" title=\"Benno Schmitz\">Benno Schmitz<\/a> &#8211; <a href=\"\/Naby_Keita\" title=\"Naby Keita\">Naby Keita<\/a> &#8211; <a href=\"\/Valon_Berisha\" title=\"Valon Berisha\">Valon Berisha<\/a> &#8211; <a href=\"\/Takumi_Minamino\" title=\"Takumi Minamino\">Takumi Minamino<\/a>\n<\/th>\n<\/tr>\n<tr>\n<th style=\"text-align:left;\"><b>Sturm<\/b>\n<\/th>\n<th><a href=\"\/Jonatan_Soriano\" title=\"Jonatan Soriano\">Jonatan Soriano<\/a> &#8211; <a href=\"\/Omer_Damari\" title=\"Omer Damari\">Omer Damari<\/a>\n<\/th>\n<\/tr>\n<tr>\n<td colspan=\"2\" style=\"text-align:center;\" bgcolor=\"lightgray\"><b>Wechsel<\/b>\n<\/td>\n<\/tr>\n<tr>\n<th style=\"text-align:left;\"><b>Wechsel<\/b>\n<\/th>\n<th style=\"text-align:left;\"><a href=\"\/Yordy_Reyna\" title=\"Yordy Reyna\">Yordy Reyna<\/a> f\u00fcr Damari (60.), <a href=\"\/Konrad_Laimer\" title=\"Konrad Laimer\">Konrad Laimer<\/a> f\u00fcr Minamino (83.)\n<\/th>\n<\/tr>\n<tr>\n<td colspan=\"2\" style=\"text-align:center;\" bgcolor=\"lightgray\"><b>Statistik<\/b>\n<\/td>\n<\/tr>\n<tr>\n<th style=\"text-align:left;\"><b>Endstand<\/b>\n<\/th>\n<th style=\"text-align:left;\">1:2 (1:1)\n<\/th>\n<\/tr>\n<tr>\n<th style=\"text-align:left;\"><b>Torsch\u00fctzen<\/b>\n<\/th>\n<th style=\"text-align:left;\">Stangl (18.); Minamino (43.), Schwegler (65.)\n<\/th>\n<\/tr>\n<tr>\n<th style=\"text-align:left;\"><b>Gelbe Karten<\/b>\n<\/th>\n<th style=\"text-align:left;\">Hofmann (62.), Auer (90.); Schwegler (90.), Soriano (91.), Reyna (93.)\n<\/th>\n<\/tr>\n<tr>\n<th style=\"text-align:left;\"><b>Rote Karten<\/b>\n<\/th>\n<th style=\"text-align:left;\">\n<\/th>\n<\/tr>\n<tr>\n<th style=\"text-align:left;\"><b>Schiedsrichter<\/b>\n<\/th>\n<th style=\"text-align:left;\">Dominik Ouschan\n<\/th>\n<\/tr>\n<tr>\n<th style=\"text-align:left;\"><b>Stadion<\/b>\n<\/th>\n<th style=\"text-align:left;\">Ernst Happel-Stadion, Wien\n<\/th>\n<\/tr>\n<tr>\n<th style=\"text-align:left;\"><b>Zuschauer<\/b>\n<\/th>\n<th style=\"text-align:left;\">23 200\n<\/th>\n<\/tr>\n<\/tbody>\n<\/table>\n<p>\n<\/p>\n<h2><span class=\"mw-headline\" id=\"Bilder\">Bilder<\/span><a href=\"\/index.php?title=11._Runde,_Saison_2015\/16_SK_Rapid_Wien_gegen_FC_Red_Bull_Salzburg&amp;action=edit&amp;section=2\" title=\"Abschnitt bearbeiten: Bilder\">Bearbeiten<\/a><span class=\"mw-editsection-bracket\">]<\/span><\/span><\/h2>\n<ul class=\"gallery mw-gallery-traditional\">\n<li class=\"gallerybox\" style=\"width: 155px\">\n<div style=\"width: 155px\">\n<div class=\"thumb\" style=\"width: 150px;\">\n<div style=\"margin:15px auto;\"><a href=\"\/Datei:RAPSBG_(4).jpg\" class=\"image\"><img alt=\"RAPSBG (4).jpg\" src=\"\/images\/thumb\/2\/2b\/RAPSBG_%284%29.jpg\/90px-RAPSBG_%284%29.jpg\" decoding=\"async\" width=\"90\" height=\"120\" srcset=\"\/images\/thumb\/2\/2b\/RAPSBG_%284%29.jpg\/135px-RAPSBG_%284%29.jpg 1.5x, \/images\/thumb\/2\/2b\/RAPSBG_%284%29.jpg\/180px-RAPSBG_%284%29.jpg 2x\" \/><\/a><\/div>\n<\/div>\n<div class=\"gallerytext\">\n\t\t\t<\/div>\n<\/p><\/div>\n<\/li>\n<li class=\"gallerybox\" style=\"width: 155px\">\n<div style=\"width: 155px\">\n<div class=\"thumb\" style=\"width: 150px;\">\n<div style=\"margin:39px auto;\"><a href=\"\/Datei:RAPSBG_(1).jpg\" class=\"image\"><img alt=\"RAPSBG (1).jpg\" src=\"\/images\/thumb\/7\/72\/RAPSBG_%281%29.jpg\/120px-RAPSBG_%281%29.jpg\" decoding=\"async\" width=\"120\" height=\"72\" srcset=\"\/images\/thumb\/7\/72\/RAPSBG_%281%29.jpg\/180px-RAPSBG_%281%29.jpg 1.5x, \/images\/thumb\/7\/72\/RAPSBG_%281%29.jpg\/240px-RAPSBG_%281%29.jpg 2x\" \/><\/a><\/div>\n<\/div>\n<div class=\"gallerytext\">\n\t\t\t<\/div>\n<\/p><\/div>\n<\/li>\n<li class=\"gallerybox\" style=\"width: 155px\">\n<div style=\"width: 155px\">\n<div class=\"thumb\" style=\"width: 150px;\">\n<div style=\"margin:30px auto;\"><a href=\"\/Datei:RAPSBG_(3).jpg\" class=\"image\"><img alt=\"RAPSBG (3).jpg\" src=\"\/images\/thumb\/0\/0b\/RAPSBG_%283%29.jpg\/120px-RAPSBG_%283%29.jpg\" decoding=\"async\" width=\"120\" height=\"90\" srcset=\"\/images\/thumb\/0\/0b\/RAPSBG_%283%29.jpg\/180px-RAPSBG_%283%29.jpg 1.5x, \/images\/thumb\/0\/0b\/RAPSBG_%283%29.jpg\/240px-RAPSBG_%283%29.jpg 2x\" \/><\/a><\/div>\n<\/div>\n<div class=\"gallerytext\">\n\t\t\t<\/div>\n<\/p><\/div>\n<\/li>\n<li class=\"gallerybox\" style=\"width: 155px\">\n<div style=\"width: 155px\">\n<div class=\"thumb\" style=\"width: 150px;\">\n<div style=\"margin:39px auto;\"><a href=\"\/Datei:RabidRBS_(1).jpg\" class=\"image\"><img loading=\"lazy\" alt=\"RabidRBS (1).jpg\" src=\"\/images\/thumb\/b\/b9\/RabidRBS_%281%29.jpg\/120px-RabidRBS_%281%29.jpg\" decoding=\"async\" width=\"120\" height=\"72\" srcset=\"\/images\/thumb\/b\/b9\/RabidRBS_%281%29.jpg\/180px-RabidRBS_%281%29.jpg 1.5x, \/images\/thumb\/b\/b9\/RabidRBS_%281%29.jpg\/240px-RabidRBS_%281%29.jpg 2x\" \/><\/a><\/div>\n<\/div>\n<div class=\"gallerytext\">\n\t\t\t<\/div>\n<\/p><\/div>\n<\/li>\n<li class=\"gallerybox\" style=\"width: 155px\">\n<div style=\"width: 155px\">\n<div class=\"thumb\" style=\"width: 150px;\">\n<div style=\"margin:39px auto;\"><a href=\"\/Datei:RabidRBS_(3).jpg\" class=\"image\"><img loading=\"lazy\" alt=\"RabidRBS (3).jpg\" src=\"\/images\/thumb\/7\/76\/RabidRBS_%283%29.jpg\/120px-RabidRBS_%283%29.jpg\" decoding=\"async\" width=\"120\" height=\"72\" srcset=\"\/images\/thumb\/7\/76\/RabidRBS_%283%29.jpg\/180px-RabidRBS_%283%29.jpg 1.5x, \/images\/thumb\/7\/76\/RabidRBS_%283%29.jpg\/240px-RabidRBS_%283%29.jpg 2x\" \/><\/a><\/div>\n<\/div>\n<div class=\"gallerytext\">\n\t\t\t<\/div>\n<\/p><\/div>\n<\/li>\n<\/ul>\n<h2><span class=\"mw-headline\" id=\"Weblinks\">Weblinks<\/span><a href=\"\/index.php?title=11._Runde,_Saison_2015\/16_SK_Rapid_Wien_gegen_FC_Red_Bull_Salzburg&amp;action=edit&amp;section=3\" title=\"Abschnitt bearbeiten: Weblinks\">Bearbeiten<\/a><span class=\"mw-editsection-bracket\">]<\/span><\/span><\/h2>\n<ul>\n<li><a rel=\"nofollow\" class=\"external text\" href=\"http:\/\/www.redbullsalzburg.at\/de\/fc-red-bull-salzburg\/news\/saison_2015_16\/rote-bullen-gewinnen-ausaerts-bei-rapid-wien.html\">Spielbericht Vereinshomepage<\/a><\/li>\n<\/ul>\n<p><center>&lt;youtube&gt;FoQ2bjUp5f0&lt;\/youtube&gt;<\/center><\/p>\n<h2><span class=\"mw-headline\" id=\"Stimmen_zum_Spiel\">Stimmen zum Spiel<\/span><a href=\"\/index.php?title=11._Runde,_Saison_2015\/16_SK_Rapid_Wien_gegen_FC_Red_Bull_Salzburg&amp;action=edit&amp;section=4\" title=\"Abschnitt bearbeiten: Stimmen zum Spiel\">Bearbeiten<\/a><span class=\"mw-editsection-bracket\">]<\/span><\/span><\/h2>\n<ul>\n<li><b>Alexander Walke:<\/b> Wir haben uns f\u00fcr das heutige Spiel viel vorgenommen und wollten in der Tabelle oben dranbleiben. In den ersten 15 Minuten haben wir klar dominiert, dann den R\u00fcckstand kassiert, aber das kennen wir ja. Wir sind mit unserer Leistung heute sehr zufrieden, aber wir d\u00fcrfen uns auf nichts ausruhen. Es gibt noch einiges zu verbessern, speziell was das Defensivverhalten und die Ausf\u00fchrung der Standards betrifft.<\/li>\n<\/ul>\n<\/div>\n","protected":false},"excerpt":{"rendered":"<p>FaktenBearbeiten] SK Rapid Wien gegen FC Red Bull Salzburg , 1:2 Spieltag Bundesliga -11. Spieltag Datum 4. Oktober 2015 Anpfiff 16.30 Uhr Aufstellung Tor Alexander Walke Verteidigung Christian Schwegler &#8211; Paulo Miranda &#8211; Duje Caleta-Car &#8211; Andreas Ulmer Mittelfeld Benno Schmitz &#8211; Naby Keita &#8211; Valon Berisha &#8211; Takumi Minamino Sturm Jonatan Soriano &#8211; Omer [&hellip;]<\/p>\n","protected":false},"author":1,"featured_media":0,"comment_status":"open","ping_status":"open","sticky":false,"template":"","format":"standard","meta":{"footnotes":""},"categories":[198],"tags":[],"class_list":["post-283","post","type-post","status-publish","format-standard","hentry","category-11-runde-saison-2015"],"_links":{"self":[{"href":"https:\/\/wiki.s12.at\/index.php\/wp-json\/wp\/v2\/posts\/283","targetHints":{"allow":["GET"]}}],"collection":[{"href":"https:\/\/wiki.s12.at\/index.php\/wp-json\/wp\/v2\/posts"}],"about":[{"href":"https:\/\/wiki.s12.at\/index.php\/wp-json\/wp\/v2\/types\/post"}],"author":[{"embeddable":true,"href":"https:\/\/wiki.s12.at\/index.php\/wp-json\/wp\/v2\/users\/1"}],"replies":[{"embeddable":true,"href":"https:\/\/wiki.s12.at\/index.php\/wp-json\/wp\/v2\/comments?post=283"}],"version-history":[{"count":0,"href":"https:\/\/wiki.s12.at\/index.php\/wp-json\/wp\/v2\/posts\/283\/revisions"}],"wp:attachment":[{"href":"https:\/\/wiki.s12.at\/index.php\/wp-json\/wp\/v2\/media?parent=283"}],"wp:term":[{"taxonomy":"category","embeddable":true,"href":"https:\/\/wiki.s12.at\/index.php\/wp-json\/wp\/v2\/categories?post=283"},{"taxonomy":"post_tag","embeddable":true,"href":"https:\/\/wiki.s12.at\/index.php\/wp-json\/wp\/v2\/tags?post=283"}],"curies":[{"name":"wp","href":"https:\/\/api.w.org\/{rel}","templated":true}]}}