{"id":279,"date":"2026-05-06T12:57:56","date_gmt":"2026-05-06T10:57:56","guid":{"rendered":"http:\/\/wiki.s12.at\/index.php\/2026\/05\/06\/11-runde-saison-2013-14-fk-austria-wien-gegen-fc-red-bull-salzburg\/"},"modified":"2026-05-06T12:57:56","modified_gmt":"2026-05-06T10:57:56","slug":"11-runde-saison-2013-14-fk-austria-wien-gegen-fc-red-bull-salzburg","status":"publish","type":"post","link":"https:\/\/wiki.s12.at\/index.php\/2026\/05\/06\/11-runde-saison-2013-14-fk-austria-wien-gegen-fc-red-bull-salzburg\/","title":{"rendered":"14, FK Austria Wien gegen FC Red Bull Salzburg"},"content":{"rendered":"<div class=\"mw-parser-output\">\n<h2><span class=\"mw-headline\" id=\"Fakten\">Fakten<\/span><a href=\"\/index.php?title=11._Runde,_Saison_2013\/14,_FK_Austria_Wien_gegen_FC_Red_Bull_Salzburg&amp;action=edit&amp;section=1\" title=\"Abschnitt bearbeiten: Fakten\">Bearbeiten<\/a><span class=\"mw-editsection-bracket\">]<\/span><\/span><\/h2>\n<table class=\"toptextcells toccolours\">\n<tbody>\n<tr>\n<th colspan=\"2\" style=\"text-align: center; vertical-align: top; padding: 0.3em 0.8em; font-size: 125%; background-color: lightsteelblue;\">FK Austria Wien gegen FC Red Bull Salzburg, 1:2\n<\/th>\n<\/tr>\n<tr>\n<th style=\"text-align:left;\"><b>Spieltag<\/b>\n<\/th>\n<th style=\"text-align:left;\">Bundesliga &#8211; 11. Spieltag\n<\/th>\n<\/tr>\n<tr>\n<th style=\"text-align:left;\"><b>Datum<\/b>\n<\/th>\n<th style=\"text-align:left;\">6. Oktober 2013\n<\/th>\n<\/tr>\n<tr>\n<th style=\"text-align:left;\"><b>Anpfiff<\/b>\n<\/th>\n<th style=\"text-align:left;\">16.30 Uhr\n<\/th>\n<\/tr>\n<tr>\n<td colspan=\"2\" style=\"text-align:center;\" bgcolor=\"lightgray\"><b>Aufstellung<\/b>\n<\/td>\n<\/tr>\n<tr>\n<th style=\"text-align:left;\"><b>Tor<\/b>\n<\/th>\n<th><a href=\"\/Peter_Gulacsi\" class=\"mw-redirect\" title=\"Peter Gulacsi\">Peter Gulacsi<\/a>\n<\/th>\n<\/tr>\n<tr>\n<th style=\"text-align:left;\"><b>Verteidigung<\/b>\n<\/th>\n<th><a href=\"\/Christian_Schwegler\" title=\"Christian Schwegler\">Christian Schwegler<\/a> &#8211; <a href=\"\/Rodnei\" title=\"Rodnei\">Rodnei<\/a> &#8211; <a href=\"\/Martin_Hinteregger\" title=\"Martin Hinteregger\">Martin Hinteregger<\/a> &#8211; <a href=\"\/Andreas_Ulmer\" title=\"Andreas Ulmer\">Andreas Ulmer<\/a>\n<\/th>\n<\/tr>\n<tr>\n<th style=\"text-align:left;\"><b>Mittelfeld<\/b>\n<\/th>\n<th><a href=\"\/Andre_Ramalho\" class=\"mw-redirect\" title=\"Andre Ramalho\">Andre Ramalho<\/a> &#8211; <a href=\"\/Valon_Berisha\" title=\"Valon Berisha\">Valon Berisha<\/a> &#8211; <a href=\"\/Sadio_Man%C3%A9\" title=\"Sadio Man\u00e9\">Sadio Man\u00e9<\/a> &#8211; <a href=\"\/Kevin_Kampl\" title=\"Kevin Kampl\">Kevin Kampl<\/a>\n<\/th>\n<\/tr>\n<tr>\n<th style=\"text-align:left;\"><b>Sturm<\/b>\n<\/th>\n<th><a href=\"\/Jonatan_Soriano\" title=\"Jonatan Soriano\">Jonatan Soriano<\/a> &#8211; <a href=\"\/Alan\" title=\"Alan\">Alan<\/a>\n<\/th>\n<\/tr>\n<tr>\n<td colspan=\"2\" style=\"text-align:center;\" bgcolor=\"lightgray\"><b>Wechsel<\/b>\n<\/td>\n<\/tr>\n<tr>\n<th style=\"text-align:left;\"><b>Wechsel<\/b>\n<\/th>\n<th style=\"text-align:left;\"><a href=\"\/Stefan_Ilsanker\" title=\"Stefan Ilsanker\">Stefan Ilsanker<\/a> f\u00fcr Hinteregger (46.), <a href=\"\/Christoph_Leitgeb\" title=\"Christoph Leitgeb\">Christoph Leitgeb<\/a> f\u00fcr Berisha (46.), <a href=\"\/Florian_Klein\" title=\"Florian Klein\">Florian Klein<\/a> f\u00fcr Schwegler (75.)\n<\/th>\n<\/tr>\n<tr>\n<td colspan=\"2\" style=\"text-align:center;\" bgcolor=\"lightgray\"><b>Statistik<\/b>\n<\/td>\n<\/tr>\n<tr>\n<th style=\"text-align:left;\"><b>Endstand<\/b>\n<\/th>\n<th style=\"text-align:left;\">1:2 (1:1)\n<\/th>\n<\/tr>\n<tr>\n<th style=\"text-align:left;\"><b>Torsch\u00fctzen<\/b>\n<\/th>\n<th style=\"text-align:left;\">Royer (24.); Man\u00e9 (8.), Alan (48.)\n<\/th>\n<\/tr>\n<tr>\n<th style=\"text-align:left;\"><b>Gelbe Karten<\/b>\n<\/th>\n<th style=\"text-align:left;\">Koch (33.); Rodnei (66.), Man\u00e9 (72.)\n<\/th>\n<\/tr>\n<tr>\n<th style=\"text-align:left;\"><b>Rote Karten<\/b>\n<\/th>\n<th style=\"text-align:left;\">\n<\/th>\n<\/tr>\n<tr>\n<th style=\"text-align:left;\"><b>Schiedsrichter<\/b>\n<\/th>\n<th style=\"text-align:left;\">Robert Sch\u00f6rgenhofer\n<\/th>\n<\/tr>\n<tr>\n<th style=\"text-align:left;\"><b>Stadion<\/b>\n<\/th>\n<th style=\"text-align:left;\">Generali-Arena, Wien\n<\/th>\n<\/tr>\n<tr>\n<th style=\"text-align:left;\"><b>Zuschauer<\/b>\n<\/th>\n<th style=\"text-align:left;\">10 075\n<\/th>\n<\/tr>\n<\/tbody>\n<\/table>\n<p>\n<\/p>\n<p>\n<\/p>\n<p><img alt=\"\" src=\"\/images\/thumb\/4\/4a\/Commons-logo.svg\/langde-20px-Commons-logo.svg.png%3Futm_source%3Dcommons.wikimedia.org%26utm_campaign%3Dimageinfo%26utm_content%3Dthumbnail\" decoding=\"async\" title=\"Commons\" width=\"12\" height=\"16\" srcset=\"\/images\/thumb\/4\/4a\/Commons-logo.svg\/langde-40px-Commons-logo.svg.png%3Futm_source%3Dcommons.wikimedia.org%26utm_campaign%3Dimageinfo%26utm_content%3Dthumbnail 2x\" \/>&#160;<b><a href=\"http:\/\/commons.wikimedia.org\/wiki\/Category:FK_Austria_Wien_vs._FC_Red_Bull_Salzburg_20131006\" class=\"extiw\" title=\"commons:Category:FK Austria Wien vs. FC Red Bull Salzburg 20131006\">11. Runde, Saison 2013\/14, FK Austria Wien gegen FC Red Bull Salzburg<\/a><\/b>&#160;\u2013 Sammlung von Bildern, Videos und Audiodateien auf <a href=\"\/Wikimedia_Commons\" title=\"Wikimedia Commons\">Wikimedia Commons<\/a>\n<\/p>\n<h2><span class=\"mw-headline\" id=\"Weblinks\">Weblinks<\/span><a href=\"\/index.php?title=11._Runde,_Saison_2013\/14,_FK_Austria_Wien_gegen_FC_Red_Bull_Salzburg&amp;action=edit&amp;section=2\" title=\"Abschnitt bearbeiten: Weblinks\">Bearbeiten<\/a><span class=\"mw-editsection-bracket\">]<\/span><\/span><\/h2>\n<ul>\n<li><a rel=\"nofollow\" class=\"external text\" href=\"http:\/\/redbulls.com\/soccer\/salzburg\/de\/red-bull-salzburg-news-detail_9353.html\">Spielbericht Homepage RB Salzburg<\/a><\/li>\n<li><a rel=\"nofollow\" class=\"external text\" href=\"http:\/\/www.salzburg12.at\/2013\/10\/drei-punkte-am-verteilerkreis\/\">Spielbericht Salzburg12.at<\/a><\/li>\n<li><a rel=\"nofollow\" class=\"external text\" href=\"http:\/\/www.redbullsfan.tv\/spiele\/bundesliga\/austria-wien-vs-red-bull-salzburg\/page\/view=1646\">Video redbullsfan.tv<\/a><\/li>\n<\/ul>\n<h2><span class=\"mw-headline\" id=\"Stimmen_zum_Spiel\">Stimmen zum Spiel<\/span><a href=\"\/index.php?title=11._Runde,_Saison_2013\/14,_FK_Austria_Wien_gegen_FC_Red_Bull_Salzburg&amp;action=edit&amp;section=3\" title=\"Abschnitt bearbeiten: Stimmen zum Spiel\">Bearbeiten<\/a><span class=\"mw-editsection-bracket\">]<\/span><\/span><\/h2>\n<p><b>Roger Schmidt:<\/b> &#8222;Wir sind nicht so gut reingekommen, das wurde mit dem Tor dann aber besser. Das Spiel war hochinteressant und sehr intensiv. Mit dem Wechsel auf der Doppel-Sechs hat es nach der Pause noch besser geklappt. Die Mannschaft hat bedingungslos gefightet und sich damit den Sieg verdient. Das wir den Rekord von Rapid eingestellt haben, macht uns auch stolz.&#8220;\n<\/p>\n<p><b>Alan:<\/b> &#8222;Heute war ich nicht so gut, doch das Tor war sehr wichtig. Aber ich mache das nicht alleine, das ist ein Verdienst der ganzen Mannschaft. Der Sieg heute war sehr wichtig, denn Austria ist ein gro\u00dfer Konkurrent.&#8220;\n<\/p>\n<p><b>Nenad Bjelica (Austria-Trainer):<\/b> &#8222;Uns hat etwas vorne gefehlt im Abschluss. Wir haben einiges geleistet, ich will nicht alles negativ sehen, nat\u00fcrlich ist das Ergebnis negativ. Uns fehlen die Alternativen durch die Ausf\u00e4lle, unser Kader ist nicht so gro\u00df, wir k\u00f6nnen das nicht kompensieren. Der Abstand mit zehn Punkten wird schwer f\u00fcr uns. Wenn man die Tabelle sieht, kann man etwas pessimistisch sein, aber wir glauben, dass wir mit diesem Einsatz einige Spiele gewinnen werden.&#8220;\n<\/p>\n<p><b>Daniel Royer (Torsch\u00fctze Austria):<\/b> &#8222;Es war ein sch\u00f6nes Tor, aber es w\u00e4re umso wertvoller, wenn es zu Z\u00e4hlbarem gef\u00fchrt h\u00e4tte. Wir waren beim 1:2 unaufmerksam, der steht da ganz alleine einen Meter vor dem Tor. Wir haben dann einen Gang zugelegt, das Spiel gemacht, aber heute war das Gl\u00fcck nicht ganz auf unserer Seite. Es ist schon ein gro\u00dfer R\u00fcckstand. Die Chance war heute da, dass wir Salzburg biegen, da w\u00e4re mehr drin gewesen.&#8220;\n<\/p>\n<\/div>\n","protected":false},"excerpt":{"rendered":"<p>FaktenBearbeiten] FK Austria Wien gegen FC Red Bull Salzburg, 1:2 Spieltag Bundesliga &#8211; 11. Spieltag Datum 6. Oktober 2013 Anpfiff 16.30 Uhr Aufstellung Tor Peter Gulacsi Verteidigung Christian Schwegler &#8211; Rodnei &#8211; Martin Hinteregger &#8211; Andreas Ulmer Mittelfeld Andre Ramalho &#8211; Valon Berisha &#8211; Sadio Man\u00e9 &#8211; Kevin Kampl Sturm Jonatan Soriano &#8211; Alan Wechsel [&hellip;]<\/p>\n","protected":false},"author":1,"featured_media":0,"comment_status":"open","ping_status":"open","sticky":false,"template":"","format":"standard","meta":{"footnotes":""},"categories":[196],"tags":[],"class_list":["post-279","post","type-post","status-publish","format-standard","hentry","category-11-runde-saison-2013"],"_links":{"self":[{"href":"https:\/\/wiki.s12.at\/index.php\/wp-json\/wp\/v2\/posts\/279","targetHints":{"allow":["GET"]}}],"collection":[{"href":"https:\/\/wiki.s12.at\/index.php\/wp-json\/wp\/v2\/posts"}],"about":[{"href":"https:\/\/wiki.s12.at\/index.php\/wp-json\/wp\/v2\/types\/post"}],"author":[{"embeddable":true,"href":"https:\/\/wiki.s12.at\/index.php\/wp-json\/wp\/v2\/users\/1"}],"replies":[{"embeddable":true,"href":"https:\/\/wiki.s12.at\/index.php\/wp-json\/wp\/v2\/comments?post=279"}],"version-history":[{"count":0,"href":"https:\/\/wiki.s12.at\/index.php\/wp-json\/wp\/v2\/posts\/279\/revisions"}],"wp:attachment":[{"href":"https:\/\/wiki.s12.at\/index.php\/wp-json\/wp\/v2\/media?parent=279"}],"wp:term":[{"taxonomy":"category","embeddable":true,"href":"https:\/\/wiki.s12.at\/index.php\/wp-json\/wp\/v2\/categories?post=279"},{"taxonomy":"post_tag","embeddable":true,"href":"https:\/\/wiki.s12.at\/index.php\/wp-json\/wp\/v2\/tags?post=279"}],"curies":[{"name":"wp","href":"https:\/\/api.w.org\/{rel}","templated":true}]}}