{"id":2756,"date":"2026-05-06T14:47:32","date_gmt":"2026-05-06T12:47:32","guid":{"rendered":"https:\/\/wiki.s12.at\/index.php\/2026\/05\/06\/9-runde-bundesliga-saison-1996-97-austria-wien-austria-salzburg\/"},"modified":"2026-05-06T14:47:32","modified_gmt":"2026-05-06T12:47:32","slug":"9-runde-bundesliga-saison-1996-97-austria-wien-austria-salzburg","status":"publish","type":"post","link":"https:\/\/wiki.s12.at\/index.php\/2026\/05\/06\/9-runde-bundesliga-saison-1996-97-austria-wien-austria-salzburg\/","title":{"rendered":"97, Austria Wien &#8211; Austria Salzburg"},"content":{"rendered":"<div class=\"mw-parser-output\">\n<h3><span class=\"mw-headline\" id=\"Fakten\">Fakten<\/span><a href=\"\/index.php?title=9._Runde:_Bundesliga,_Saison_1996\/97,_Austria_Wien_-_Austria_Salzburg&amp;action=edit&amp;section=1\" title=\"Abschnitt bearbeiten: Fakten\">Bearbeiten<\/a><span class=\"mw-editsection-bracket\">]<\/span><\/span><\/h3>\n<p><b>Bundesliga &#8211; 9. Spieltag: 14. September 1996, 15.30 Uhr<\/b><br \/>\n\n<\/p>\n<table class=\"wikitable\">\n<caption><b> <big> FK Austria Wien gegen SV Austria Salzburg, 0:4<\/big><\/b><br \/>\n<\/caption>\n<tbody>\n<tr>\n<td>Aufstellung:<\/td>\n<td><a href=\"\/Otto_Konrad\" title=\"Otto Konrad\">Otto Konrad<\/a>\n<\/td>\n<\/tr>\n<tr>\n<td><\/td>\n<td><a href=\"\/Roman_Szewczyk\" title=\"Roman Szewczyk\">Roman Szewczyk<\/a> <a href=\"\/Franz_Aigner\" title=\"Franz Aigner\">Franz Aigner<\/a> <a href=\"\/Walter_Kogler\" title=\"Walter Kogler\">Walter Kogler<\/a> <a href=\"\/Gernot_Plassnegger\" title=\"Gernot Plassnegger\">Gernot Plassnegger<\/a>\n<\/td>\n<\/tr>\n<tr>\n<td><\/td>\n<td><a href=\"\/Tibor_Jancula\" title=\"Tibor Jancula\">Tibor Jancula<\/a> <a href=\"\/Walter_H%C3%B6rmann\" title=\"Walter H\u00f6rmann\">Walter H\u00f6rmann<\/a> <a href=\"\/Adolf_H%C3%BCtter\" title=\"Adolf H\u00fctter\">Adolf H\u00fctter<\/a>  <a href=\"\/Heiko_Laessig\" title=\"Heiko Laessig\">Heiko Laessig<\/a>\n<\/td>\n<\/tr>\n<tr>\n<td><\/td>\n<td><a href=\"\/Eduard_Glieder\" title=\"Eduard Glieder\">Eduard Glieder<\/a>  <a href=\"\/Tomislav_Kocijan\" title=\"Tomislav Kocijan\">Tomislav Kocijan<\/a>\n<\/td>\n<\/tr>\n<tr>\n<td>Wechsel:<\/td>\n<td><a href=\"\/Dra%C5%BEen_Besek\" title=\"Dra\u017een Besek\">Dra\u017een Besek<\/a> f\u00fcr Laessig (14.), <a href=\"\/Leo_Lainer\" class=\"mw-redirect\" title=\"Leo Lainer\">Leo Lainer<\/a> f\u00fcr Glieder (88.), <a href=\"\/Robert_Ibertsberger\" title=\"Robert Ibertsberger\">Robert Ibertsberger<\/a> f\u00fcr Plassnegger (89.)\n<\/td>\n<\/tr>\n<tr>\n<td>Endstand:<\/td>\n<td>0:4 (0:2)\n<\/td>\n<\/tr>\n<tr>\n<td>Torsch\u00fctzen:<\/td>\n<td>Laessig (13.), Plassnegger (32.),  Kocijan (73.), Glieder (85.)\n<\/td>\n<\/tr>\n<tr>\n<td>Gelbe Karten:<\/td>\n<td>\n<\/td>\n<\/tr>\n<tr>\n<td>Gelb-rote Karten:<\/td>\n<td>\n<\/td>\n<\/tr>\n<tr>\n<td>Rote Karten:<\/td>\n<td>\n<\/td>\n<\/tr>\n<tr>\n<td>Schiedsrichter:<\/td>\n<td>Werner Winklbauer\n<\/td>\n<\/tr>\n<tr>\n<td>Stadion:<\/td>\n<td>Franz-Horr-Stadion, Wien\n<\/td>\n<\/tr>\n<tr>\n<td>Zuschauer:<\/td>\n<td>6 500\n<\/td>\n<\/tr>\n<\/tbody>\n<\/table>\n<\/div>\n","protected":false},"excerpt":{"rendered":"<p>FaktenBearbeiten] Bundesliga &#8211; 9. Spieltag: 14. September 1996, 15.30 Uhr FK Austria Wien gegen SV Austria Salzburg, 0:4 Aufstellung: Otto Konrad Roman Szewczyk Franz Aigner Walter Kogler Gernot Plassnegger Tibor Jancula Walter H\u00f6rmann Adolf H\u00fctter Heiko Laessig Eduard Glieder Tomislav Kocijan Wechsel: Dra\u017een Besek f\u00fcr Laessig (14.), Leo Lainer f\u00fcr Glieder (88.), Robert Ibertsberger f\u00fcr [&hellip;]<\/p>\n","protected":false},"author":1,"featured_media":0,"comment_status":"open","ping_status":"open","sticky":false,"template":"","format":"standard","meta":{"footnotes":""},"categories":[2178],"tags":[],"class_list":["post-2756","post","type-post","status-publish","format-standard","hentry","category-9-runde-bundesliga-saison-1996"],"_links":{"self":[{"href":"https:\/\/wiki.s12.at\/index.php\/wp-json\/wp\/v2\/posts\/2756","targetHints":{"allow":["GET"]}}],"collection":[{"href":"https:\/\/wiki.s12.at\/index.php\/wp-json\/wp\/v2\/posts"}],"about":[{"href":"https:\/\/wiki.s12.at\/index.php\/wp-json\/wp\/v2\/types\/post"}],"author":[{"embeddable":true,"href":"https:\/\/wiki.s12.at\/index.php\/wp-json\/wp\/v2\/users\/1"}],"replies":[{"embeddable":true,"href":"https:\/\/wiki.s12.at\/index.php\/wp-json\/wp\/v2\/comments?post=2756"}],"version-history":[{"count":0,"href":"https:\/\/wiki.s12.at\/index.php\/wp-json\/wp\/v2\/posts\/2756\/revisions"}],"wp:attachment":[{"href":"https:\/\/wiki.s12.at\/index.php\/wp-json\/wp\/v2\/media?parent=2756"}],"wp:term":[{"taxonomy":"category","embeddable":true,"href":"https:\/\/wiki.s12.at\/index.php\/wp-json\/wp\/v2\/categories?post=2756"},{"taxonomy":"post_tag","embeddable":true,"href":"https:\/\/wiki.s12.at\/index.php\/wp-json\/wp\/v2\/tags?post=2756"}],"curies":[{"name":"wp","href":"https:\/\/api.w.org\/{rel}","templated":true}]}}