{"id":2741,"date":"2026-05-06T14:44:47","date_gmt":"2026-05-06T12:44:47","guid":{"rendered":"https:\/\/wiki.s12.at\/index.php\/2026\/05\/06\/9-runde-saison-2018-19-fc-blau-weiss-linz-gegen-fc-liefering\/"},"modified":"2026-05-06T14:44:47","modified_gmt":"2026-05-06T12:44:47","slug":"9-runde-saison-2018-19-fc-blau-weiss-linz-gegen-fc-liefering","status":"publish","type":"post","link":"https:\/\/wiki.s12.at\/index.php\/2026\/05\/06\/9-runde-saison-2018-19-fc-blau-weiss-linz-gegen-fc-liefering\/","title":{"rendered":"19, FC Blau Wei\u00df Linz gegen FC Liefering"},"content":{"rendered":"<div class=\"mw-parser-output\">\n<h2><span class=\"mw-headline\" id=\"Fakten\">Fakten<\/span><a href=\"\/index.php?title=9._Runde,_Saison_2018\/19,_FC_Blau_Wei%C3%9F_Linz_gegen_FC_Liefering&amp;action=edit&amp;section=1\" title=\"Abschnitt bearbeiten: Fakten\">Bearbeiten<\/a><span class=\"mw-editsection-bracket\">]<\/span><\/span><\/h2>\n<table class=\"toptextcells toccolours\">\n<tbody>\n<tr>\n<th colspan=\"2\" style=\"text-align: center; vertical-align: top; padding: 0.3em 0.8em; font-size: 125%; background-color: lightsteelblue;\">FC Blau Wei\u00df Linz gegen FC Liefering, 2:1\n<\/th>\n<\/tr>\n<tr>\n<th style=\"text-align:left;\"><b>Spieltag<\/b>\n<\/th>\n<th style=\"text-align:left;\">2. Liga\n<\/th>\n<\/tr>\n<tr>\n<th style=\"text-align:left;\"><b>Datum<\/b>\n<\/th>\n<th style=\"text-align:left;\">28. September 2018\n<\/th>\n<\/tr>\n<tr>\n<th style=\"text-align:left;\"><b>Anpfiff<\/b>\n<\/th>\n<th style=\"text-align:left;\">19.10 Uhr\n<\/th>\n<\/tr>\n<tr>\n<td colspan=\"2\" style=\"text-align:center;\" bgcolor=\"lightgray\"><b>Aufstellung<\/b>\n<\/td>\n<\/tr>\n<tr>\n<th style=\"text-align:left;\"><b>Tor<\/b>\n<\/th>\n<th><a href=\"\/Philipp_K%C3%B6hn\" title=\"Philipp K\u00f6hn\">Philipp K\u00f6hn<\/a>\n<\/th>\n<\/tr>\n<tr>\n<th style=\"text-align:left;\"><b>Verteidigung<\/b>\n<\/th>\n<th><a href=\"\/Jusuf_Gazibegovic\" title=\"Jusuf Gazibegovic\">Jusuf Gazibegovic<\/a> &#8211; <a href=\"\/Dominik_Stumberger\" title=\"Dominik Stumberger\">Dominik Stumberger <\/a> &#8211; <a href=\"\/Mahamadou_Dembele\" title=\"Mahamadou Dembele\">Mahamadou Dembele<\/a> &#8211; <a href=\"\/Kilian_Ludewig\" title=\"Kilian Ludewig\">Kilian Ludewig<\/a>\n<\/th>\n<\/tr>\n<tr>\n<th style=\"text-align:left;\"><b>Mittelfeld<\/b>\n<\/th>\n<th><a href=\"\/Peter_Pokorny\" title=\"Peter Pokorny\">Peter Pokorny <\/a> &#8211; <a href=\"\/Dominik_Szoboszlai\" title=\"Dominik Szoboszlai\">Dominik Szoboszlai<\/a> &#8211; <a href=\"\/Jungmin_Kim\" title=\"Jungmin Kim\">Jungmin Kim<\/a> &#8211; <a href=\"\/Mohamed_Camara\" title=\"Mohamed Camara\">Mohamed Camara<\/a>\n<\/th>\n<\/tr>\n<tr>\n<th style=\"text-align:left;\"><b>Sturm<\/b>\n<\/th>\n<th><a href=\"\/Sekou_Koita\" title=\"Sekou Koita\">Sekou Koita<\/a>&#8211; <a href=\"\/Romano_Schmid\" title=\"Romano Schmid\">Romano Schmid<\/a>\n<\/th>\n<\/tr>\n<tr>\n<td colspan=\"2\" style=\"text-align:center;\" bgcolor=\"lightgray\"><b>Wechsel<\/b>\n<\/td>\n<\/tr>\n<tr>\n<th style=\"text-align:left;\"><b>Wechsel<\/b>\n<\/th>\n<th style=\"text-align:left;\"><a href=\"\/Karim_Adeyemi\" title=\"Karim Adeyemi\">Karim Adeyemi<\/a> f\u00fcr Kim (46.), <a href=\"\/Tobias_Anselm\" title=\"Tobias Anselm\">Tobias Anselm<\/a> f\u00fcr Koita (64.), <a href=\"\/Gideon_Mensah\" title=\"Gideon Mensah\">Gideon Mensah<\/a> f\u00fcr Gazibegovic (89.)\n<\/th>\n<\/tr>\n<tr>\n<td colspan=\"2\" style=\"text-align:center;\" bgcolor=\"lightgray\"><b>Statistik<\/b>\n<\/td>\n<\/tr>\n<tr>\n<th style=\"text-align:left;\"><b>Endstand<\/b>\n<\/th>\n<th style=\"text-align:left;\">2:1 (2:0)\n<\/th>\n<\/tr>\n<tr>\n<th style=\"text-align:left;\"><b>Torsch\u00fctzen<\/b>\n<\/th>\n<th style=\"text-align:left;\">Ebenhofer (8.), Tursch (21.); Stumberger (49.)\n<\/th>\n<\/tr>\n<tr>\n<th style=\"text-align:left;\"><b>Gelbe Karten<\/b>\n<\/th>\n<th style=\"text-align:left;\">Fr\u00f6schl (93.), Edokpolor (97.); Koita (50.), Dembele (97.)\n<\/th>\n<\/tr>\n<tr>\n<th style=\"text-align:left;\"><b>Rote Karten<\/b>\n<\/th>\n<th style=\"text-align:left;\">\n<\/th>\n<\/tr>\n<tr>\n<th style=\"text-align:left;\"><b>Schiedsrichter<\/b>\n<\/th>\n<th style=\"text-align:left;\">Lukas Gnam\n<\/th>\n<\/tr>\n<tr>\n<th style=\"text-align:left;\"><b>Stadion<\/b>\n<\/th>\n<th style=\"text-align:left;\">Stadion der Stadt Linz\n<\/th>\n<\/tr>\n<tr>\n<th style=\"text-align:left;\"><b>Zuschauer<\/b>\n<\/th>\n<th style=\"text-align:left;\">1 275\n<\/th>\n<\/tr>\n<\/tbody>\n<\/table>\n<h2><span class=\"mw-headline\" id=\"Weblinks\">Weblinks<\/span><a href=\"\/index.php?title=9._Runde,_Saison_2018\/19,_FC_Blau_Wei%C3%9F_Linz_gegen_FC_Liefering&amp;action=edit&amp;section=2\" title=\"Abschnitt bearbeiten: Weblinks\">Bearbeiten<\/a><span class=\"mw-editsection-bracket\">]<\/span><\/span><\/h2>\n<p><a rel=\"nofollow\" class=\"external text\" href=\"http:\/\/www.fc-liefering.at\/de\/fc-liefering\/news\/saison_2018_19\/niederlage-beim-tabellenfuehrer.html\">Spielbericht Vereinshomepage<\/a>\n<\/p>\n<h2><span class=\"mw-headline\" id=\"Stimmen_zum_Spiel\">Stimmen zum Spiel<\/span><a href=\"\/index.php?title=9._Runde,_Saison_2018\/19,_FC_Blau_Wei%C3%9F_Linz_gegen_FC_Liefering&amp;action=edit&amp;section=3\" title=\"Abschnitt bearbeiten: Stimmen zum Spiel\">Bearbeiten<\/a><span class=\"mw-editsection-bracket\">]<\/span><\/span><\/h2>\n<p><b>Gerhard Struber:<\/b> Die Niederlage tut richtig weh, f\u00fchlt sich gerade nicht gut an. Aufgrund der zweiten Spielh\u00e4lfte, in der wir richtig schlagkr\u00e4ftig waren, h\u00e4tten wir mehr verdient gehabt. In der ersten Halbzeit haben wir einiges vermissen lassen und es den Linzern zu einfach gemacht. Das erste Gegentor war f\u00fcr den Lauf der Ober\u00f6sterreicher charakteristisch und zeigt ihr Selbstvertrauen. Sehr bitter, da wir uns f\u00fcr heute viel vorgenommen hatten.\n<\/p>\n<\/div>\n","protected":false},"excerpt":{"rendered":"<p>FaktenBearbeiten] FC Blau Wei\u00df Linz gegen FC Liefering, 2:1 Spieltag 2. Liga Datum 28. September 2018 Anpfiff 19.10 Uhr Aufstellung Tor Philipp K\u00f6hn Verteidigung Jusuf Gazibegovic &#8211; Dominik Stumberger &#8211; Mahamadou Dembele &#8211; Kilian Ludewig Mittelfeld Peter Pokorny &#8211; Dominik Szoboszlai &#8211; Jungmin Kim &#8211; Mohamed Camara Sturm Sekou Koita&#8211; Romano Schmid Wechsel Wechsel Karim [&hellip;]<\/p>\n","protected":false},"author":1,"featured_media":0,"comment_status":"open","ping_status":"open","sticky":false,"template":"","format":"standard","meta":{"footnotes":""},"categories":[2169],"tags":[],"class_list":["post-2741","post","type-post","status-publish","format-standard","hentry","category-9-runde-saison-2018"],"_links":{"self":[{"href":"https:\/\/wiki.s12.at\/index.php\/wp-json\/wp\/v2\/posts\/2741","targetHints":{"allow":["GET"]}}],"collection":[{"href":"https:\/\/wiki.s12.at\/index.php\/wp-json\/wp\/v2\/posts"}],"about":[{"href":"https:\/\/wiki.s12.at\/index.php\/wp-json\/wp\/v2\/types\/post"}],"author":[{"embeddable":true,"href":"https:\/\/wiki.s12.at\/index.php\/wp-json\/wp\/v2\/users\/1"}],"replies":[{"embeddable":true,"href":"https:\/\/wiki.s12.at\/index.php\/wp-json\/wp\/v2\/comments?post=2741"}],"version-history":[{"count":0,"href":"https:\/\/wiki.s12.at\/index.php\/wp-json\/wp\/v2\/posts\/2741\/revisions"}],"wp:attachment":[{"href":"https:\/\/wiki.s12.at\/index.php\/wp-json\/wp\/v2\/media?parent=2741"}],"wp:term":[{"taxonomy":"category","embeddable":true,"href":"https:\/\/wiki.s12.at\/index.php\/wp-json\/wp\/v2\/categories?post=2741"},{"taxonomy":"post_tag","embeddable":true,"href":"https:\/\/wiki.s12.at\/index.php\/wp-json\/wp\/v2\/tags?post=2741"}],"curies":[{"name":"wp","href":"https:\/\/api.w.org\/{rel}","templated":true}]}}