{"id":2728,"date":"2026-05-06T14:43:43","date_gmt":"2026-05-06T12:43:43","guid":{"rendered":"https:\/\/wiki.s12.at\/index.php\/2026\/05\/06\/9-runde-saison-2007-08-svm-vs-rbs\/"},"modified":"2026-05-06T14:43:43","modified_gmt":"2026-05-06T12:43:43","slug":"9-runde-saison-2007-08-svm-vs-rbs","status":"publish","type":"post","link":"https:\/\/wiki.s12.at\/index.php\/2026\/05\/06\/9-runde-saison-2007-08-svm-vs-rbs\/","title":{"rendered":"08, SVM vs RBS"},"content":{"rendered":"<div class=\"mw-parser-output\">\n<h3><span class=\"mw-headline\" id=\"Fakten\">Fakten<\/span><a href=\"\/index.php?title=9._Runde,_Saison_2007\/08,_SVM_vs_RBS&amp;action=edit&amp;section=1\" title=\"Abschnitt bearbeiten: Fakten\">Bearbeiten<\/a><span class=\"mw-editsection-bracket\">]<\/span><\/span><\/h3>\n<p><b>Bundesliga &#8211; 9. Spieltag: 2 September 2007, 15.30 Uhr<\/b><br \/>\n\n<\/p>\n<table class=\"wikitable\">\n<caption><b><big> SV Mattersburg gegen FC Red Bull Salzburg, 1:1<\/big><\/b><br \/>\n<\/caption>\n<tbody>\n<tr>\n<td>Aufstellung:<\/td>\n<td><a href=\"\/Timo_Ochs\" title=\"Timo Ochs\">Timo Ochs<\/a>\n<\/td>\n<\/tr>\n<tr>\n<td><\/td>\n<td><a href=\"\/Remo_Meyer\" class=\"mw-redirect\" title=\"Remo Meyer\">Remo Meyer<\/a> <a href=\"\/Ibrahim_Sekagya\" title=\"Ibrahim Sekagya\">Ibrahim Sekagya<\/a> <a href=\"\/Alex\" class=\"mw-redirect\" title=\"Alex\">Alex<\/a> <a href=\"\/Markus_Steinh%C3%B6fer\" title=\"Markus Steinh\u00f6fer\">Markus Steinh\u00f6fer<\/a>\n<\/td>\n<\/tr>\n<tr>\n<td><\/td>\n<td><a href=\"\/Karel_Pitak\" class=\"mw-redirect\" title=\"Karel Pitak\">Karel Pitak<\/a> <a href=\"\/Rene_Aufhauser\" class=\"mw-redirect\" title=\"Rene Aufhauser\">Rene Aufhauser<\/a> <a href=\"\/Christoph_Leitgeb\" title=\"Christoph Leitgeb\">Christoph Leitgeb<\/a>  <a href=\"\/Ezequiel_Carboni\" class=\"mw-redirect\" title=\"Ezequiel Carboni\">Ezequiel Carboni<\/a> <a href=\"\/Sasa_Ilic\" class=\"mw-redirect\" title=\"Sasa Ilic\">Sasa Ilic<\/a>\n<\/td>\n<\/tr>\n<tr>\n<td><\/td>\n<td><a href=\"\/Alexander_Zickler\" title=\"Alexander Zickler\">Alexander Zickler<\/a>\n<\/td>\n<\/tr>\n<tr>\n<td>Wechsel:<\/td>\n<td><a href=\"\/Tsuneyasu_Miyamoto\" title=\"Tsuneyasu Miyamoto\">Tsuneyasu Miyamoto<\/a> f\u00fcr Ilic (42.), <a href=\"\/Vratislav_Lokvenc\" title=\"Vratislav Lokvenc\">Vratislav Lokvenc<\/a> f\u00fcr Zickler (49.), <a href=\"\/Johan_Vonlanthen\" title=\"Johan Vonlanthen\">Johan Vonlanthen <\/a> f\u00fcr Steinh\u00f6fer (83.)\n<\/td>\n<\/tr>\n<tr>\n<td>Endstand:<\/td>\n<td>1:1 (0:1)\n<\/td>\n<\/tr>\n<tr>\n<td>Torsch\u00fctzen:<\/td>\n<td>Zickler (5.); Csizmadia (82.)\n<\/td>\n<\/tr>\n<tr>\n<td>Gelbe Karten:<\/td>\n<td>K\u00fchbauer (10.), Fuchs (31.); Leitgeb (34.), Ochs (52.), Pitak (57.), Alex (67.), Lokvenc (75.), Aufhauser (81.)\n<\/td>\n<\/tr>\n<tr>\n<td>Gelb-rote Karten:<\/td>\n<td>K\u00fchbauer (66.), Leitgeb (35.)\n<\/td>\n<\/tr>\n<tr>\n<td>Rote Karten:<\/td>\n<td>\n<\/td>\n<\/tr>\n<tr>\n<td>Schiedsrichter:<\/td>\n<td>Stefan Me\u00dfner\n<\/td>\n<\/tr>\n<tr>\n<td>Stadion:<\/td>\n<td>Pappel-Stadion, Mattersburg\n<\/td>\n<\/tr>\n<tr>\n<td>Zuschauer:<\/td>\n<td>9 388\n<\/td>\n<\/tr>\n<\/tbody>\n<\/table>\n<\/div>\n","protected":false},"excerpt":{"rendered":"<p>FaktenBearbeiten] Bundesliga &#8211; 9. Spieltag: 2 September 2007, 15.30 Uhr SV Mattersburg gegen FC Red Bull Salzburg, 1:1 Aufstellung: Timo Ochs Remo Meyer Ibrahim Sekagya Alex Markus Steinh\u00f6fer Karel Pitak Rene Aufhauser Christoph Leitgeb Ezequiel Carboni Sasa Ilic Alexander Zickler Wechsel: Tsuneyasu Miyamoto f\u00fcr Ilic (42.), Vratislav Lokvenc f\u00fcr Zickler (49.), Johan Vonlanthen f\u00fcr Steinh\u00f6fer [&hellip;]<\/p>\n","protected":false},"author":1,"featured_media":0,"comment_status":"open","ping_status":"open","sticky":false,"template":"","format":"standard","meta":{"footnotes":""},"categories":[2158],"tags":[],"class_list":["post-2728","post","type-post","status-publish","format-standard","hentry","category-9-runde-saison-2007"],"_links":{"self":[{"href":"https:\/\/wiki.s12.at\/index.php\/wp-json\/wp\/v2\/posts\/2728","targetHints":{"allow":["GET"]}}],"collection":[{"href":"https:\/\/wiki.s12.at\/index.php\/wp-json\/wp\/v2\/posts"}],"about":[{"href":"https:\/\/wiki.s12.at\/index.php\/wp-json\/wp\/v2\/types\/post"}],"author":[{"embeddable":true,"href":"https:\/\/wiki.s12.at\/index.php\/wp-json\/wp\/v2\/users\/1"}],"replies":[{"embeddable":true,"href":"https:\/\/wiki.s12.at\/index.php\/wp-json\/wp\/v2\/comments?post=2728"}],"version-history":[{"count":0,"href":"https:\/\/wiki.s12.at\/index.php\/wp-json\/wp\/v2\/posts\/2728\/revisions"}],"wp:attachment":[{"href":"https:\/\/wiki.s12.at\/index.php\/wp-json\/wp\/v2\/media?parent=2728"}],"wp:term":[{"taxonomy":"category","embeddable":true,"href":"https:\/\/wiki.s12.at\/index.php\/wp-json\/wp\/v2\/categories?post=2728"},{"taxonomy":"post_tag","embeddable":true,"href":"https:\/\/wiki.s12.at\/index.php\/wp-json\/wp\/v2\/tags?post=2728"}],"curies":[{"name":"wp","href":"https:\/\/api.w.org\/{rel}","templated":true}]}}