{"id":2727,"date":"2026-05-06T14:43:42","date_gmt":"2026-05-06T12:43:42","guid":{"rendered":"https:\/\/wiki.s12.at\/index.php\/2026\/05\/06\/9-runde-saison-2006-07-rbs-vs-stu\/"},"modified":"2026-05-06T14:43:42","modified_gmt":"2026-05-06T12:43:42","slug":"9-runde-saison-2006-07-rbs-vs-stu","status":"publish","type":"post","link":"https:\/\/wiki.s12.at\/index.php\/2026\/05\/06\/9-runde-saison-2006-07-rbs-vs-stu\/","title":{"rendered":"07, RBS vs. STU"},"content":{"rendered":"<div class=\"mw-parser-output\">\n<h3><span class=\"mw-headline\" id=\"Fakten\">Fakten<\/span><a href=\"\/index.php?title=9._Runde,_Saison_2006\/07,_RBS_vs._STU&amp;action=edit&amp;section=1\" title=\"Abschnitt bearbeiten: Fakten\">Bearbeiten<\/a><span class=\"mw-editsection-bracket\">]<\/span><\/span><\/h3>\n<p><b>Bundesliga &#8211; 9. Spieltag: 17. September 2006, 15.30 Uhr<\/b><br \/>\n\n<\/p>\n<table class=\"wikitable\">\n<caption><big> FC Red Bull Salzburg gegen SK Sturm Graz, 2:0<\/big><br \/>\n<\/caption>\n<tbody>\n<tr>\n<td>Aufstellung:<\/td>\n<td><a href=\"\/Timo_Ochs\" title=\"Timo Ochs\">Timo Ochs<\/a>, <a href=\"\/Laszlo_Bodnar\" title=\"Laszlo Bodnar\">Laszlo Bodnar<\/a>, <a href=\"\/Jorge_Vargas\" title=\"Jorge Vargas\">Jorge Vargas<\/a>, <a href=\"\/Thomas_Linke\" title=\"Thomas Linke\">Thomas Linke<\/a>, <a href=\"\/Milan_Dudi%C4%87\" title=\"Milan Dudi\u0107\">Milan Dudi\u0107<\/a>, <a href=\"\/Christian_Tiffert\" title=\"Christian Tiffert\">Christian Tiffert<\/a> <a href=\"\/Ezequiel_Carboni\" class=\"mw-redirect\" title=\"Ezequiel Carboni\">Ezequiel Carboni<\/a>, <a href=\"\/Niko_Kova%C4%8D\" title=\"Niko Kova\u010d\">Niko Kova\u010d<\/a>, <a href=\"\/Patrik_Je%C5%BEek\" title=\"Patrik Je\u017eek\">Patrik Je\u017eek<\/a>, <a href=\"\/Marc_Janko\" title=\"Marc Janko\">Marc Janko<\/a>, <a href=\"\/Alexander_Zickler\" title=\"Alexander Zickler\">Alexander Zickler<\/a>\n<\/td>\n<\/tr>\n<tr>\n<td>Wechsel:<\/td>\n<td><a href=\"\/Karel_Pitak\" class=\"mw-redirect\" title=\"Karel Pitak\">Karel Pitak<\/a> f\u00fcr Tiffert (54.), <a href=\"\/Johan_Vonlanthen\" title=\"Johan Vonlanthen\">Johan Vonlanthen<\/a> f\u00fcr Jezek (54.), <a href=\"\/Rene_Aufhauser\" class=\"mw-redirect\" title=\"Rene Aufhauser\">Rene Aufhauser<\/a> f\u00fcr Jezek (67.)\n<\/td>\n<\/tr>\n<tr>\n<td>Endstand:<\/td>\n<td>2:0 (0:0)\n<\/td>\n<\/tr>\n<tr>\n<td>Torsch\u00fctzen:<\/td>\n<td>Janko (61.), Zickler (84.)\n<\/td>\n<\/tr>\n<tr>\n<td>Gelbe Karten:<\/td>\n<td>Rauter (35.), Gercaliu (37.), Prettenthaler (70.)\n<\/td>\n<\/tr>\n<tr>\n<td>Gelb-rote Karten:<\/td>\n<td>Gercaliu (54.)\n<\/td>\n<\/tr>\n<tr>\n<td>Rote Karten:<\/td>\n<td>\n<\/td>\n<\/tr>\n<tr>\n<td>Schiedsrichter:<\/td>\n<td>Dietmar Drabek\n<\/td>\n<\/tr>\n<tr>\n<td>Stadion:<\/td>\n<td>Red Bull Arena, Salzburg\n<\/td>\n<\/tr>\n<tr>\n<td>Zuschauer:<\/td>\n<td>14 723\n<\/td>\n<\/tr>\n<\/tbody>\n<\/table>\n<\/div>\n","protected":false},"excerpt":{"rendered":"<p>FaktenBearbeiten] Bundesliga &#8211; 9. Spieltag: 17. September 2006, 15.30 Uhr FC Red Bull Salzburg gegen SK Sturm Graz, 2:0 Aufstellung: Timo Ochs, Laszlo Bodnar, Jorge Vargas, Thomas Linke, Milan Dudi\u0107, Christian Tiffert Ezequiel Carboni, Niko Kova\u010d, Patrik Je\u017eek, Marc Janko, Alexander Zickler Wechsel: Karel Pitak f\u00fcr Tiffert (54.), Johan Vonlanthen f\u00fcr Jezek (54.), Rene Aufhauser [&hellip;]<\/p>\n","protected":false},"author":1,"featured_media":0,"comment_status":"open","ping_status":"open","sticky":false,"template":"","format":"standard","meta":{"footnotes":""},"categories":[2157],"tags":[],"class_list":["post-2727","post","type-post","status-publish","format-standard","hentry","category-9-runde-saison-2006"],"_links":{"self":[{"href":"https:\/\/wiki.s12.at\/index.php\/wp-json\/wp\/v2\/posts\/2727","targetHints":{"allow":["GET"]}}],"collection":[{"href":"https:\/\/wiki.s12.at\/index.php\/wp-json\/wp\/v2\/posts"}],"about":[{"href":"https:\/\/wiki.s12.at\/index.php\/wp-json\/wp\/v2\/types\/post"}],"author":[{"embeddable":true,"href":"https:\/\/wiki.s12.at\/index.php\/wp-json\/wp\/v2\/users\/1"}],"replies":[{"embeddable":true,"href":"https:\/\/wiki.s12.at\/index.php\/wp-json\/wp\/v2\/comments?post=2727"}],"version-history":[{"count":0,"href":"https:\/\/wiki.s12.at\/index.php\/wp-json\/wp\/v2\/posts\/2727\/revisions"}],"wp:attachment":[{"href":"https:\/\/wiki.s12.at\/index.php\/wp-json\/wp\/v2\/media?parent=2727"}],"wp:term":[{"taxonomy":"category","embeddable":true,"href":"https:\/\/wiki.s12.at\/index.php\/wp-json\/wp\/v2\/categories?post=2727"},{"taxonomy":"post_tag","embeddable":true,"href":"https:\/\/wiki.s12.at\/index.php\/wp-json\/wp\/v2\/tags?post=2727"}],"curies":[{"name":"wp","href":"https:\/\/api.w.org\/{rel}","templated":true}]}}