{"id":2717,"date":"2026-05-06T14:43:32","date_gmt":"2026-05-06T12:43:32","guid":{"rendered":"https:\/\/wiki.s12.at\/index.php\/2026\/05\/06\/9-runde-saison-1960-61-vienna-austria-salzburg\/"},"modified":"2026-05-06T14:43:32","modified_gmt":"2026-05-06T12:43:32","slug":"9-runde-saison-1960-61-vienna-austria-salzburg","status":"publish","type":"post","link":"https:\/\/wiki.s12.at\/index.php\/2026\/05\/06\/9-runde-saison-1960-61-vienna-austria-salzburg\/","title":{"rendered":"61 Vienna &#8211; Austria Salzburg"},"content":{"rendered":"<div class=\"mw-parser-output\">\n<h3><span class=\"mw-headline\" id=\"Fakten\">Fakten<\/span><a href=\"\/index.php?title=9._Runde,_Saison_1960\/61_Vienna_-_Austria_Salzburg&amp;action=edit&amp;section=1\" title=\"Abschnitt bearbeiten: Fakten\">Bearbeiten<\/a><span class=\"mw-editsection-bracket\">]<\/span><\/span><\/h3>\n<p><b>Staatsliga A- 9. Spieltag: 23. Oktober 1960, 15 Uhr<\/b><br \/>\n\n<\/p>\n<table class=\"wikitable\">\n<caption><b><big>Vienna gegen SV Austria Salzburg, 6:1<\/big><\/b><br \/>\n<\/caption>\n<tbody>\n<tr>\n<td>Aufstellung:<\/td>\n<td><a href=\"\/Julius_Ondreiska\" title=\"Julius Ondreiska\">Julius Ondreiska<\/a> <a href=\"\/Johann_Gegenhuber\" title=\"Johann Gegenhuber\">Johann Gegenhuber<\/a> <a href=\"\/Helmut_Linossi\" title=\"Helmut Linossi\">Helmut Linossi<\/a> <a href=\"\/Paul_Baumgartner\" title=\"Paul Baumgartner\">Paul Baumgartner<\/a> <a href=\"\/Karl_Karel\" title=\"Karl Karel\">Karl Karel<\/a> <a href=\"\/Franz_Feldinger\" title=\"Franz Feldinger\">Franz Feldinger<\/a> <br \/><a href=\"\/Alfred_Kainberger\" title=\"Alfred Kainberger\">Alfred Kainberger<\/a> <a href=\"\/Josef_H%C3%B6ckner\" title=\"Josef H\u00f6ckner\">Josef H\u00f6ckner<\/a> <a href=\"\/G%C3%BCnter_Praschak\" title=\"G\u00fcnter Praschak\">G\u00fcnter Praschak<\/a> <a href=\"\/Herbert_Seemann\" title=\"Herbert Seemann\">Herbert Seemann<\/a> <a href=\"\/Adolf_Macek\" title=\"Adolf Macek\">Adolf Macek<\/a>\n<\/td>\n<\/tr>\n<tr>\n<td>Wechsel:<\/td>\n<td>\n<\/td>\n<\/tr>\n<tr>\n<td>Endstand:<\/td>\n<td>6:1 (5:1)\n<\/td>\n<\/tr>\n<tr>\n<td>Torsch\u00fctzen:<\/td>\n<td>Buzek (8.,15., 18.), Senekowitsch (24., 44.), Grassbauer (65.); Seemann (26.)\n<\/td>\n<\/tr>\n<tr>\n<td>Gelbe Karten:<\/td>\n<td>\n<\/td>\n<\/tr>\n<tr>\n<td>Gelb-rote Karten:<\/td>\n<td>\n<\/td>\n<\/tr>\n<tr>\n<td>Rote Karten:<\/td>\n<td>\n<\/td>\n<\/tr>\n<tr>\n<td>Schiedsrichter:<\/td>\n<td>Herbert Kokolj\n<\/td>\n<\/tr>\n<tr>\n<td>Stadion:<\/td>\n<td>Hohe Warte, Wien\n<\/td>\n<\/tr>\n<tr>\n<td>Zuschauer:<\/td>\n<td>6 500 (Doppelveranstaltung mit WAC gegen FC Dornbirn)\n<\/td>\n<\/tr>\n<\/tbody>\n<\/table>\n<\/div>\n","protected":false},"excerpt":{"rendered":"<p>FaktenBearbeiten] Staatsliga A- 9. Spieltag: 23. Oktober 1960, 15 Uhr Vienna gegen SV Austria Salzburg, 6:1 Aufstellung: Julius Ondreiska Johann Gegenhuber Helmut Linossi Paul Baumgartner Karl Karel Franz Feldinger Alfred Kainberger Josef H\u00f6ckner G\u00fcnter Praschak Herbert Seemann Adolf Macek Wechsel: Endstand: 6:1 (5:1) Torsch\u00fctzen: Buzek (8.,15., 18.), Senekowitsch (24., 44.), Grassbauer (65.); Seemann (26.) Gelbe [&hellip;]<\/p>\n","protected":false},"author":1,"featured_media":0,"comment_status":"open","ping_status":"open","sticky":false,"template":"","format":"standard","meta":{"footnotes":""},"categories":[2147],"tags":[],"class_list":["post-2717","post","type-post","status-publish","format-standard","hentry","category-9-runde-saison-1960"],"_links":{"self":[{"href":"https:\/\/wiki.s12.at\/index.php\/wp-json\/wp\/v2\/posts\/2717","targetHints":{"allow":["GET"]}}],"collection":[{"href":"https:\/\/wiki.s12.at\/index.php\/wp-json\/wp\/v2\/posts"}],"about":[{"href":"https:\/\/wiki.s12.at\/index.php\/wp-json\/wp\/v2\/types\/post"}],"author":[{"embeddable":true,"href":"https:\/\/wiki.s12.at\/index.php\/wp-json\/wp\/v2\/users\/1"}],"replies":[{"embeddable":true,"href":"https:\/\/wiki.s12.at\/index.php\/wp-json\/wp\/v2\/comments?post=2717"}],"version-history":[{"count":0,"href":"https:\/\/wiki.s12.at\/index.php\/wp-json\/wp\/v2\/posts\/2717\/revisions"}],"wp:attachment":[{"href":"https:\/\/wiki.s12.at\/index.php\/wp-json\/wp\/v2\/media?parent=2717"}],"wp:term":[{"taxonomy":"category","embeddable":true,"href":"https:\/\/wiki.s12.at\/index.php\/wp-json\/wp\/v2\/categories?post=2717"},{"taxonomy":"post_tag","embeddable":true,"href":"https:\/\/wiki.s12.at\/index.php\/wp-json\/wp\/v2\/tags?post=2717"}],"curies":[{"name":"wp","href":"https:\/\/api.w.org\/{rel}","templated":true}]}}