{"id":2703,"date":"2026-05-06T14:43:25","date_gmt":"2026-05-06T12:43:25","guid":{"rendered":"https:\/\/wiki.s12.at\/index.php\/2026\/05\/06\/9-runde-bundesliga-saison-2002-03-austria-salzburg-sw-bregenz\/"},"modified":"2026-05-06T14:43:25","modified_gmt":"2026-05-06T12:43:25","slug":"9-runde-bundesliga-saison-2002-03-austria-salzburg-sw-bregenz","status":"publish","type":"post","link":"https:\/\/wiki.s12.at\/index.php\/2026\/05\/06\/9-runde-bundesliga-saison-2002-03-austria-salzburg-sw-bregenz\/","title":{"rendered":"03, Austria Salzburg &#8211; SW Bregenz"},"content":{"rendered":"<div class=\"mw-parser-output\">\n<h3><span class=\"mw-headline\" id=\"Fakten\">Fakten<\/span><a href=\"\/index.php?title=9._Runde,_Bundesliga,_Saison_2002\/03,_Austria_Salzburg_-_SW_Bregenz&amp;action=edit&amp;section=1\" title=\"Abschnitt bearbeiten: Fakten\">Bearbeiten<\/a><span class=\"mw-editsection-bracket\">]<\/span><\/span><\/h3>\n<p><b>Bundesliga &#8211; 9. Spieltag: 11. September 2002, 19 Uhr<\/b>\n<\/p>\n<table class=\"wikitable\">\n<caption><b> <big>SV Austria Salzburg gegen SW Bregenz, 1:3<\/big><\/b><br \/>\n<\/caption>\n<tbody>\n<tr>\n<td>Aufstellung:<\/td>\n<td><a href=\"\/Szabolcs_Safar\" class=\"mw-redirect\" title=\"Szabolcs Safar\">Szabolcs Safar<\/a> <a href=\"\/Christoph_Jank\" title=\"Christoph Jank\">Christoph Jank<\/a> <a href=\"\/Roman_Szewczyk\" title=\"Roman Szewczyk\">Roman Szewczyk<\/a> (38. <a href=\"\/Stefan_Partinger\" title=\"Stefan Partinger\">Stefan Partinger<\/a>) <a href=\"\/Thomas_Winklhofer\" title=\"Thomas Winklhofer\">Thomas Winklhofer<\/a> <a href=\"\/J%C3%BCrgen_Friedl\" title=\"J\u00fcrgen Friedl\">J\u00fcrgen Friedl<\/a> <a href=\"\/Gabor_Bukran\" title=\"Gabor Bukran\">Gabor Bukran<\/a> (57. <a href=\"\/Zoran_Pavlovic\" title=\"Zoran Pavlovic\">Zoran Pavlovic<\/a>) <a href=\"\/Stefan_Marasek\" title=\"Stefan Marasek\">Stefan Marasek<\/a> <a href=\"\/Ewald_Brenner\" title=\"Ewald Brenner\">Ewald Brenner<\/a> <a href=\"\/J%C3%BCrgen_Pichorner\" title=\"J\u00fcrgen Pichorner\">J\u00fcrgen Pichorner<\/a> <a href=\"\/Heiko_Laessig\" title=\"Heiko Laessig\">Heiko Laessig<\/a> <a href=\"\/Goran_Tomic\" title=\"Goran Tomic\">Goran Tomic<\/a> (62. <a href=\"\/Alexander_Schriebl\" title=\"Alexander Schriebl\">Alexander Schriebl<\/a>)\n<\/td>\n<\/tr>\n<tr>\n<td>Endstand:<\/td>\n<td>1:3 (1:1)\n<\/td>\n<\/tr>\n<tr>\n<td>Torsch\u00fctzen:<\/td>\n<td>Laessig (11., E.); Lawaree (40., E.), Pircher (70.), Nzuzi (91.)\n<\/td>\n<\/tr>\n<tr>\n<td>Gelbe Karten:<\/td>\n<td>Tomic (30.), Winklhofer (39.), Pavlovic (84.), Partinger (87.); Eller (10.), Rosicky (23.), Mattle (57.)\n<\/td>\n<\/tr>\n<tr>\n<td>Gelb-rote Karten:<\/td>\n<td>Winklhofer (57.)\n<\/td>\n<\/tr>\n<tr>\n<td>Rote Karten:<\/td>\n<td>\n<\/td>\n<\/tr>\n<tr>\n<td>Schiedsrichter:<\/td>\n<td>Richard Kern\n<\/td>\n<\/tr>\n<tr>\n<td>Stadion:<\/td>\n<td>Lehener Stadion, Salzburg\n<\/td>\n<\/tr>\n<tr>\n<td>Zuschauer:<\/td>\n<td>4 000\n<\/td>\n<\/tr>\n<\/tbody>\n<\/table>\n<\/div>\n","protected":false},"excerpt":{"rendered":"<p>FaktenBearbeiten] Bundesliga &#8211; 9. Spieltag: 11. September 2002, 19 Uhr SV Austria Salzburg gegen SW Bregenz, 1:3 Aufstellung: Szabolcs Safar Christoph Jank Roman Szewczyk (38. Stefan Partinger) Thomas Winklhofer J\u00fcrgen Friedl Gabor Bukran (57. Zoran Pavlovic) Stefan Marasek Ewald Brenner J\u00fcrgen Pichorner Heiko Laessig Goran Tomic (62. Alexander Schriebl) Endstand: 1:3 (1:1) Torsch\u00fctzen: Laessig (11., [&hellip;]<\/p>\n","protected":false},"author":1,"featured_media":0,"comment_status":"open","ping_status":"open","sticky":false,"template":"","format":"standard","meta":{"footnotes":""},"categories":[2135],"tags":[],"class_list":["post-2703","post","type-post","status-publish","format-standard","hentry","category-9-runde-bundesliga-saison-2002"],"_links":{"self":[{"href":"https:\/\/wiki.s12.at\/index.php\/wp-json\/wp\/v2\/posts\/2703","targetHints":{"allow":["GET"]}}],"collection":[{"href":"https:\/\/wiki.s12.at\/index.php\/wp-json\/wp\/v2\/posts"}],"about":[{"href":"https:\/\/wiki.s12.at\/index.php\/wp-json\/wp\/v2\/types\/post"}],"author":[{"embeddable":true,"href":"https:\/\/wiki.s12.at\/index.php\/wp-json\/wp\/v2\/users\/1"}],"replies":[{"embeddable":true,"href":"https:\/\/wiki.s12.at\/index.php\/wp-json\/wp\/v2\/comments?post=2703"}],"version-history":[{"count":0,"href":"https:\/\/wiki.s12.at\/index.php\/wp-json\/wp\/v2\/posts\/2703\/revisions"}],"wp:attachment":[{"href":"https:\/\/wiki.s12.at\/index.php\/wp-json\/wp\/v2\/media?parent=2703"}],"wp:term":[{"taxonomy":"category","embeddable":true,"href":"https:\/\/wiki.s12.at\/index.php\/wp-json\/wp\/v2\/categories?post=2703"},{"taxonomy":"post_tag","embeddable":true,"href":"https:\/\/wiki.s12.at\/index.php\/wp-json\/wp\/v2\/tags?post=2703"}],"curies":[{"name":"wp","href":"https:\/\/api.w.org\/{rel}","templated":true}]}}