{"id":2686,"date":"2026-05-06T14:40:42","date_gmt":"2026-05-06T12:40:42","guid":{"rendered":"https:\/\/wiki.s12.at\/index.php\/2026\/05\/06\/9-runde-saison-2025-26-fc-red-bull-salzburg-gegen-sk-rapid-wien\/"},"modified":"2026-05-06T14:40:42","modified_gmt":"2026-05-06T12:40:42","slug":"9-runde-saison-2025-26-fc-red-bull-salzburg-gegen-sk-rapid-wien","status":"publish","type":"post","link":"https:\/\/wiki.s12.at\/index.php\/2026\/05\/06\/9-runde-saison-2025-26-fc-red-bull-salzburg-gegen-sk-rapid-wien\/","title":{"rendered":"26, FC Red Bull Salzburg gegen SK Rapid Wien"},"content":{"rendered":"<div class=\"mw-parser-output\">\n<table class=\"toptextcells toccolours\">\n<tbody>\n<tr>\n<th colspan=\"2\" style=\"text-align: center; vertical-align: top; padding: 0.3em 0.8em; font-size: 125%; background-color: lightsteelblue;\">FC Red Bull Salzburg gegen  SK Rapid Wien, 2:1\n<\/th>\n<\/tr>\n<tr>\n<th style=\"text-align:left;\"><b>Spieltag<\/b>\n<\/th>\n<th style=\"text-align:left;\">Bundesliga &#8211; 9. Runde\n<\/th>\n<\/tr>\n<tr>\n<th style=\"text-align:left;\"><b>Datum<\/b>\n<\/th>\n<th style=\"text-align:left;\">5. Oktober 2025\n<\/th>\n<\/tr>\n<tr>\n<th style=\"text-align:left;\"><b>Anpfiff<\/b>\n<\/th>\n<th style=\"text-align:left;\">17 Uhr\n<\/th>\n<\/tr>\n<tr>\n<td colspan=\"2\" style=\"text-align:center;\" bgcolor=\"lightgray\"><b>Aufstellung<\/b>\n<\/td>\n<\/tr>\n<tr>\n<th style=\"text-align:left;\"><b>Tor<\/b>\n<\/th>\n<th><a href=\"\/Alexander_Schlager\" title=\"Alexander Schlager\">Alexander Schlager<\/a>\n<\/th>\n<\/tr>\n<tr>\n<th style=\"text-align:left;\"><b>Verteidigung<\/b>\n<\/th>\n<th><a href=\"\/Stefan_Lainer\" title=\"Stefan Lainer\">Stefan Lainer<\/a> &#8211;  <a href=\"\/Joane_Gadou\" title=\"Joane Gadou\">Joane Gadou<\/a> &#8211;  <a href=\"\/Jacob_Rasmussen\" title=\"Jacob Rasmussen\">Jacob Rasmussen<\/a>&#8211; <a href=\"\/Frans_Kr%C3%A4tzig\" title=\"Frans Kr\u00e4tzig\">Frans Kr\u00e4tzig<\/a>\n<\/th>\n<\/tr>\n<tr>\n<th style=\"text-align:left;\"><b>Mittelfeld<\/b>\n<\/th>\n<th><a href=\"\/Soumaila_Diabate\" title=\"Soumaila Diabate\">Soumaila Diabate<\/a> &#8211;  <a href=\"\/Lucas_Gourna-Douath\" title=\"Lucas Gourna-Douath\">Lucas Gourna-Douath<\/a> &#8211; <a href=\"\/Kerim_Alajbegovic\" title=\"Kerim Alajbegovic\">Kerim Alajbegovic<\/a> &#8211;  <a href=\"\/Clement_Bischoff\" title=\"Clement Bischoff\">Clement Bischoff<\/a>\n<\/th>\n<\/tr>\n<tr>\n<th style=\"text-align:left;\"><b>Sturm<\/b>\n<\/th>\n<th><a href=\"\/Edmund_Baidoo\" title=\"Edmund Baidoo\">Edmund Baidoo<\/a> &#8211; <a href=\"\/Petar_Ratkov\" title=\"Petar Ratkov\">Petar Ratkov<\/a>\n<\/th>\n<\/tr>\n<tr>\n<td colspan=\"2\" style=\"text-align:center;\" bgcolor=\"lightgray\"><b>Wechsel<\/b>\n<\/td>\n<\/tr>\n<tr>\n<th style=\"text-align:left;\"><b>Wechsel<\/b>\n<\/th>\n<th style=\"text-align:left;\"><a href=\"\/Sota_Kitano\" title=\"Sota Kitano\">Sota Kitano<\/a> f\u00fcr Bischoff (53.), <a href=\"\/Karim_Onisiwo\" title=\"Karim Onisiwo\">Karim Onisiwo<\/a> f\u00fcr Baidoo (66.), <a href=\"\/Moussa_Yeo\" class=\"mw-redirect\" title=\"Moussa Yeo\">Moussa Yeo<\/a> f\u00fcr Ratkov (66.), <br \/><a href=\"\/Mamady_Diambou\" title=\"Mamady Diambou\">Mamady Diambou<\/a> f\u00fcr Alajbegovic (88.)\n<\/th>\n<\/tr>\n<tr>\n<td colspan=\"2\" style=\"text-align:center;\" bgcolor=\"lightgray\"><b>Statistik<\/b>\n<\/td>\n<\/tr>\n<tr>\n<th style=\"text-align:left;\"><b>Endstand<\/b>\n<\/th>\n<th style=\"text-align:left;\">2:1 (1:1)\n<\/th>\n<\/tr>\n<tr>\n<th style=\"text-align:left;\"><b>Torsch\u00fctzen<\/b>\n<\/th>\n<th style=\"text-align:left;\">Diabate (38.), Kitano (57.);  Radulovic (45.)\n<\/th>\n<\/tr>\n<tr>\n<th style=\"text-align:left;\"><b>Gelbe Karten<\/b>\n<\/th>\n<th style=\"text-align:left;\">Alajbegovic (20.), Co-Trainer Hesse (23.), Gourna-Douath (78.), Lainer (81.), Kr\u00e4tzig (81.), <br \/> Kitano (95.)&#160;; Seidl (65.), Gulliksen (66.), Raux-Yao (83.)\n<\/th>\n<\/tr>\n<tr>\n<th style=\"text-align:left;\"><b>Rote Karten<\/b>\n<\/th>\n<th style=\"text-align:left;\">\n<\/th>\n<\/tr>\n<tr>\n<th style=\"text-align:left;\"><b>Schiedsrichter<\/b>\n<\/th>\n<th style=\"text-align:left;\">Jakob Semler\n<\/th>\n<\/tr>\n<tr>\n<th style=\"text-align:left;\"><b>Stadion<\/b>\n<\/th>\n<th style=\"text-align:left;\">EM-Stadion Wals- Siezenheim, Salzburg\n<\/th>\n<\/tr>\n<tr>\n<th style=\"text-align:left;\"><b>Zuschauer<\/b>\n<\/th>\n<th style=\"text-align:left;\">12.793\n<\/th>\n<\/tr>\n<\/tbody>\n<\/table>\n<h2><span class=\"mw-headline\" id=\"Spielbericht\">Spielbericht<\/span><a href=\"\/index.php?title=9.Runde,_Saison_2025\/26,_FC_Red_Bull_Salzburg_gegen_SK_Rapid_Wien&amp;action=edit&amp;section=1\" title=\"Abschnitt bearbeiten: Spielbericht\">Bearbeiten<\/a><span class=\"mw-editsection-bracket\">]<\/span><\/span><\/h2>\n<p><a rel=\"nofollow\" class=\"external text\" href=\"https:\/\/www.redbullsalzburg.at\/de\/2025-2026\/spielplan\/bundesliga-runde-9-fc-red-bull-salzburg-vs-sk-rapid-wien#spielbericht\">Spielbericht Vereinshomepage<\/a>\n<\/p>\n<h2><span class=\"mw-headline\" id=\"Bilder\">Bilder<\/span><a href=\"\/index.php?title=9.Runde,_Saison_2025\/26,_FC_Red_Bull_Salzburg_gegen_SK_Rapid_Wien&amp;action=edit&amp;section=2\" title=\"Abschnitt bearbeiten: Bilder\">Bearbeiten<\/a><span class=\"mw-editsection-bracket\">]<\/span><\/span><\/h2>\n<p><img alt=\"\" src=\"\/images\/thumb\/4\/4a\/Commons-logo.svg\/langde-20px-Commons-logo.svg.png%3Futm_source%3Dcommons.wikimedia.org%26utm_campaign%3Dimageinfo%26utm_content%3Dthumbnail\" decoding=\"async\" title=\"Commons\" width=\"12\" height=\"16\" srcset=\"\/images\/thumb\/4\/4a\/Commons-logo.svg\/langde-40px-Commons-logo.svg.png%3Futm_source%3Dcommons.wikimedia.org%26utm_campaign%3Dimageinfo%26utm_content%3Dthumbnail 2x\" \/>&#160;<b><a href=\"http:\/\/commons.wikimedia.org\/wiki\/Category:FC_RB_Salzburg_gegen_SK_Rapid_Wien_(2025-10-05)\" class=\"extiw\" title=\"commons:Category:FC RB Salzburg gegen SK Rapid Wien (2025-10-05)\">9.Runde, Saison 2025\/26, FC Red Bull Salzburg gegen SK Rapid Wien<\/a><\/b>&#160;\u2013 Sammlung von Bildern, Videos und Audiodateien auf <a href=\"\/Wikimedia_Commons\" title=\"Wikimedia Commons\">Wikimedia Commons<\/a>\n<\/p>\n<h2><span class=\"mw-headline\" id=\"Stimmen_zum_Spiel\">Stimmen zum Spiel<\/span><a href=\"\/index.php?title=9.Runde,_Saison_2025\/26,_FC_Red_Bull_Salzburg_gegen_SK_Rapid_Wien&amp;action=edit&amp;section=3\" title=\"Abschnitt bearbeiten: Stimmen zum Spiel\">Bearbeiten<\/a><span class=\"mw-editsection-bracket\">]<\/span><\/span><\/h2>\n<p><b>Thomas Letsch:<\/b> Was man mitnimmt, ist eine Kabine, in der die Jungs lachen und in der man sieht, dass Steine vom Herzen gefallen sind. Es mag kein souver\u00e4ner, wundersch\u00f6ner Sieg gewesen sein, aber das ist gerade zweitrangig. Das tat allen Beteiligten gut, gegen ein starkes Rapid gewonnen zu haben. Wir alle sind auch nur Menschen, und nat\u00fcrlich ist schon bei allen ein gewisser Druck auf dem Kessel, dementsprechend gro\u00df ist die Erleichterung \u00fcber die drei Punkte im Hinblick auf die Tabelle.\n<\/p>\n<p><b>Alexander Schlager:<\/b> Jeder in unserer Mannschaft wei\u00df, dass Rapid heute zu viele Torchancen hatte, man darf aber auch nicht vergessen, aus welcher Phase wir kommen. Dass wir gewonnen haben, ist am Ende des Tages das Wichtigste f\u00fcr uns. Wir haben letzte Woche gegen die WSG den ersten Schritt gemacht und gewusst, dass die heutige Partie f\u00fcr die Stimmung in den n\u00e4chsten zwei Wochen entscheidend ist. Deshalb k\u00f6nnen wir sehr stolz darauf sein, inklusive mir.\n<\/p>\n<\/div>\n","protected":false},"excerpt":{"rendered":"<p>FC Red Bull Salzburg gegen SK Rapid Wien, 2:1 Spieltag Bundesliga &#8211; 9. Runde Datum 5. Oktober 2025 Anpfiff 17 Uhr Aufstellung Tor Alexander Schlager Verteidigung Stefan Lainer &#8211; Joane Gadou &#8211; Jacob Rasmussen&#8211; Frans Kr\u00e4tzig Mittelfeld Soumaila Diabate &#8211; Lucas Gourna-Douath &#8211; Kerim Alajbegovic &#8211; Clement Bischoff Sturm Edmund Baidoo &#8211; Petar Ratkov Wechsel [&hellip;]<\/p>\n","protected":false},"author":1,"featured_media":0,"comment_status":"open","ping_status":"open","sticky":false,"template":"","format":"standard","meta":{"footnotes":""},"categories":[2120],"tags":[],"class_list":["post-2686","post","type-post","status-publish","format-standard","hentry","category-9-runde-saison-2025"],"_links":{"self":[{"href":"https:\/\/wiki.s12.at\/index.php\/wp-json\/wp\/v2\/posts\/2686","targetHints":{"allow":["GET"]}}],"collection":[{"href":"https:\/\/wiki.s12.at\/index.php\/wp-json\/wp\/v2\/posts"}],"about":[{"href":"https:\/\/wiki.s12.at\/index.php\/wp-json\/wp\/v2\/types\/post"}],"author":[{"embeddable":true,"href":"https:\/\/wiki.s12.at\/index.php\/wp-json\/wp\/v2\/users\/1"}],"replies":[{"embeddable":true,"href":"https:\/\/wiki.s12.at\/index.php\/wp-json\/wp\/v2\/comments?post=2686"}],"version-history":[{"count":0,"href":"https:\/\/wiki.s12.at\/index.php\/wp-json\/wp\/v2\/posts\/2686\/revisions"}],"wp:attachment":[{"href":"https:\/\/wiki.s12.at\/index.php\/wp-json\/wp\/v2\/media?parent=2686"}],"wp:term":[{"taxonomy":"category","embeddable":true,"href":"https:\/\/wiki.s12.at\/index.php\/wp-json\/wp\/v2\/categories?post=2686"},{"taxonomy":"post_tag","embeddable":true,"href":"https:\/\/wiki.s12.at\/index.php\/wp-json\/wp\/v2\/tags?post=2686"}],"curies":[{"name":"wp","href":"https:\/\/api.w.org\/{rel}","templated":true}]}}