{"id":2685,"date":"2026-05-06T14:40:29","date_gmt":"2026-05-06T12:40:29","guid":{"rendered":"https:\/\/wiki.s12.at\/index.php\/2026\/05\/06\/9-runde-saison-2025-26-fc-red-bull-salzburg-frauen-gegen-usv-neulengbach\/"},"modified":"2026-05-06T14:40:29","modified_gmt":"2026-05-06T12:40:29","slug":"9-runde-saison-2025-26-fc-red-bull-salzburg-frauen-gegen-usv-neulengbach","status":"publish","type":"post","link":"https:\/\/wiki.s12.at\/index.php\/2026\/05\/06\/9-runde-saison-2025-26-fc-red-bull-salzburg-frauen-gegen-usv-neulengbach\/","title":{"rendered":"26, FC Red Bull Salzburg Frauen gegen USV Neulengbach"},"content":{"rendered":"<div class=\"mw-parser-output\">\n<table class=\"toptextcells toccolours\">\n<tbody>\n<tr>\n<th colspan=\"2\" style=\"text-align: center; vertical-align: top; padding: 0.3em 0.8em; font-size: 125%; background-color: lightsteelblue;\">FC Red Bull Salzburg Frauen gegen USV Neulengbach, 3:1\n<\/th>\n<\/tr>\n<tr>\n<th style=\"text-align:left;\"><b>Spieltag<\/b>\n<\/th>\n<th style=\"text-align:left;\">Frauen &#8211; Bundesliga, 9. Runde\n<\/th>\n<\/tr>\n<tr>\n<th style=\"text-align:left;\"><b>Datum<\/b>\n<\/th>\n<th style=\"text-align:left;\">11. Oktober 2025\n<\/th>\n<\/tr>\n<tr>\n<th style=\"text-align:left;\"><b>Anpfiff<\/b>\n<\/th>\n<th style=\"text-align:left;\">13 Uhr\n<\/th>\n<\/tr>\n<tr>\n<td colspan=\"2\" style=\"text-align:center;\" bgcolor=\"lightgray\"><b>Aufstellung<\/b>\n<\/td>\n<\/tr>\n<tr>\n<th style=\"text-align:left;\"><b>Tor<\/b>\n<\/th>\n<th><a href=\"\/Lara_Ritter\" title=\"Lara Ritter\">Lara Ritter<\/a>\n<\/th>\n<\/tr>\n<tr>\n<th style=\"text-align:left;\"><b>Verteidigung<\/b>\n<\/th>\n<th><a href=\"\/Valentina_Lutz\" title=\"Valentina Lutz\">Valentina Lutz<\/a> &#8211; <a href=\"\/Theresa_D%27Angelo\" title=\"Theresa D&#39;Angelo\">Theresa D&#8217;Angelo<\/a> &#8211;<a href=\"\/Vina_Crnoja\" title=\"Vina Crnoja\">Vina Crnoja<\/a> &#8211;<a href=\"\/Greta_Spinn\" title=\"Greta Spinn\">Greta Spinn<\/a>\n<\/th>\n<\/tr>\n<tr>\n<th style=\"text-align:left;\"><b>Mittelfeld<\/b>\n<\/th>\n<th><a href=\"\/Sara_Grabovac\" title=\"Sara Grabovac\">Sara Grabovac<\/a> &#8211; <a href=\"\/Valentina_Illinger\" title=\"Valentina Illinger\">Valentina Illinger<\/a> &#8211;   <a href=\"\/Lucia_Orkic\" title=\"Lucia Orkic\">Lucia Orkic<\/a>\n<\/th>\n<\/tr>\n<tr>\n<th style=\"text-align:left;\"><b>Sturm<\/b>\n<\/th>\n<th>&#8211; <a href=\"\/Emelie_Kobler\" title=\"Emelie Kobler\">Emelie Kobler<\/a> &#8211; <a href=\"\/Sophia_Schirmbrand\" title=\"Sophia Schirmbrand\">Sophia Schirmbrand<\/a> &#8211;  <a href=\"\/Aldina_Hamzic\" title=\"Aldina Hamzic\">Aldina Hamzic<\/a>\n<\/th>\n<\/tr>\n<tr>\n<td colspan=\"2\" style=\"text-align:center;\" bgcolor=\"lightgray\"><b>Wechsel<\/b>\n<\/td>\n<\/tr>\n<tr>\n<th style=\"text-align:left;\"><b>Wechsel<\/b>\n<\/th>\n<th style=\"text-align:left;\"><a href=\"\/Laura_Spinn\" title=\"Laura Spinn\">Laura Spinn<\/a>  f\u00fcr Illinger  (46.), <a href=\"\/Julia_Gr%C3%BCnwald\" title=\"Julia Gr\u00fcnwald\">Julia Gr\u00fcnwald<\/a> f\u00fcr D&#8217;Angelo (62.),  <a href=\"\/Emily_Schimm\" title=\"Emily Schimm\">Emily Schimm<\/a> f\u00fcr<br \/> Kobler (62.), <a href=\"\/Christina_Gierzinger\" title=\"Christina Gierzinger\">Christina Gierzinger<\/a> f\u00fcr Orkic (72.), <a href=\"\/Tina_Krassnig\" title=\"Tina Krassnig\">Tina Krassnig<\/a>  f\u00fcr G. Spinn (81.)\n<\/th>\n<\/tr>\n<tr>\n<td colspan=\"2\" style=\"text-align:center;\" bgcolor=\"lightgray\"><b>Statistik<\/b>\n<\/td>\n<\/tr>\n<tr>\n<th style=\"text-align:left;\"><b>Endstand<\/b>\n<\/th>\n<th style=\"text-align:left;\">3:1 (0:0)\n<\/th>\n<\/tr>\n<tr>\n<th style=\"text-align:left;\"><b>Torsch\u00fctzen<\/b>\n<\/th>\n<th style=\"text-align:left;\">Crnoja (59.), G.Spinn (70.), Krassnig (88.); Tuppinger(90.)\n<\/th>\n<\/tr>\n<tr>\n<th style=\"text-align:left;\"><b>Gelbe Karten<\/b>\n<\/th>\n<th style=\"text-align:left;\">Grabovac (14.), Schirmbrand (73.), Ritter (90.); Mayer (28.), Moser (53.)\n<\/th>\n<\/tr>\n<tr>\n<th style=\"text-align:left;\"><b>Rote Karten<\/b>\n<\/th>\n<th style=\"text-align:left;\">\n<\/th>\n<\/tr>\n<tr>\n<th style=\"text-align:left;\"><b>Schiedsrichter<\/b>\n<\/th>\n<th style=\"text-align:left;\">Lena Hirtl\n<\/th>\n<\/tr>\n<tr>\n<th style=\"text-align:left;\"><b>Stadion<\/b>\n<\/th>\n<th style=\"text-align:left;\">Akademie Liefering, Salzburg\n<\/th>\n<\/tr>\n<tr>\n<th style=\"text-align:left;\"><b>Zuschauer<\/b>\n<\/th>\n<th style=\"text-align:left;\">197\n<\/th>\n<\/tr>\n<\/tbody>\n<\/table>\n<h2><span class=\"mw-headline\" id=\"Spielbericht\">Spielbericht<\/span><a href=\"\/index.php?title=9.Runde,_Saison_2025\/26,_FC_Red_Bull_Salzburg_Frauen_gegen_USV_Neulengbach&amp;action=edit&amp;section=1\" title=\"Abschnitt bearbeiten: Spielbericht\">Bearbeiten<\/a><span class=\"mw-editsection-bracket\">]<\/span><\/span><\/h2>\n<p><a rel=\"nofollow\" class=\"external text\" href=\"https:\/\/www.redbullsalzburg.at\/de\/frauen\/2025-2026\/spielplan-frauen\/bundesliga-runde-9-fc-red-bull-salzburg-vs-usv-neulengbach#spielbericht\">Spielbericht Vereinshomepage<\/a>\n<\/p>\n<h2><span class=\"mw-headline\" id=\"Stimmen_zum_Spiel\">Stimmen zum Spiel<\/span><a href=\"\/index.php?title=9.Runde,_Saison_2025\/26,_FC_Red_Bull_Salzburg_Frauen_gegen_USV_Neulengbach&amp;action=edit&amp;section=2\" title=\"Abschnitt bearbeiten: Stimmen zum Spiel\">Bearbeiten<\/a><span class=\"mw-editsection-bracket\">]<\/span><\/span><\/h2>\n<p><b>Dusan Pavlovic: <\/b> Ein souver\u00e4ner Sieg, wir haben den Gegner dominiert! In der ersten Halbzeit hatten wir im letzten Drittel ein paar Themen, da hat etwas die Ruhe gefehlt \u2013 das ist im Laufe des Spiels aber immer besser geworden. Letztendlich konnten wir zahlreiche Chancen kreieren und drei Tore schie\u00dfen, es w\u00e4ren auch mehr m\u00f6glich gewesen. Ein wichtiger Erfolg, wir haben dort angekn\u00fcpft, wo wir letzte Woche aufgeh\u00f6rt haben. Auch die M\u00e4dels von der Bank haben sich wieder daran beteiligt. Ich bin sehr zufrieden!\n<\/p>\n<\/div>\n","protected":false},"excerpt":{"rendered":"<p>FC Red Bull Salzburg Frauen gegen USV Neulengbach, 3:1 Spieltag Frauen &#8211; Bundesliga, 9. Runde Datum 11. Oktober 2025 Anpfiff 13 Uhr Aufstellung Tor Lara Ritter Verteidigung Valentina Lutz &#8211; Theresa D&#8217;Angelo &#8211;Vina Crnoja &#8211;Greta Spinn Mittelfeld Sara Grabovac &#8211; Valentina Illinger &#8211; Lucia Orkic Sturm &#8211; Emelie Kobler &#8211; Sophia Schirmbrand &#8211; Aldina Hamzic [&hellip;]<\/p>\n","protected":false},"author":1,"featured_media":0,"comment_status":"open","ping_status":"open","sticky":false,"template":"","format":"standard","meta":{"footnotes":""},"categories":[2120],"tags":[],"class_list":["post-2685","post","type-post","status-publish","format-standard","hentry","category-9-runde-saison-2025"],"_links":{"self":[{"href":"https:\/\/wiki.s12.at\/index.php\/wp-json\/wp\/v2\/posts\/2685","targetHints":{"allow":["GET"]}}],"collection":[{"href":"https:\/\/wiki.s12.at\/index.php\/wp-json\/wp\/v2\/posts"}],"about":[{"href":"https:\/\/wiki.s12.at\/index.php\/wp-json\/wp\/v2\/types\/post"}],"author":[{"embeddable":true,"href":"https:\/\/wiki.s12.at\/index.php\/wp-json\/wp\/v2\/users\/1"}],"replies":[{"embeddable":true,"href":"https:\/\/wiki.s12.at\/index.php\/wp-json\/wp\/v2\/comments?post=2685"}],"version-history":[{"count":0,"href":"https:\/\/wiki.s12.at\/index.php\/wp-json\/wp\/v2\/posts\/2685\/revisions"}],"wp:attachment":[{"href":"https:\/\/wiki.s12.at\/index.php\/wp-json\/wp\/v2\/media?parent=2685"}],"wp:term":[{"taxonomy":"category","embeddable":true,"href":"https:\/\/wiki.s12.at\/index.php\/wp-json\/wp\/v2\/categories?post=2685"},{"taxonomy":"post_tag","embeddable":true,"href":"https:\/\/wiki.s12.at\/index.php\/wp-json\/wp\/v2\/tags?post=2685"}],"curies":[{"name":"wp","href":"https:\/\/api.w.org\/{rel}","templated":true}]}}