{"id":2668,"date":"2026-05-06T14:39:33","date_gmt":"2026-05-06T12:39:33","guid":{"rendered":"https:\/\/wiki.s12.at\/index.php\/2026\/05\/06\/8-runde-saison-2021-22-fc-red-bull-salzburg-gegen-sk-rapid-wien\/"},"modified":"2026-05-06T14:39:33","modified_gmt":"2026-05-06T12:39:33","slug":"8-runde-saison-2021-22-fc-red-bull-salzburg-gegen-sk-rapid-wien","status":"publish","type":"post","link":"https:\/\/wiki.s12.at\/index.php\/2026\/05\/06\/8-runde-saison-2021-22-fc-red-bull-salzburg-gegen-sk-rapid-wien\/","title":{"rendered":"22, FC Red Bull Salzburg gegen SK Rapid Wien"},"content":{"rendered":"<div class=\"mw-parser-output\">\n<table class=\"toptextcells toccolours\">\n<tbody>\n<tr>\n<th colspan=\"2\" style=\"text-align: center; vertical-align: top; padding: 0.3em 0.8em; font-size: 125%; background-color: lightsteelblue;\">FC Red Bull Salzburg gegen SK Rapid Wien, 2:0\n<\/th>\n<\/tr>\n<tr>\n<th style=\"text-align:left;\"><b>Spieltag<\/b>\n<\/th>\n<th style=\"text-align:left;\">Bundesliga 8. Runde\n<\/th>\n<\/tr>\n<tr>\n<th style=\"text-align:left;\"><b>Datum<\/b>\n<\/th>\n<th style=\"text-align:left;\">19. September 2021\n<\/th>\n<\/tr>\n<tr>\n<th style=\"text-align:left;\"><b>Anpfiff<\/b>\n<\/th>\n<th style=\"text-align:left;\">17  Uhr\n<\/th>\n<\/tr>\n<tr>\n<td colspan=\"2\" style=\"text-align:center;\" bgcolor=\"lightgray\"><b>Aufstellung<\/b>\n<\/td>\n<\/tr>\n<tr>\n<th style=\"text-align:left;\"><b>Tor<\/b>\n<\/th>\n<th><a href=\"\/Philipp_K%C3%B6hn\" title=\"Philipp K\u00f6hn\">Philipp K\u00f6hn <\/a>\n<\/th>\n<\/tr>\n<tr>\n<th style=\"text-align:left;\"><b>Verteidigung<\/b>\n<\/th>\n<th><a href=\"\/Andreas_Ulmer\" title=\"Andreas Ulmer\">Andreas Ulmer<\/a> &#8211; <a href=\"\/Oumar_Solet\" title=\"Oumar Solet\">Oumar Solet<\/a> &#8211; <a href=\"\/Kamil_Piatkowski\" title=\"Kamil Piatkowski\">Kamil Piatkowski<\/a> &#8211; <a href=\"\/Rasmus_Kristensen\" title=\"Rasmus Kristensen\">Rasmus Kristensen<\/a>\n<\/th>\n<\/tr>\n<tr>\n<th style=\"text-align:left;\"><b>Mittelfeld<\/b>\n<\/th>\n<th><a href=\"\/Mohamed_Camara\" title=\"Mohamed Camara\">Mohamed Camara<\/a> &#8211; <a href=\"\/Nicolas_Capaldo\" title=\"Nicolas Capaldo\">Nicolas Capaldo<\/a> &#8211; <a href=\"\/Luka_Sucic\" title=\"Luka Sucic\">Luka Sucic<\/a> &#8211; <a href=\"\/Brenden_Aaronson\" title=\"Brenden Aaronson\">Brenden Aaronson<\/a>\n<\/th>\n<\/tr>\n<tr>\n<th style=\"text-align:left;\"><b>Sturm<\/b>\n<\/th>\n<th><a href=\"\/Karim_Adeyemi\" title=\"Karim Adeyemi\">Karim Adeyemi<\/a> &#8211; <a href=\"\/Junior_Adamu\" class=\"mw-redirect\" title=\"Junior Adamu\">Junior Adamu<\/a>\n<\/th>\n<\/tr>\n<tr>\n<td colspan=\"2\" style=\"text-align:center;\" bgcolor=\"lightgray\"><b>Wechsel<\/b>\n<\/td>\n<\/tr>\n<tr>\n<th style=\"text-align:left;\"><b>Wechsel<\/b>\n<\/th>\n<th style=\"text-align:left;\"><a href=\"\/Jerome_Onguene\" title=\"Jerome Onguene\">Jerome Onguene<\/a> f\u00fcr Solet (21.), <a href=\"\/Nicolas_Seiwald\" title=\"Nicolas Seiwald\">Nicolas Seiwald<\/a> f\u00fcr Capaldo (64.), <br \/><a href=\"\/Benjamin_Sesko\" class=\"mw-redirect\" title=\"Benjamin Sesko\">Benjamin Sesko<\/a> f\u00fcr Adamu (64.), <a href=\"\/Noah_Okafor\" title=\"Noah Okafor\">Noah Okafor<\/a> f\u00fcr Adeyemi (90.)\n<\/th>\n<\/tr>\n<tr>\n<td colspan=\"2\" style=\"text-align:center;\" bgcolor=\"lightgray\"><b>Statistik<\/b>\n<\/td>\n<\/tr>\n<tr>\n<th style=\"text-align:left;\"><b>Endstand<\/b>\n<\/th>\n<th style=\"text-align:left;\">2:0 (0:0)\n<\/th>\n<\/tr>\n<tr>\n<th style=\"text-align:left;\"><b>Torsch\u00fctzen<\/b>\n<\/th>\n<th style=\"text-align:left;\">Adeyemi (79., E.), Aaronson (90.+4)\n<\/th>\n<\/tr>\n<tr>\n<th style=\"text-align:left;\"><b>Gelbe Karten<\/b>\n<\/th>\n<th style=\"text-align:left;\">Onguene (37.), Jaissle (90.+4); Kr\u00fcll (78.), Wimmer (78.), Aiwu (45. +2)\n<\/th>\n<\/tr>\n<tr>\n<th style=\"text-align:left;\"><b>Rote Karten<\/b>\n<\/th>\n<th style=\"text-align:left;\">\n<\/th>\n<\/tr>\n<tr>\n<th style=\"text-align:left;\"><b>Schiedsrichter<\/b>\n<\/th>\n<th style=\"text-align:left;\">Markus Hameter\n<\/th>\n<\/tr>\n<tr>\n<th style=\"text-align:left;\"><b>Stadion<\/b>\n<\/th>\n<th style=\"text-align:left;\">EM-Stadion, Wals-Siezenheim\n<\/th>\n<\/tr>\n<tr>\n<th style=\"text-align:left;\"><b>Zuschauer<\/b>\n<\/th>\n<th style=\"text-align:left;\">17 218\n<\/th>\n<\/tr>\n<\/tbody>\n<\/table>\n<h2><span class=\"mw-headline\" id=\"Spielbericht\">Spielbericht<\/span><a href=\"\/index.php?title=8._Runde,_Saison_2021\/22,_FC_Red_Bull_Salzburg_gegen_SK_Rapid_Wien&amp;action=edit&amp;section=1\" title=\"Abschnitt bearbeiten: Spielbericht\">Bearbeiten<\/a><span class=\"mw-editsection-bracket\">]<\/span><\/span><\/h2>\n<p><a rel=\"nofollow\" class=\"external text\" href=\"https:\/\/www.redbullsalzburg.at\/de\/fc-red-bull-salzburg\/news\/saison_2021_22\/spaeter-lohn-im-klassiker.html\">Spielbericht Vereinshomepage<\/a>\n<\/p>\n<h2><span class=\"mw-headline\" id=\"Bilder\">Bilder<\/span><a href=\"\/index.php?title=8._Runde,_Saison_2021\/22,_FC_Red_Bull_Salzburg_gegen_SK_Rapid_Wien&amp;action=edit&amp;section=2\" title=\"Abschnitt bearbeiten: Bilder\">Bearbeiten<\/a><span class=\"mw-editsection-bracket\">]<\/span><\/span><\/h2>\n<p><img alt=\"\" src=\"\/images\/thumb\/4\/4a\/Commons-logo.svg\/langde-20px-Commons-logo.svg.png%3Futm_source%3Dcommons.wikimedia.org%26utm_campaign%3Dimageinfo%26utm_content%3Dthumbnail\" decoding=\"async\" title=\"Commons\" width=\"12\" height=\"16\" srcset=\"\/images\/thumb\/4\/4a\/Commons-logo.svg\/langde-40px-Commons-logo.svg.png%3Futm_source%3Dcommons.wikimedia.org%26utm_campaign%3Dimageinfo%26utm_content%3Dthumbnail 2x\" \/>&#160;<b><a href=\"http:\/\/commons.wikimedia.org\/wiki\/Category:FC_Red_Bull_Salzburg_gegen_SK_Rapid_Wien_(19._September_2021)\" class=\"extiw\" title=\"commons:Category:FC Red Bull Salzburg gegen SK Rapid Wien (19. September 2021)\">8. Runde, Saison 2021\/22, FC Red Bull Salzburg gegen SK Rapid Wien<\/a><\/b>&#160;\u2013 Sammlung von Bildern, Videos und Audiodateien auf <a href=\"\/Wikimedia_Commons\" title=\"Wikimedia Commons\">Wikimedia Commons<\/a>\n<\/p>\n<h2><span class=\"mw-headline\" id=\"Video\">Video<\/span><a href=\"\/index.php?title=8._Runde,_Saison_2021\/22,_FC_Red_Bull_Salzburg_gegen_SK_Rapid_Wien&amp;action=edit&amp;section=3\" title=\"Abschnitt bearbeiten: Video\">Bearbeiten<\/a><span class=\"mw-editsection-bracket\">]<\/span><\/span><\/h2>\n<p>&lt;youtube&gt;L8L343-YlxE&lt;\/youtube&gt;\n<\/p>\n<h2><span class=\"mw-headline\" id=\"Stimmen_zum_Spiel\">Stimmen zum Spiel<\/span><a href=\"\/index.php?title=8._Runde,_Saison_2021\/22,_FC_Red_Bull_Salzburg_gegen_SK_Rapid_Wien&amp;action=edit&amp;section=4\" title=\"Abschnitt bearbeiten: Stimmen zum Spiel\">Bearbeiten<\/a><span class=\"mw-editsection-bracket\">]<\/span><\/span><\/h2>\n<p><b>Matthias Jaissle: <\/b> Es war von der Emotionalit\u00e4t und der Intensit\u00e4t her das erwartete Spiel. Nicht erwartet haben wir, dass sich Rapid so tief hinten reinstellt. Bei uns ging es darum, beharrlich an unseren Abl\u00e4ufen zu bleiben, um dann am Ende belohnt zu werden. Gegen einen tief stehenden Gegner geht\u2019s darum, dass man ein hohes Balltempo mitbringt und darum, diese Tiefe zu attackieren. Da geht\u2019s in den n\u00e4chsten Wochen darum, weiter daran anzusetzen.\n<\/p>\n<p><b>Karim Adeyemi: <\/b> Dass ich den Strafsto\u00df schie\u00dfe, war f\u00fcr mich klar! In der Champions League habe ich ihn nicht gut geschossen, heute etwas anders \u2013 er war drin, das ist das Wichtigste. Die Erleichterung war sehr gro\u00df! Der Kontakt in dieser Situation war absolut da, und f\u00fcr einen Elfer reicht das eben. Gegen Rapid ist es immer ein hei\u00dfes Spiel, sie standen heute sehr weit hinten, aber zum Schluss haben wir gewonnen. Wir haben alle Partien f\u00fcr uns entschieden, besser geht\u2019s nicht!\n<\/p>\n<\/div>\n","protected":false},"excerpt":{"rendered":"<p>FC Red Bull Salzburg gegen SK Rapid Wien, 2:0 Spieltag Bundesliga 8. Runde Datum 19. September 2021 Anpfiff 17 Uhr Aufstellung Tor Philipp K\u00f6hn Verteidigung Andreas Ulmer &#8211; Oumar Solet &#8211; Kamil Piatkowski &#8211; Rasmus Kristensen Mittelfeld Mohamed Camara &#8211; Nicolas Capaldo &#8211; Luka Sucic &#8211; Brenden Aaronson Sturm Karim Adeyemi &#8211; Junior Adamu Wechsel [&hellip;]<\/p>\n","protected":false},"author":1,"featured_media":0,"comment_status":"open","ping_status":"open","sticky":false,"template":"","format":"standard","meta":{"footnotes":""},"categories":[2109],"tags":[],"class_list":["post-2668","post","type-post","status-publish","format-standard","hentry","category-8-runde-saison-2021"],"_links":{"self":[{"href":"https:\/\/wiki.s12.at\/index.php\/wp-json\/wp\/v2\/posts\/2668","targetHints":{"allow":["GET"]}}],"collection":[{"href":"https:\/\/wiki.s12.at\/index.php\/wp-json\/wp\/v2\/posts"}],"about":[{"href":"https:\/\/wiki.s12.at\/index.php\/wp-json\/wp\/v2\/types\/post"}],"author":[{"embeddable":true,"href":"https:\/\/wiki.s12.at\/index.php\/wp-json\/wp\/v2\/users\/1"}],"replies":[{"embeddable":true,"href":"https:\/\/wiki.s12.at\/index.php\/wp-json\/wp\/v2\/comments?post=2668"}],"version-history":[{"count":0,"href":"https:\/\/wiki.s12.at\/index.php\/wp-json\/wp\/v2\/posts\/2668\/revisions"}],"wp:attachment":[{"href":"https:\/\/wiki.s12.at\/index.php\/wp-json\/wp\/v2\/media?parent=2668"}],"wp:term":[{"taxonomy":"category","embeddable":true,"href":"https:\/\/wiki.s12.at\/index.php\/wp-json\/wp\/v2\/categories?post=2668"},{"taxonomy":"post_tag","embeddable":true,"href":"https:\/\/wiki.s12.at\/index.php\/wp-json\/wp\/v2\/tags?post=2668"}],"curies":[{"name":"wp","href":"https:\/\/api.w.org\/{rel}","templated":true}]}}