{"id":2664,"date":"2026-05-06T14:39:30","date_gmt":"2026-05-06T12:39:30","guid":{"rendered":"https:\/\/wiki.s12.at\/index.php\/2026\/05\/06\/8-runde-saison-2019-20-fc-liefering-gegen-fc-wacker-innsbruck\/"},"modified":"2026-05-06T14:39:30","modified_gmt":"2026-05-06T12:39:30","slug":"8-runde-saison-2019-20-fc-liefering-gegen-fc-wacker-innsbruck","status":"publish","type":"post","link":"https:\/\/wiki.s12.at\/index.php\/2026\/05\/06\/8-runde-saison-2019-20-fc-liefering-gegen-fc-wacker-innsbruck\/","title":{"rendered":"20, FC Liefering gegen FC Wacker Innsbruck"},"content":{"rendered":"<div class=\"mw-parser-output\">\n<h2><span class=\"mw-headline\" id=\"Fakten\">Fakten<\/span><a href=\"\/index.php?title=8._Runde,_Saison_2019\/20,_FC_Liefering_gegen_FC_Wacker_Innsbruck&amp;action=edit&amp;section=1\" title=\"Abschnitt bearbeiten: Fakten\">Bearbeiten<\/a><span class=\"mw-editsection-bracket\">]<\/span><\/span><\/h2>\n<table class=\"toptextcells toccolours\">\n<tbody>\n<tr>\n<th colspan=\"2\" style=\"text-align: center; vertical-align: top; padding: 0.3em 0.8em; font-size: 125%; background-color: lightsteelblue;\">FC Liefering gegen FC Wacker Innsbruck, 2:2\n<\/th>\n<\/tr>\n<tr>\n<th style=\"text-align:left;\"><b>Spieltag<\/b>\n<\/th>\n<th style=\"text-align:left;\">2. Liga-8. Runde\n<\/th>\n<\/tr>\n<tr>\n<th style=\"text-align:left;\"><b>Datum<\/b>\n<\/th>\n<th style=\"text-align:left;\">21. September 2019\n<\/th>\n<\/tr>\n<tr>\n<th style=\"text-align:left;\"><b>Anpfiff<\/b>\n<\/th>\n<th style=\"text-align:left;\">14.30 Uhr\n<\/th>\n<\/tr>\n<tr>\n<td colspan=\"2\" style=\"text-align:center;\" bgcolor=\"lightgray\"><b>Aufstellung<\/b>\n<\/td>\n<\/tr>\n<tr>\n<th style=\"text-align:left;\"><b>Tor<\/b>\n<\/th>\n<th><a href=\"\/Daniel_Antosch\" title=\"Daniel Antosch\">Daniel Antosch<\/a>\n<\/th>\n<\/tr>\n<tr>\n<th style=\"text-align:left;\"><b>Verteidigung<\/b>\n<\/th>\n<th><a href=\"\/Amar_Dedic\" title=\"Amar Dedic\">Amar Dedic<\/a> &#8211; <a href=\"\/David_Affengruber\" title=\"David Affengruber\">David Affengruber<\/a> &#8211; <a href=\"\/Jasper_van_der_Werff\" title=\"Jasper van der Werff\">Jasper van der Werff<\/a> &#8211; <a href=\"\/Kilian_Ludewig\" title=\"Kilian Ludewig\">Kilian Ludewig<\/a>\n<\/th>\n<\/tr>\n<tr>\n<th style=\"text-align:left;\"><b>Mittelfeld<\/b>\n<\/th>\n<th><a href=\"\/Peter_Pokorny\" title=\"Peter Pokorny\">Peter Pokorny <\/a> &#8211; <a href=\"\/Jungmin_Kim\" title=\"Jungmin Kim\">Jungmin Kim<\/a> &#8211; <a href=\"\/Mohamed_Camara\" title=\"Mohamed Camara\">Mohamed Camara<\/a> &#8211; <a href=\"\/Alexander_Prass\" title=\"Alexander Prass\">Alexander Prass<\/a>\n<\/th>\n<\/tr>\n<tr>\n<th style=\"text-align:left;\"><b>Sturm<\/b>\n<\/th>\n<th><a href=\"\/Karim_Adeyemi\" title=\"Karim Adeyemi\">Karim Adeyemi<\/a> &#8211; <a href=\"\/Csaba_Bukta\" title=\"Csaba Bukta\">Csaba Bukta<\/a>\n<\/th>\n<\/tr>\n<tr>\n<td colspan=\"2\" style=\"text-align:center;\" bgcolor=\"lightgray\"><b>Wechsel<\/b>\n<\/td>\n<\/tr>\n<tr>\n<th style=\"text-align:left;\"><b>Wechsel<\/b>\n<\/th>\n<th style=\"text-align:left;\"><a href=\"\/Benjamin_Sesko\" class=\"mw-redirect\" title=\"Benjamin Sesko\">Benjamin Sesko<\/a> f\u00fcr Bukta (71.), <a href=\"\/Maurits_Kjaergaard\" title=\"Maurits Kjaergaard\">Maurits Kjaergaard<\/a> f\u00fcr Kim (74.), <a href=\"\/Luis_Phelipe\" title=\"Luis Phelipe\">Luis Phelipe<\/a> f\u00fcr Ludewig (90.)\n<\/th>\n<\/tr>\n<tr>\n<td colspan=\"2\" style=\"text-align:center;\" bgcolor=\"lightgray\"><b>Statistik<\/b>\n<\/td>\n<\/tr>\n<tr>\n<th style=\"text-align:left;\"><b>Endstand<\/b>\n<\/th>\n<th style=\"text-align:left;\">2:2 (1:0)\n<\/th>\n<\/tr>\n<tr>\n<th style=\"text-align:left;\"><b>Torsch\u00fctzen<\/b>\n<\/th>\n<th style=\"text-align:left;\">Adeyemi (19., 66.); Yildirim (59.), Faleye (80.)\n<\/th>\n<\/tr>\n<tr>\n<th style=\"text-align:left;\"><b>Gelbe Karten<\/b>\n<\/th>\n<th style=\"text-align:left;\">Adeyemi (73.); Yildirim (42.), Meusburger (47.), Conte (53.)\n<\/th>\n<\/tr>\n<tr>\n<th style=\"text-align:left;\"><b>Rote Karten<\/b>\n<\/th>\n<th style=\"text-align:left;\">gelb-rote Karte:Conte (88.)\n<\/th>\n<\/tr>\n<tr>\n<th style=\"text-align:left;\"><b>Schiedsrichter<\/b>\n<\/th>\n<th style=\"text-align:left;\">Gabriel Gmeiner\n<\/th>\n<\/tr>\n<tr>\n<th style=\"text-align:left;\"><b>Stadion<\/b>\n<\/th>\n<th style=\"text-align:left;\">Red Bull Arena, Salzburg\n<\/th>\n<\/tr>\n<tr>\n<th style=\"text-align:left;\"><b>Zuschauer<\/b>\n<\/th>\n<th style=\"text-align:left;\">503\n<\/th>\n<\/tr>\n<\/tbody>\n<\/table>\n<h2><span class=\"mw-headline\" id=\"Bilder\">Bilder<\/span><a href=\"\/index.php?title=8._Runde,_Saison_2019\/20,_FC_Liefering_gegen_FC_Wacker_Innsbruck&amp;action=edit&amp;section=2\" title=\"Abschnitt bearbeiten: Bilder\">Bearbeiten<\/a><span class=\"mw-editsection-bracket\">]<\/span><\/span><\/h2>\n<p><img alt=\"\" src=\"\/images\/thumb\/4\/4a\/Commons-logo.svg\/langde-20px-Commons-logo.svg.png%3Futm_source%3Dcommons.wikimedia.org%26utm_campaign%3Dimageinfo%26utm_content%3Dthumbnail\" decoding=\"async\" title=\"Commons\" width=\"12\" height=\"16\" srcset=\"\/images\/thumb\/4\/4a\/Commons-logo.svg\/langde-40px-Commons-logo.svg.png%3Futm_source%3Dcommons.wikimedia.org%26utm_campaign%3Dimageinfo%26utm_content%3Dthumbnail 2x\" \/>&#160;<b><a href=\"http:\/\/commons.wikimedia.org\/wiki\/Category:FC_Liefering_gegen_FC_Wacker_Innsbruck_(21._September_2019)\" class=\"extiw\" title=\"commons:Category:FC Liefering gegen FC Wacker Innsbruck (21. September 2019)\">8. Runde, Saison 2019\/20, FC Liefering gegen FC Wacker Innsbruck<\/a><\/b>&#160;\u2013 Sammlung von Bildern, Videos und Audiodateien auf <a href=\"\/Wikimedia_Commons\" title=\"Wikimedia Commons\">Wikimedia Commons<\/a>\n<\/p>\n<h2><span class=\"mw-headline\" id=\"Stimmen_zum_Spiel\">Stimmen zum Spiel<\/span><a href=\"\/index.php?title=8._Runde,_Saison_2019\/20,_FC_Liefering_gegen_FC_Wacker_Innsbruck&amp;action=edit&amp;section=3\" title=\"Abschnitt bearbeiten: Stimmen zum Spiel\">Bearbeiten<\/a><span class=\"mw-editsection-bracket\">]<\/span><\/span><\/h2>\n<ul>\n<li><b>Bo Svensson:<\/b> Meine Mannschaft hat \u00fcbers ganze Spiel viel investiert und eine ordentliche Leistung sowie Herz und Leidenschaft gezeigt. Wir haben die R\u00e4ume, die wir vorgefunden haben, gut bespielt und konnten uns einige Chancen erarbeiten. Nach der F\u00fchrung waren wir nicht souver\u00e4n genug, konnten leider nicht den Deckel draufmachen und haben den Sieg noch aus der Hand gegeben. Aber wir haben heute viele Dinge richtig gemacht, darauf werden wir aufbauen.<\/li>\n<\/ul>\n<h2><span class=\"mw-headline\" id=\"Weblinks\">Weblinks<\/span><a href=\"\/index.php?title=8._Runde,_Saison_2019\/20,_FC_Liefering_gegen_FC_Wacker_Innsbruck&amp;action=edit&amp;section=4\" title=\"Abschnitt bearbeiten: Weblinks\">Bearbeiten<\/a><span class=\"mw-editsection-bracket\">]<\/span><\/span><\/h2>\n<p><a rel=\"nofollow\" class=\"external text\" href=\"https:\/\/www.fc-liefering.at\/de\/fc-liefering\/news\/saison_2019_20\/remis-im-heimspiel-gegen-wacker-innsbruck.html\">Spielbericht Vereinshomepage<\/a>\n<\/p>\n<\/div>\n","protected":false},"excerpt":{"rendered":"<p>FaktenBearbeiten] FC Liefering gegen FC Wacker Innsbruck, 2:2 Spieltag 2. Liga-8. Runde Datum 21. September 2019 Anpfiff 14.30 Uhr Aufstellung Tor Daniel Antosch Verteidigung Amar Dedic &#8211; David Affengruber &#8211; Jasper van der Werff &#8211; Kilian Ludewig Mittelfeld Peter Pokorny &#8211; Jungmin Kim &#8211; Mohamed Camara &#8211; Alexander Prass Sturm Karim Adeyemi &#8211; Csaba Bukta [&hellip;]<\/p>\n","protected":false},"author":1,"featured_media":0,"comment_status":"open","ping_status":"open","sticky":false,"template":"","format":"standard","meta":{"footnotes":""},"categories":[2107],"tags":[],"class_list":["post-2664","post","type-post","status-publish","format-standard","hentry","category-8-runde-saison-2019"],"_links":{"self":[{"href":"https:\/\/wiki.s12.at\/index.php\/wp-json\/wp\/v2\/posts\/2664","targetHints":{"allow":["GET"]}}],"collection":[{"href":"https:\/\/wiki.s12.at\/index.php\/wp-json\/wp\/v2\/posts"}],"about":[{"href":"https:\/\/wiki.s12.at\/index.php\/wp-json\/wp\/v2\/types\/post"}],"author":[{"embeddable":true,"href":"https:\/\/wiki.s12.at\/index.php\/wp-json\/wp\/v2\/users\/1"}],"replies":[{"embeddable":true,"href":"https:\/\/wiki.s12.at\/index.php\/wp-json\/wp\/v2\/comments?post=2664"}],"version-history":[{"count":0,"href":"https:\/\/wiki.s12.at\/index.php\/wp-json\/wp\/v2\/posts\/2664\/revisions"}],"wp:attachment":[{"href":"https:\/\/wiki.s12.at\/index.php\/wp-json\/wp\/v2\/media?parent=2664"}],"wp:term":[{"taxonomy":"category","embeddable":true,"href":"https:\/\/wiki.s12.at\/index.php\/wp-json\/wp\/v2\/categories?post=2664"},{"taxonomy":"post_tag","embeddable":true,"href":"https:\/\/wiki.s12.at\/index.php\/wp-json\/wp\/v2\/tags?post=2664"}],"curies":[{"name":"wp","href":"https:\/\/api.w.org\/{rel}","templated":true}]}}