{"id":2657,"date":"2026-05-06T14:39:21","date_gmt":"2026-05-06T12:39:21","guid":{"rendered":"https:\/\/wiki.s12.at\/index.php\/2026\/05\/06\/8-runde-saison-2015-16-fc-red-bull-salzburg-gegen-sv-groedig\/"},"modified":"2026-05-06T14:39:21","modified_gmt":"2026-05-06T12:39:21","slug":"8-runde-saison-2015-16-fc-red-bull-salzburg-gegen-sv-groedig","status":"publish","type":"post","link":"https:\/\/wiki.s12.at\/index.php\/2026\/05\/06\/8-runde-saison-2015-16-fc-red-bull-salzburg-gegen-sv-groedig\/","title":{"rendered":"16 FC Red Bull Salzburg gegen SV Gr\u00f6dig"},"content":{"rendered":"<div class=\"mw-parser-output\">\n<h2><span class=\"mw-headline\" id=\"Fakten\">Fakten<\/span><a href=\"\/index.php?title=8._Runde,_Saison_2015\/16_FC_Red_Bull_Salzburg_gegen_SV_Gr%C3%B6dig&amp;action=edit&amp;section=1\" title=\"Abschnitt bearbeiten: Fakten\">Bearbeiten<\/a><span class=\"mw-editsection-bracket\">]<\/span><\/span><\/h2>\n<table class=\"toptextcells toccolours\">\n<tbody>\n<tr>\n<th colspan=\"2\" style=\"text-align: center; vertical-align: top; padding: 0.3em 0.8em; font-size: 125%; background-color: lightsteelblue;\">FC Red Bull Salzburg gegen SV Gr\u00f6dig, 4:2\n<\/th>\n<\/tr>\n<tr>\n<th style=\"text-align:left;\"><b>Spieltag<\/b>\n<\/th>\n<th style=\"text-align:left;\">Bundesliga &#8211; 8. Spieltag\n<\/th>\n<\/tr>\n<tr>\n<th style=\"text-align:left;\"><b>Datum<\/b>\n<\/th>\n<th style=\"text-align:left;\">23. August 2015\n<\/th>\n<\/tr>\n<tr>\n<th style=\"text-align:left;\"><b>Anpfiff<\/b>\n<\/th>\n<th style=\"text-align:left;\">16.30 Uhr\n<\/th>\n<\/tr>\n<tr>\n<td colspan=\"2\" style=\"text-align:center;\" bgcolor=\"lightgray\"><b>Aufstellung<\/b>\n<\/td>\n<\/tr>\n<tr>\n<th style=\"text-align:left;\"><b>Tor<\/b>\n<\/th>\n<th><a href=\"\/Alexander_Walke\" title=\"Alexander Walke\">Alexander Walke<\/a>\n<\/th>\n<\/tr>\n<tr>\n<th style=\"text-align:left;\"><b>Verteidigung<\/b>\n<\/th>\n<th><a href=\"\/Stefan_Lainer\" title=\"Stefan Lainer\">Stefan Lainer<\/a> &#8211; <a href=\"\/Benno_Schmitz\" title=\"Benno Schmitz\">Benno Schmitz<\/a> &#8211; <a href=\"\/Duje_Caleta-Car\" title=\"Duje Caleta-Car\">Duje Caleta-Car<\/a> &#8211; <a href=\"\/Andreas_Ulmer\" title=\"Andreas Ulmer\">Andreas Ulmer<\/a>\n<\/th>\n<\/tr>\n<tr>\n<th style=\"text-align:left;\"><b>Mittelfeld<\/b>\n<\/th>\n<th><a href=\"\/Hany_Mukhtar\" title=\"Hany Mukhtar\">Hany Mukhtar<\/a> &#8211; <a href=\"\/Valon_Berisha\" title=\"Valon Berisha\">Valon Berisha<\/a> &#8211; <a href=\"\/Naby_Keita\" title=\"Naby Keita\">Naby Keita<\/a> &#8211; <a href=\"\/Takumi_Minamino\" title=\"Takumi Minamino\">Takumi Minamino<\/a>\n<\/th>\n<\/tr>\n<tr>\n<th style=\"text-align:left;\"><b>Sturm<\/b>\n<\/th>\n<th><a href=\"\/Havard_Nielsen\" title=\"Havard Nielsen\">Havard Nielsen<\/a> &#8211; <a href=\"\/Jonatan_Soriano\" title=\"Jonatan Soriano\">Jonatan Soriano<\/a>\n<\/th>\n<\/tr>\n<tr>\n<td colspan=\"2\" style=\"text-align:center;\" bgcolor=\"lightgray\"><b>Wechsel<\/b>\n<\/td>\n<\/tr>\n<tr>\n<th style=\"text-align:left;\"><b>Wechsel<\/b>\n<\/th>\n<th style=\"text-align:left;\"><a href=\"\/Yasin_Pehlivan\" title=\"Yasin Pehlivan\">Yasin Pehlivan<\/a> f\u00fcr Mukthar (34.), <a href=\"\/Valentino_Lazaro\" title=\"Valentino Lazaro\">Valentino Lazaro<\/a> f\u00fcr Nielsen (72.), <a href=\"\/Smail_Prevljak\" title=\"Smail Prevljak\">Smail Prevljak<\/a> f\u00fcr Keita (87.)\n<\/th>\n<\/tr>\n<tr>\n<td colspan=\"2\" style=\"text-align:center;\" bgcolor=\"lightgray\"><b>Statistik<\/b>\n<\/td>\n<\/tr>\n<tr>\n<th style=\"text-align:left;\"><b>Endstand<\/b>\n<\/th>\n<th style=\"text-align:left;\">4:2 (1:2)\n<\/th>\n<\/tr>\n<tr>\n<th style=\"text-align:left;\"><b>Torsch\u00fctzen<\/b>\n<\/th>\n<th style=\"text-align:left;\">Minamino (35., 72.), Keita (51.), Soriano (75., E.); Venuto (19.), Ulmer (26.\/ET)\n<\/th>\n<\/tr>\n<tr>\n<th style=\"text-align:left;\"><b>Gelbe Karten<\/b>\n<\/th>\n<th style=\"text-align:left;\">Berisha (39.)\n<\/th>\n<\/tr>\n<tr>\n<th style=\"text-align:left;\"><b>Rote Karten<\/b>\n<\/th>\n<th style=\"text-align:left;\">Maak (74.)\n<\/th>\n<\/tr>\n<tr>\n<th style=\"text-align:left;\"><b>Schiedsrichter<\/b>\n<\/th>\n<th style=\"text-align:left;\">Oliver Drachta\n<\/th>\n<\/tr>\n<tr>\n<th style=\"text-align:left;\"><b>Stadion<\/b>\n<\/th>\n<th style=\"text-align:left;\">Red Bull Arena, Salzburg\n<\/th>\n<\/tr>\n<tr>\n<th style=\"text-align:left;\"><b>Zuschauer<\/b>\n<\/th>\n<th style=\"text-align:left;\">8 347\n<\/th>\n<\/tr>\n<\/tbody>\n<\/table>\n<p>\nDer FC Red Bull Salzburg hat gemeinsam mit der Gemeinde Wals-Siezenheim f\u00fcr das heutige Heimspiel 250 Fl\u00fcchtlinge zum Spiel eingeladen.\n<\/p>\n<h2><span class=\"mw-headline\" id=\"Bilder\">Bilder<\/span><a href=\"\/index.php?title=8._Runde,_Saison_2015\/16_FC_Red_Bull_Salzburg_gegen_SV_Gr%C3%B6dig&amp;action=edit&amp;section=2\" title=\"Abschnitt bearbeiten: Bilder\">Bearbeiten<\/a><span class=\"mw-editsection-bracket\">]<\/span><\/span><\/h2>\n<p><img alt=\"\" src=\"\/images\/thumb\/4\/4a\/Commons-logo.svg\/langde-20px-Commons-logo.svg.png%3Futm_source%3Dcommons.wikimedia.org%26utm_campaign%3Dimageinfo%26utm_content%3Dthumbnail\" decoding=\"async\" title=\"Commons\" width=\"12\" height=\"16\" srcset=\"\/images\/thumb\/4\/4a\/Commons-logo.svg\/langde-40px-Commons-logo.svg.png%3Futm_source%3Dcommons.wikimedia.org%26utm_campaign%3Dimageinfo%26utm_content%3Dthumbnail 2x\" \/>&#160;<b><a href=\"http:\/\/commons.wikimedia.org\/wiki\/Category:FC_Red_Bull_Salzburg_gegen_SV_Gr%C3%B6dig_(12._September_2015)\" class=\"extiw\" title=\"commons:Category:FC Red Bull Salzburg gegen SV Gr\u00f6dig (12. September 2015)\">8. Runde, Saison 2015\/16 FC Red Bull Salzburg gegen SV Gr\u00f6dig<\/a><\/b>&#160;\u2013 Sammlung von Bildern, Videos und Audiodateien auf <a href=\"\/Wikimedia_Commons\" title=\"Wikimedia Commons\">Wikimedia Commons<\/a>\n<\/p>\n<h2><span class=\"mw-headline\" id=\"Weblinks\">Weblinks<\/span><a href=\"\/index.php?title=8._Runde,_Saison_2015\/16_FC_Red_Bull_Salzburg_gegen_SV_Gr%C3%B6dig&amp;action=edit&amp;section=3\" title=\"Abschnitt bearbeiten: Weblinks\">Bearbeiten<\/a><span class=\"mw-editsection-bracket\">]<\/span><\/span><\/h2>\n<ul>\n<li><a rel=\"nofollow\" class=\"external text\" href=\"http:\/\/www.redbullsalzburg.at\/de\/fc-red-bull-salzburg\/news\/saison_2015_16\/rote-bullen-gewinnen-das-salzburger-derby-mit-4-2.html\">Spielbericht Vereinshomepage<\/a><\/li>\n<\/ul>\n<p>\n&lt;youtube&gt;h9TyoYoHKxQ&lt;\/youtube&gt;\n<\/p>\n<h2><span class=\"mw-headline\" id=\"Stimmen_zum_Spiel\">Stimmen zum Spiel<\/span><a href=\"\/index.php?title=8._Runde,_Saison_2015\/16_FC_Red_Bull_Salzburg_gegen_SV_Gr%C3%B6dig&amp;action=edit&amp;section=4\" title=\"Abschnitt bearbeiten: Stimmen zum Spiel\">Bearbeiten<\/a><span class=\"mw-editsection-bracket\">]<\/span><\/span><\/h2>\n<p><b>Peter Zeidler:<\/b> Unsere erste Halbzeit war unterirdisch. Wir haben gegen die Taktik des Gegners keine Antwort gewusst und waren in allen Bereichen des Fu\u00dfballs unterlegen. Das lag zum einen am Gegner, zum anderen aber an uns selbst. Wir konnten zu Beginn nichts so umsetzen, wie wir uns das vorgestellt haben und k\u00f6nnen von Gl\u00fcck sagen, dass wir dann vor der Pause noch den Anschlusstreffer gemacht haben. Die zweite Halbzeit war anders, aber nicht perfekt. Wir m\u00fcssen noch viel lernen und schnell besser werden.\n<\/p>\n<p><b>Havard Nielsen:<\/b> In der ersten Halbzeit ist es wirklich gar nicht f\u00fcr uns gelaufen. Es gab viele hohe B\u00e4lle im Spiel, das kommt unserem Spiel nicht so entgegen. Wir hatten sogar ein bisschen Gl\u00fcck, dass wir nur 2:0 hinten waren, aber in der zweiten H\u00e4lfte haben wir das sehr gut gemacht. Vor allem haben wir heute Moral bewiesen und sind unserem Spiel nach vorne treu geblieben.\n<\/p>\n<\/div>\n","protected":false},"excerpt":{"rendered":"<p>FaktenBearbeiten] FC Red Bull Salzburg gegen SV Gr\u00f6dig, 4:2 Spieltag Bundesliga &#8211; 8. Spieltag Datum 23. August 2015 Anpfiff 16.30 Uhr Aufstellung Tor Alexander Walke Verteidigung Stefan Lainer &#8211; Benno Schmitz &#8211; Duje Caleta-Car &#8211; Andreas Ulmer Mittelfeld Hany Mukhtar &#8211; Valon Berisha &#8211; Naby Keita &#8211; Takumi Minamino Sturm Havard Nielsen &#8211; Jonatan Soriano [&hellip;]<\/p>\n","protected":false},"author":1,"featured_media":0,"comment_status":"open","ping_status":"open","sticky":false,"template":"","format":"standard","meta":{"footnotes":""},"categories":[2103],"tags":[],"class_list":["post-2657","post","type-post","status-publish","format-standard","hentry","category-8-runde-saison-2015"],"_links":{"self":[{"href":"https:\/\/wiki.s12.at\/index.php\/wp-json\/wp\/v2\/posts\/2657","targetHints":{"allow":["GET"]}}],"collection":[{"href":"https:\/\/wiki.s12.at\/index.php\/wp-json\/wp\/v2\/posts"}],"about":[{"href":"https:\/\/wiki.s12.at\/index.php\/wp-json\/wp\/v2\/types\/post"}],"author":[{"embeddable":true,"href":"https:\/\/wiki.s12.at\/index.php\/wp-json\/wp\/v2\/users\/1"}],"replies":[{"embeddable":true,"href":"https:\/\/wiki.s12.at\/index.php\/wp-json\/wp\/v2\/comments?post=2657"}],"version-history":[{"count":0,"href":"https:\/\/wiki.s12.at\/index.php\/wp-json\/wp\/v2\/posts\/2657\/revisions"}],"wp:attachment":[{"href":"https:\/\/wiki.s12.at\/index.php\/wp-json\/wp\/v2\/media?parent=2657"}],"wp:term":[{"taxonomy":"category","embeddable":true,"href":"https:\/\/wiki.s12.at\/index.php\/wp-json\/wp\/v2\/categories?post=2657"},{"taxonomy":"post_tag","embeddable":true,"href":"https:\/\/wiki.s12.at\/index.php\/wp-json\/wp\/v2\/tags?post=2657"}],"curies":[{"name":"wp","href":"https:\/\/api.w.org\/{rel}","templated":true}]}}