{"id":2652,"date":"2026-05-06T14:39:17","date_gmt":"2026-05-06T12:39:17","guid":{"rendered":"https:\/\/wiki.s12.at\/index.php\/2026\/05\/06\/8-runde-saison-2013-14-skn-st-poelten-gegen-fc-liefering\/"},"modified":"2026-05-06T14:39:17","modified_gmt":"2026-05-06T12:39:17","slug":"8-runde-saison-2013-14-skn-st-poelten-gegen-fc-liefering","status":"publish","type":"post","link":"https:\/\/wiki.s12.at\/index.php\/2026\/05\/06\/8-runde-saison-2013-14-skn-st-poelten-gegen-fc-liefering\/","title":{"rendered":"14, SKN St. P\u00f6lten gegen FC Liefering"},"content":{"rendered":"<div class=\"mw-parser-output\">\n<h3><span class=\"mw-headline\" id=\"Fakten\">Fakten<\/span><a href=\"\/index.php?title=8._Runde,_Saison_2013\/14,_SKN_St._P%C3%B6lten_gegen_FC_Liefering&amp;action=edit&amp;section=1\" title=\"Abschnitt bearbeiten: Fakten\">Bearbeiten<\/a><span class=\"mw-editsection-bracket\">]<\/span><\/span><\/h3>\n<p><b>Heute f\u00fcr Morgen 1. Liga &#8211; 8. Spieltag: 30. August 2013, 18.30 Uhr<\/b><br \/>\n\n<\/p>\n<table class=\"wikitable\">\n<caption><big> <b>SKN St. P\u00f6lten gegen FC Liefering, 1:4 <\/b><\/big><br \/>\n<\/caption>\n<tbody>\n<tr>\n<td>Aufstellung:<\/td>\n<td><a href=\"\/Thomas_D%C3%A4hne\" title=\"Thomas D\u00e4hne\">Thomas D\u00e4hne<\/a>\n<\/td>\n<\/tr>\n<tr>\n<td><\/td>\n<td><a href=\"\/Stefan_Lainer\" title=\"Stefan Lainer\">Stefan Lainer<\/a> <a href=\"\/Lukas_Gugganig\" title=\"Lukas Gugganig\">Lukas Gugganig<\/a> <a href=\"\/Andreas_Schrott\" title=\"Andreas Schrott\">Andreas Schrott<\/a> <a href=\"\/Felix_Adjei\" title=\"Felix Adjei\">Felix Adjei<\/a>\n<\/td>\n<\/tr>\n<tr>\n<td><\/td>\n<td><a href=\"\/Robert_V%C3%B6lkl\" title=\"Robert V\u00f6lkl\">Robert V\u00f6lkl<\/a>, <a href=\"\/Ante_Roguljic\" class=\"mw-redirect\" title=\"Ante Roguljic\">Ante Roguljic<\/a>, <a href=\"\/Wolfgang_Mair\" title=\"Wolfgang Mair\">Wolfgang Mair<\/a>, <a href=\"\/Martin_Rasner\" title=\"Martin Rasner\">Martin Rasner<\/a>, <a href=\"\/Bright_Edomwonyi\" title=\"Bright Edomwonyi\">Bright Edomwonyi<\/a>\n<\/td>\n<\/tr>\n<tr>\n<td><\/td>\n<td><a href=\"\/Andreas_Bammer\" title=\"Andreas Bammer\">Andreas Bammer<\/a>\n<\/td>\n<\/tr>\n<tr>\n<td>Wechsel:<\/td>\n<td><a href=\"\/Nikola_Dovedan\" title=\"Nikola Dovedan\">Nikola Dovedan<\/a> f\u00fcr Rasner (60.), <a href=\"\/Nils_Quaschner\" title=\"Nils Quaschner\">Nils Quaschner<\/a> f\u00fcr Edomwonyi(61.), <a href=\"\/Michael_Brandner\" title=\"Michael Brandner\">Michael Brandner<\/a> f\u00fcr Roguljic (74.)\n<\/td>\n<\/tr>\n<tr>\n<td>Endstand:<\/td>\n<td>1:4 (1:1)\n<\/td>\n<\/tr>\n<tr>\n<td>Torsch\u00fctzen:<\/td>\n<td>Ambichl (13.); Bammer (5.), Roguljic (66.), Brandner (90.), Dovedan (91.)\n<\/td>\n<\/tr>\n<tr>\n<td>Gelbe Karten:<\/td>\n<td>Tosun (11.), Huber (43.), Ambichl (45.); V\u00f6lkl (40.), Rasner (42.), Roguljic (68.), Dovedan (86.)\n<\/td>\n<\/tr>\n<tr>\n<td>Gelb-rote Karten:<\/td>\n<td>\n<\/td>\n<\/tr>\n<tr>\n<td>Rote Karten:<\/td>\n<td>\n<\/td>\n<\/tr>\n<tr>\n<td>Schiedsrichter:<\/td>\n<td>Harald Lechner\n<\/td>\n<\/tr>\n<tr>\n<td>Stadion:<\/td>\n<td>NV Arena, St. P\u00f6lten\n<\/td>\n<\/tr>\n<tr>\n<td>Zuschauer:<\/td>\n<td>2 550\n<\/td>\n<\/tr>\n<\/tbody>\n<\/table>\n<h2><span class=\"mw-headline\" id=\"Stimmen_zum_Spiel\">Stimmen zum Spiel<\/span><a href=\"\/index.php?title=8._Runde,_Saison_2013\/14,_SKN_St._P%C3%B6lten_gegen_FC_Liefering&amp;action=edit&amp;section=2\" title=\"Abschnitt bearbeiten: Stimmen zum Spiel\">Bearbeiten<\/a><span class=\"mw-editsection-bracket\">]<\/span><\/span><\/h2>\n<p>Peter Zeidler: &#8222;Das 4:1 t\u00e4uscht gewaltig. Denn das fr\u00fche Tor war Gift f\u00fcr uns. Wir haben uns zu sicher gef\u00fchlt und gemeint, es geht alles von ganz alleine. Wir hatten gro\u00dfe Probleme mit dem Gegner, mussten froh sein, dass es zur Pause 1:1 stand.Ich habe dann in der Kabine einige Dinge angesprochen. Und die Jungs haben daraus gelernt und es nach der Pause auch weit besser gemacht. Man hat heute wieder gesehen, dass meine Spieler viel Freude haben, wenn sie gemeinsam spielen k\u00f6nnen. Sehr zufrieden bin ich auch mit den Wechselspielern, die viel zum Sieg beigetragen haben. Die Partie war heute sehr intensiv, f\u00fcr St. P\u00f6lten ging es um sehr viel. Leider haben wir wieder einige angeschlagene Spieler mehr. Deshalb kommt uns die Pause nun auch sehr gelegen.&#8220;\n<\/p>\n<\/div>\n","protected":false},"excerpt":{"rendered":"<p>FaktenBearbeiten] Heute f\u00fcr Morgen 1. Liga &#8211; 8. Spieltag: 30. August 2013, 18.30 Uhr SKN St. P\u00f6lten gegen FC Liefering, 1:4 Aufstellung: Thomas D\u00e4hne Stefan Lainer Lukas Gugganig Andreas Schrott Felix Adjei Robert V\u00f6lkl, Ante Roguljic, Wolfgang Mair, Martin Rasner, Bright Edomwonyi Andreas Bammer Wechsel: Nikola Dovedan f\u00fcr Rasner (60.), Nils Quaschner f\u00fcr Edomwonyi(61.), Michael [&hellip;]<\/p>\n","protected":false},"author":1,"featured_media":0,"comment_status":"open","ping_status":"open","sticky":false,"template":"","format":"standard","meta":{"footnotes":""},"categories":[2101],"tags":[],"class_list":["post-2652","post","type-post","status-publish","format-standard","hentry","category-8-runde-saison-2013"],"_links":{"self":[{"href":"https:\/\/wiki.s12.at\/index.php\/wp-json\/wp\/v2\/posts\/2652","targetHints":{"allow":["GET"]}}],"collection":[{"href":"https:\/\/wiki.s12.at\/index.php\/wp-json\/wp\/v2\/posts"}],"about":[{"href":"https:\/\/wiki.s12.at\/index.php\/wp-json\/wp\/v2\/types\/post"}],"author":[{"embeddable":true,"href":"https:\/\/wiki.s12.at\/index.php\/wp-json\/wp\/v2\/users\/1"}],"replies":[{"embeddable":true,"href":"https:\/\/wiki.s12.at\/index.php\/wp-json\/wp\/v2\/comments?post=2652"}],"version-history":[{"count":0,"href":"https:\/\/wiki.s12.at\/index.php\/wp-json\/wp\/v2\/posts\/2652\/revisions"}],"wp:attachment":[{"href":"https:\/\/wiki.s12.at\/index.php\/wp-json\/wp\/v2\/media?parent=2652"}],"wp:term":[{"taxonomy":"category","embeddable":true,"href":"https:\/\/wiki.s12.at\/index.php\/wp-json\/wp\/v2\/categories?post=2652"},{"taxonomy":"post_tag","embeddable":true,"href":"https:\/\/wiki.s12.at\/index.php\/wp-json\/wp\/v2\/tags?post=2652"}],"curies":[{"name":"wp","href":"https:\/\/api.w.org\/{rel}","templated":true}]}}