{"id":2649,"date":"2026-05-06T14:39:13","date_gmt":"2026-05-06T12:39:13","guid":{"rendered":"https:\/\/wiki.s12.at\/index.php\/2026\/05\/06\/8-runde-saison-2006-07-scr-vs-rbs\/"},"modified":"2026-05-06T14:39:13","modified_gmt":"2026-05-06T12:39:13","slug":"8-runde-saison-2006-07-scr-vs-rbs","status":"publish","type":"post","link":"https:\/\/wiki.s12.at\/index.php\/2026\/05\/06\/8-runde-saison-2006-07-scr-vs-rbs\/","title":{"rendered":"07, SCR vs. RBS"},"content":{"rendered":"<div class=\"mw-parser-output\">\n<h3><span class=\"mw-headline\" id=\"Fakten\">Fakten<\/span><a href=\"\/index.php?title=8._Runde,_Saison_2006\/07,_SCR_vs._RBS&amp;action=edit&amp;section=1\" title=\"Abschnitt bearbeiten: Fakten\">Bearbeiten<\/a><span class=\"mw-editsection-bracket\">]<\/span><\/span><\/h3>\n<p><b>Bundesliga &#8211; 8. Spieltag: 10. September 2006, 15.30 Uhr<\/b><br \/>\n\n<\/p>\n<table class=\"wikitable\">\n<caption><big>SK Rapid Wien gegen FC Red Bull Salzburg, 1:1<\/big><br \/>\n<\/caption>\n<tbody>\n<tr>\n<td>Aufstellung:<\/td>\n<td><a href=\"\/Timo_Ochs\" title=\"Timo Ochs\">Timo Ochs<\/a>, <a href=\"\/Laszlo_Bodnar\" title=\"Laszlo Bodnar\">Laszlo Bodnar<\/a>, <a href=\"\/Milan_Dudic\" class=\"mw-redirect\" title=\"Milan Dudic\">Milan Dudic<\/a>, <a href=\"\/Thomas_Linke\" title=\"Thomas Linke\">Thomas Linke<\/a>, <a href=\"\/Jorge_Vargas\" title=\"Jorge Vargas\">Jorge Vargas<\/a>, <a href=\"\/Ezequiel_Carboni\" class=\"mw-redirect\" title=\"Ezequiel Carboni\">Ezequiel Carboni<\/a>, <a href=\"\/Niko_Kova%C4%8D\" title=\"Niko Kova\u010d\">Niko Kova\u010d<\/a>, <a href=\"\/Patrik_Je%C5%BEek\" title=\"Patrik Je\u017eek\">Patrik Je\u017eek<\/a>, <a href=\"\/Rene_Aufhauser\" class=\"mw-redirect\" title=\"Rene Aufhauser\">Rene Aufhauser<\/a>,<a href=\"\/Christian_Tiffert\" title=\"Christian Tiffert\">Christian Tiffert<\/a>,  <a href=\"\/Marc_Janko\" title=\"Marc Janko\">Marc Janko<\/a>\n<\/td>\n<\/tr>\n<tr>\n<td>Wechsel:<\/td>\n<td><a href=\"\/Alexander_Zickler\" title=\"Alexander Zickler\">Alexander Zickler<\/a> f\u00fcr Jezek (46.), <a href=\"\/Vladimir_Janocko\" class=\"mw-redirect\" title=\"Vladimir Janocko\">Vladimir Janocko<\/a> f\u00fcr Aufhauser (60.), <a href=\"\/Johan_Vonlanthen\" title=\"Johan Vonlanthen\">Johan Vonlanthen<\/a> f\u00fcr Janko (68.)\n<\/td>\n<\/tr>\n<tr>\n<td>Endstand:<\/td>\n<td>1:1 (1:0)\n<\/td>\n<\/tr>\n<tr>\n<td>Torsch\u00fctzen:<\/td>\n<td>Kavlak (30.); Dudic (92.)\n<\/td>\n<\/tr>\n<tr>\n<td>Gelbe Karten:<\/td>\n<td>Dober (40.), Plassnegger (41.), Bilic (84.); Jezek (5.), Carboni (20.), Dudic (72.), Vargas (74.), Kovac (86.), Tiffert (88.)\n<\/td>\n<\/tr>\n<tr>\n<td>Gelb-rote Karten:<\/td>\n<td>Dober (80.)\n<\/td>\n<\/tr>\n<tr>\n<td>Rote Karten:<\/td>\n<td>\n<\/td>\n<\/tr>\n<tr>\n<td>Schiedsrichter:<\/td>\n<td>Gerald Lehner\n<\/td>\n<\/tr>\n<tr>\n<td>Stadion:<\/td>\n<td>Hanappi-Stadion, Wien\n<\/td>\n<\/tr>\n<tr>\n<td>Zuschauer:<\/td>\n<td>17 096\n<\/td>\n<\/tr>\n<\/tbody>\n<\/table>\n<\/div>\n","protected":false},"excerpt":{"rendered":"<p>FaktenBearbeiten] Bundesliga &#8211; 8. Spieltag: 10. September 2006, 15.30 Uhr SK Rapid Wien gegen FC Red Bull Salzburg, 1:1 Aufstellung: Timo Ochs, Laszlo Bodnar, Milan Dudic, Thomas Linke, Jorge Vargas, Ezequiel Carboni, Niko Kova\u010d, Patrik Je\u017eek, Rene Aufhauser,Christian Tiffert, Marc Janko Wechsel: Alexander Zickler f\u00fcr Jezek (46.), Vladimir Janocko f\u00fcr Aufhauser (60.), Johan Vonlanthen f\u00fcr [&hellip;]<\/p>\n","protected":false},"author":1,"featured_media":0,"comment_status":"open","ping_status":"open","sticky":false,"template":"","format":"standard","meta":{"footnotes":""},"categories":[2098],"tags":[],"class_list":["post-2649","post","type-post","status-publish","format-standard","hentry","category-8-runde-saison-2006"],"_links":{"self":[{"href":"https:\/\/wiki.s12.at\/index.php\/wp-json\/wp\/v2\/posts\/2649","targetHints":{"allow":["GET"]}}],"collection":[{"href":"https:\/\/wiki.s12.at\/index.php\/wp-json\/wp\/v2\/posts"}],"about":[{"href":"https:\/\/wiki.s12.at\/index.php\/wp-json\/wp\/v2\/types\/post"}],"author":[{"embeddable":true,"href":"https:\/\/wiki.s12.at\/index.php\/wp-json\/wp\/v2\/users\/1"}],"replies":[{"embeddable":true,"href":"https:\/\/wiki.s12.at\/index.php\/wp-json\/wp\/v2\/comments?post=2649"}],"version-history":[{"count":0,"href":"https:\/\/wiki.s12.at\/index.php\/wp-json\/wp\/v2\/posts\/2649\/revisions"}],"wp:attachment":[{"href":"https:\/\/wiki.s12.at\/index.php\/wp-json\/wp\/v2\/media?parent=2649"}],"wp:term":[{"taxonomy":"category","embeddable":true,"href":"https:\/\/wiki.s12.at\/index.php\/wp-json\/wp\/v2\/categories?post=2649"},{"taxonomy":"post_tag","embeddable":true,"href":"https:\/\/wiki.s12.at\/index.php\/wp-json\/wp\/v2\/tags?post=2649"}],"curies":[{"name":"wp","href":"https:\/\/api.w.org\/{rel}","templated":true}]}}