{"id":2646,"date":"2026-05-06T14:39:12","date_gmt":"2026-05-06T12:39:12","guid":{"rendered":"https:\/\/wiki.s12.at\/index.php\/2026\/05\/06\/8-runde-saison-2003-04-sv-mattersburg-austria-salzburg\/"},"modified":"2026-05-06T14:39:12","modified_gmt":"2026-05-06T12:39:12","slug":"8-runde-saison-2003-04-sv-mattersburg-austria-salzburg","status":"publish","type":"post","link":"https:\/\/wiki.s12.at\/index.php\/2026\/05\/06\/8-runde-saison-2003-04-sv-mattersburg-austria-salzburg\/","title":{"rendered":"04, SV Mattersburg &#8211; Austria Salzburg"},"content":{"rendered":"<div class=\"mw-parser-output\">\n<h3><span class=\"mw-headline\" id=\"Fakten\">Fakten<\/span><a href=\"\/index.php?title=8._Runde,_Saison_2003\/04,_SV_Mattersburg_-_Austria_Salzburg&amp;action=edit&amp;section=1\" title=\"Abschnitt bearbeiten: Fakten\">Bearbeiten<\/a><span class=\"mw-editsection-bracket\">]<\/span><\/span><\/h3>\n<p><b>Bundesliga &#8211; 8. Spieltag: 10. September 2003, 19.30 Uhr<\/b>\n<\/p>\n<table class=\"wikitable\">\n<caption><b> <big>SV Mattersburg gegen SV Austria Salzburg, 0:1<\/big><\/b><br \/>\n<\/caption>\n<tbody>\n<tr>\n<td>Aufstellung:<\/td>\n<td><a href=\"\/Heinz_Arzberger\" title=\"Heinz Arzberger\">Heinz Arzberger<\/a> <a href=\"\/Christoph_Jank\" title=\"Christoph Jank\">Christoph Jank<\/a> <a href=\"\/Heiko_Laessig\" title=\"Heiko Laessig\">Heiko Laessig<\/a> <a href=\"\/Andreas_Ibertsberger\" title=\"Andreas Ibertsberger\">Andreas Ibertsberger<\/a> <a href=\"\/Thomas_Winklhofer\" title=\"Thomas Winklhofer\">Thomas Winklhofer<\/a> <a href=\"\/Heimo_Pfeifenberger\" title=\"Heimo Pfeifenberger\">Heimo Pfeifenberger<\/a> <a href=\"\/Thomas_H%C3%A4%C3%9Fler\" title=\"Thomas H\u00e4\u00dfler\">Thomas H\u00e4\u00dfler<\/a> (90. <a href=\"\/J%C3%BCrgen_Pichorner\" title=\"J\u00fcrgen Pichorner\">J\u00fcrgen Pichorner<\/a>) <a href=\"\/Maynor_Suazo\" title=\"Maynor Suazo\">Maynor Suazo<\/a>  <a href=\"\/Thomas_Eder\" title=\"Thomas Eder\">Thomas Eder<\/a>  <a href=\"\/Charles_Amoah\" title=\"Charles Amoah\">Charles Amoah<\/a> <a href=\"\/Selim_Teber\" title=\"Selim Teber\">Selim Teber<\/a> (88. <a href=\"\/Mohammed_Suleiman\" title=\"Mohammed Suleiman\">Mohammed Suleiman<\/a>)\n<\/td>\n<\/tr>\n<tr>\n<td>Endstand:<\/td>\n<td>0:1 (0:0)\n<\/td>\n<\/tr>\n<tr>\n<td>Torsch\u00fctzen:<\/td>\n<td>Teber (67.)\n<\/td>\n<\/tr>\n<tr>\n<td>Gelbe Karten:<\/td>\n<td>F\u00fcl\u00f6p (60.), K\u00f6szegi  (71.); M. Suazo (38.), Teber (41.), Eder (80.)\n<\/td>\n<\/tr>\n<tr>\n<td>Gelb-rote Karten:<\/td>\n<td>\n<\/td>\n<\/tr>\n<tr>\n<td>Rote Karten:<\/td>\n<td>\n<\/td>\n<\/tr>\n<tr>\n<td>Schiedsrichter:<\/td>\n<td>Dietmar Drabek\n<\/td>\n<\/tr>\n<tr>\n<td>Stadion:<\/td>\n<td>Pappelstadion, Mattersburg\n<\/td>\n<\/tr>\n<tr>\n<td>Zuschauer:<\/td>\n<td>9 700\n<\/td>\n<\/tr>\n<\/tbody>\n<\/table>\n<\/div>\n","protected":false},"excerpt":{"rendered":"<p>FaktenBearbeiten] Bundesliga &#8211; 8. Spieltag: 10. September 2003, 19.30 Uhr SV Mattersburg gegen SV Austria Salzburg, 0:1 Aufstellung: Heinz Arzberger Christoph Jank Heiko Laessig Andreas Ibertsberger Thomas Winklhofer Heimo Pfeifenberger Thomas H\u00e4\u00dfler (90. J\u00fcrgen Pichorner) Maynor Suazo Thomas Eder Charles Amoah Selim Teber (88. Mohammed Suleiman) Endstand: 0:1 (0:0) Torsch\u00fctzen: Teber (67.) Gelbe Karten: F\u00fcl\u00f6p [&hellip;]<\/p>\n","protected":false},"author":1,"featured_media":0,"comment_status":"open","ping_status":"open","sticky":false,"template":"","format":"standard","meta":{"footnotes":""},"categories":[2095],"tags":[],"class_list":["post-2646","post","type-post","status-publish","format-standard","hentry","category-8-runde-saison-2003"],"_links":{"self":[{"href":"https:\/\/wiki.s12.at\/index.php\/wp-json\/wp\/v2\/posts\/2646","targetHints":{"allow":["GET"]}}],"collection":[{"href":"https:\/\/wiki.s12.at\/index.php\/wp-json\/wp\/v2\/posts"}],"about":[{"href":"https:\/\/wiki.s12.at\/index.php\/wp-json\/wp\/v2\/types\/post"}],"author":[{"embeddable":true,"href":"https:\/\/wiki.s12.at\/index.php\/wp-json\/wp\/v2\/users\/1"}],"replies":[{"embeddable":true,"href":"https:\/\/wiki.s12.at\/index.php\/wp-json\/wp\/v2\/comments?post=2646"}],"version-history":[{"count":0,"href":"https:\/\/wiki.s12.at\/index.php\/wp-json\/wp\/v2\/posts\/2646\/revisions"}],"wp:attachment":[{"href":"https:\/\/wiki.s12.at\/index.php\/wp-json\/wp\/v2\/media?parent=2646"}],"wp:term":[{"taxonomy":"category","embeddable":true,"href":"https:\/\/wiki.s12.at\/index.php\/wp-json\/wp\/v2\/categories?post=2646"},{"taxonomy":"post_tag","embeddable":true,"href":"https:\/\/wiki.s12.at\/index.php\/wp-json\/wp\/v2\/tags?post=2646"}],"curies":[{"name":"wp","href":"https:\/\/api.w.org\/{rel}","templated":true}]}}