{"id":2632,"date":"2026-05-06T14:39:02","date_gmt":"2026-05-06T12:39:02","guid":{"rendered":"https:\/\/wiki.s12.at\/index.php\/2026\/05\/06\/8-runde-nationalliga-saison-1965-66-austria-salzburg-wiener-sportclub\/"},"modified":"2026-05-06T14:39:02","modified_gmt":"2026-05-06T12:39:02","slug":"8-runde-nationalliga-saison-1965-66-austria-salzburg-wiener-sportclub","status":"publish","type":"post","link":"https:\/\/wiki.s12.at\/index.php\/2026\/05\/06\/8-runde-nationalliga-saison-1965-66-austria-salzburg-wiener-sportclub\/","title":{"rendered":"66, Austria Salzburg &#8211; Wiener Sportclub"},"content":{"rendered":"<div class=\"mw-parser-output\">\n<p><b>Nationalliga, 8. Runde 1965\/66, 23. Oktober 1965, 15 Uhr<br \/> <\/b>\n<\/p>\n<table class=\"wikitable\">\n<caption><big>SV Austria Salzburg gegen Wiener Sportclub, 2:5<\/big><br \/>\n<\/caption>\n<tbody>\n<tr>\n<td>Aufstellung:<\/td>\n<td><a href=\"\/Ersoy_S%C3%BCkr%C3%BC\" title=\"Ersoy S\u00fckr\u00fc\">Ersoy S\u00fckr\u00fc<\/a> (25. <a href=\"\/Josef_K%C3%B6pf\" title=\"Josef K\u00f6pf\">Josef K\u00f6pf<\/a>) <a href=\"\/Johann_Gegenhuber\" title=\"Johann Gegenhuber\">Johann Gegenhuber<\/a> <a href=\"\/Werner_Breitenfelder\" title=\"Werner Breitenfelder\">Werner Breitenfelder<\/a> <a href=\"\/Karl_Karel\" title=\"Karl Karel\">Karl Karel<\/a> <a href=\"\/Anton_Zaunreither\" title=\"Anton Zaunreither\">Anton Zaunreither<\/a> <br \/> <a href=\"\/Hannes_Granzer\" title=\"Hannes Granzer\">Hannes Granzer<\/a> <a href=\"\/Reinhard_Jung\" title=\"Reinhard Jung\">Reinhard Jung<\/a>  <a href=\"\/Ern%C3%B6_Frank\" title=\"Ern\u00f6 Frank\">Ern\u00f6 Frank<\/a>  <a href=\"\/Roland_Hirscher\" title=\"Roland Hirscher\">Roland Hirscher<\/a> <a href=\"\/Johann_Furthmayer\" title=\"Johann Furthmayer\">Johann Furthmayer<\/a> <a href=\"\/Adolf_Macek\" title=\"Adolf Macek\">Adolf Macek<\/a>\n<\/td>\n<\/tr>\n<tr>\n<td>Endstand:<\/td>\n<td>2:5 (1:3)\n<\/td>\n<\/tr>\n<tr>\n<td>Torsch\u00fctzen:<\/td>\n<td>Hirscher (25.), Granzer (46.); M\u00e4tzler (5., 69.), Rafraider (13.), H\u00f6rmayer (36.), Gayer (68.)\n<\/td>\n<\/tr>\n<tr>\n<td>Gelbe Karten:<\/td>\n<td>\n<\/td>\n<\/tr>\n<tr>\n<td>Gelb-Rote Karten:<\/td>\n<td>\n<\/td>\n<\/tr>\n<tr>\n<td>Rote Karten:<\/td>\n<td>\n<\/td>\n<\/tr>\n<tr>\n<td>Schiedsrichter:<\/td>\n<td>Ferdinand Marschall\n<\/td>\n<\/tr>\n<tr>\n<td>Stadion:<\/td>\n<td>Austria-Platz, Lehen\n<\/td>\n<\/tr>\n<tr>\n<td>Zuschauer:<\/td>\n<td>8 500\n<\/td>\n<\/tr>\n<\/tbody>\n<\/table>\n<\/div>\n","protected":false},"excerpt":{"rendered":"<p>Nationalliga, 8. Runde 1965\/66, 23. Oktober 1965, 15 Uhr SV Austria Salzburg gegen Wiener Sportclub, 2:5 Aufstellung: Ersoy S\u00fckr\u00fc (25. Josef K\u00f6pf) Johann Gegenhuber Werner Breitenfelder Karl Karel Anton Zaunreither Hannes Granzer Reinhard Jung Ern\u00f6 Frank Roland Hirscher Johann Furthmayer Adolf Macek Endstand: 2:5 (1:3) Torsch\u00fctzen: Hirscher (25.), Granzer (46.); M\u00e4tzler (5., 69.), Rafraider (13.), [&hellip;]<\/p>\n","protected":false},"author":1,"featured_media":0,"comment_status":"open","ping_status":"open","sticky":false,"template":"","format":"standard","meta":{"footnotes":""},"categories":[2081],"tags":[],"class_list":["post-2632","post","type-post","status-publish","format-standard","hentry","category-8-runde-nationalliga-saison-1965"],"_links":{"self":[{"href":"https:\/\/wiki.s12.at\/index.php\/wp-json\/wp\/v2\/posts\/2632","targetHints":{"allow":["GET"]}}],"collection":[{"href":"https:\/\/wiki.s12.at\/index.php\/wp-json\/wp\/v2\/posts"}],"about":[{"href":"https:\/\/wiki.s12.at\/index.php\/wp-json\/wp\/v2\/types\/post"}],"author":[{"embeddable":true,"href":"https:\/\/wiki.s12.at\/index.php\/wp-json\/wp\/v2\/users\/1"}],"replies":[{"embeddable":true,"href":"https:\/\/wiki.s12.at\/index.php\/wp-json\/wp\/v2\/comments?post=2632"}],"version-history":[{"count":0,"href":"https:\/\/wiki.s12.at\/index.php\/wp-json\/wp\/v2\/posts\/2632\/revisions"}],"wp:attachment":[{"href":"https:\/\/wiki.s12.at\/index.php\/wp-json\/wp\/v2\/media?parent=2632"}],"wp:term":[{"taxonomy":"category","embeddable":true,"href":"https:\/\/wiki.s12.at\/index.php\/wp-json\/wp\/v2\/categories?post=2632"},{"taxonomy":"post_tag","embeddable":true,"href":"https:\/\/wiki.s12.at\/index.php\/wp-json\/wp\/v2\/tags?post=2632"}],"curies":[{"name":"wp","href":"https:\/\/api.w.org\/{rel}","templated":true}]}}