{"id":2627,"date":"2026-05-06T14:38:56","date_gmt":"2026-05-06T12:38:56","guid":{"rendered":"https:\/\/wiki.s12.at\/index.php\/2026\/05\/06\/8-runde-bundesliga-saison-1995-96-austria-salzburg-vorwaerts-steyr\/"},"modified":"2026-05-06T14:38:56","modified_gmt":"2026-05-06T12:38:56","slug":"8-runde-bundesliga-saison-1995-96-austria-salzburg-vorwaerts-steyr","status":"publish","type":"post","link":"https:\/\/wiki.s12.at\/index.php\/2026\/05\/06\/8-runde-bundesliga-saison-1995-96-austria-salzburg-vorwaerts-steyr\/","title":{"rendered":"96, Austria Salzburg &#8211; Vorw\u00e4rts Steyr"},"content":{"rendered":"<div class=\"mw-parser-output\">\n<h3><span class=\"mw-headline\" id=\"Fakten\">Fakten<\/span><a href=\"\/index.php?title=8._Runde,_Bundesliga_Saison_1995\/96,_Austria_Salzburg_-_Vorw%C3%A4rts_Steyr&amp;action=edit&amp;section=1\" title=\"Abschnitt bearbeiten: Fakten\">Bearbeiten<\/a><span class=\"mw-editsection-bracket\">]<\/span><\/span><\/h3>\n<p><b>Bundesliga &#8211; 8. Spieltag: 20. September 1995, 19 Uhr<\/b>\n<\/p>\n<table class=\"wikitable\">\n<caption><big>  SV Austria Salzburg gegen Vorw\u00e4rts Steyr,  4:0<\/big><br \/>\n<\/caption>\n<tbody>\n<tr>\n<td>Aufstellung:<\/td>\n<td><a href=\"\/Otto_Konrad\" title=\"Otto Konrad\">Otto Konrad<\/a> <a href=\"\/Wolfgang_Feiersinger\" title=\"Wolfgang Feiersinger\">Wolfgang Feiersinger<\/a> <a href=\"\/Leo_Lainer\" class=\"mw-redirect\" title=\"Leo Lainer\">Leo Lainer<\/a> <a href=\"\/Martin_Hiden\" title=\"Martin Hiden\">Martin Hiden<\/a> <a href=\"\/Franz_Aigner\" title=\"Franz Aigner\">Franz Aigner<\/a> (46. <a href=\"\/Adolf_H%C3%BCtter\" title=\"Adolf H\u00fctter\">Adolf H\u00fctter<\/a>) <a href=\"\/Christian_Prosenik\" title=\"Christian Prosenik\">Christian Prosenik<\/a> <a href=\"\/Dejan_Racunica\" class=\"mw-redirect\" title=\"Dejan Racunica\">Dejan Racunica<\/a> <a href=\"\/Mladen_Mladenovic\" title=\"Mladen Mladenovic\">Mladen Mladenovic<\/a> <a href=\"\/Tomislav_Kocijan\" title=\"Tomislav Kocijan\">Tomislav Kocijan<\/a> (79. <a href=\"\/Peter_Artner\" title=\"Peter Artner\">Peter Artner<\/a>) <a href=\"\/Ralph_Hasenh%C3%BCttl\" title=\"Ralph Hasenh\u00fcttl\">Ralph Hasenh\u00fcttl<\/a> (69. <a href=\"\/Hermann_Stadler\" title=\"Hermann Stadler\">Hermann Stadler<\/a>) <a href=\"\/Heimo_Pfeifenberger\" title=\"Heimo Pfeifenberger\">Heimo Pfeifenberger<\/a>\n<\/td>\n<\/tr>\n<tr>\n<td>Endstand:<\/td>\n<td>4:0 (3:0)\n<\/td>\n<\/tr>\n<tr>\n<td>Torsch\u00fctzen:<\/td>\n<td>Pfeifenberger (11., 15.), Mladenovic (18., 46.)\n<\/td>\n<\/tr>\n<tr>\n<td>Gelbe Karten:<\/td>\n<td>Lainer (47.); Schrammel (35.), Pfister (52.), Madlener (72.), Fuchsbichler (76.)\n<\/td>\n<\/tr>\n<tr>\n<td>Gelb-rote Karten:<\/td>\n<td>\n<\/td>\n<\/tr>\n<tr>\n<td>Rote Karten:<\/td>\n<td>\n<\/td>\n<\/tr>\n<tr>\n<td>Schiedsrichter:<\/td>\n<td>Johann Liebert\n<\/td>\n<\/tr>\n<tr>\n<td>Stadion:<\/td>\n<td>Lehener Stadion, Salzburg\n<\/td>\n<\/tr>\n<tr>\n<td>Zuschauer:<\/td>\n<td>9 000\n<\/td>\n<\/tr>\n<\/tbody>\n<\/table>\n<\/div>\n","protected":false},"excerpt":{"rendered":"<p>FaktenBearbeiten] Bundesliga &#8211; 8. Spieltag: 20. September 1995, 19 Uhr SV Austria Salzburg gegen Vorw\u00e4rts Steyr, 4:0 Aufstellung: Otto Konrad Wolfgang Feiersinger Leo Lainer Martin Hiden Franz Aigner (46. Adolf H\u00fctter) Christian Prosenik Dejan Racunica Mladen Mladenovic Tomislav Kocijan (79. Peter Artner) Ralph Hasenh\u00fcttl (69. Hermann Stadler) Heimo Pfeifenberger Endstand: 4:0 (3:0) Torsch\u00fctzen: Pfeifenberger (11., [&hellip;]<\/p>\n","protected":false},"author":1,"featured_media":0,"comment_status":"open","ping_status":"open","sticky":false,"template":"","format":"standard","meta":{"footnotes":""},"categories":[2078],"tags":[],"class_list":["post-2627","post","type-post","status-publish","format-standard","hentry","category-8-runde-bundesliga-saison-1995"],"_links":{"self":[{"href":"https:\/\/wiki.s12.at\/index.php\/wp-json\/wp\/v2\/posts\/2627","targetHints":{"allow":["GET"]}}],"collection":[{"href":"https:\/\/wiki.s12.at\/index.php\/wp-json\/wp\/v2\/posts"}],"about":[{"href":"https:\/\/wiki.s12.at\/index.php\/wp-json\/wp\/v2\/types\/post"}],"author":[{"embeddable":true,"href":"https:\/\/wiki.s12.at\/index.php\/wp-json\/wp\/v2\/users\/1"}],"replies":[{"embeddable":true,"href":"https:\/\/wiki.s12.at\/index.php\/wp-json\/wp\/v2\/comments?post=2627"}],"version-history":[{"count":0,"href":"https:\/\/wiki.s12.at\/index.php\/wp-json\/wp\/v2\/posts\/2627\/revisions"}],"wp:attachment":[{"href":"https:\/\/wiki.s12.at\/index.php\/wp-json\/wp\/v2\/media?parent=2627"}],"wp:term":[{"taxonomy":"category","embeddable":true,"href":"https:\/\/wiki.s12.at\/index.php\/wp-json\/wp\/v2\/categories?post=2627"},{"taxonomy":"post_tag","embeddable":true,"href":"https:\/\/wiki.s12.at\/index.php\/wp-json\/wp\/v2\/tags?post=2627"}],"curies":[{"name":"wp","href":"https:\/\/api.w.org\/{rel}","templated":true}]}}