{"id":2570,"date":"2026-05-06T14:37:38","date_gmt":"2026-05-06T12:37:38","guid":{"rendered":"https:\/\/wiki.s12.at\/index.php\/2026\/05\/06\/7-runde-saison-2016-17-admira-wacker-moedling-gegen-fc-red-bull-salzburg\/"},"modified":"2026-05-06T14:37:38","modified_gmt":"2026-05-06T12:37:38","slug":"7-runde-saison-2016-17-admira-wacker-moedling-gegen-fc-red-bull-salzburg","status":"publish","type":"post","link":"https:\/\/wiki.s12.at\/index.php\/2026\/05\/06\/7-runde-saison-2016-17-admira-wacker-moedling-gegen-fc-red-bull-salzburg\/","title":{"rendered":"17, Admira Wacker M\u00f6dling gegen FC Red Bull Salzburg"},"content":{"rendered":"<div class=\"mw-parser-output\">\n<h2><span class=\"mw-headline\" id=\"Fakten\">Fakten<\/span><a href=\"\/index.php?title=7._Runde,_Saison_2016\/17,_Admira_Wacker_M%C3%B6dling_gegen_FC_Red_Bull_Salzburg&amp;action=edit&amp;section=1\" title=\"Abschnitt bearbeiten: Fakten\">Bearbeiten<\/a><span class=\"mw-editsection-bracket\">]<\/span><\/span><\/h2>\n<table class=\"toptextcells toccolours\">\n<tbody>\n<tr>\n<th colspan=\"2\" style=\"text-align: center; vertical-align: top; padding: 0.3em 0.8em; font-size: 125%; background-color: lightsteelblue;\">Admira Wacker M\u00f6dling gegen FC Red Bull Salzburg, 0:4\n<\/th>\n<\/tr>\n<tr>\n<th style=\"text-align:left;\"><b>Spieltag<\/b>\n<\/th>\n<th style=\"text-align:left;\">Bundesliga &#8211; 7. Spieltag\n<\/th>\n<\/tr>\n<tr>\n<th style=\"text-align:left;\"><b>Datum<\/b>\n<\/th>\n<th style=\"text-align:left;\">11. September 2016\n<\/th>\n<\/tr>\n<tr>\n<th style=\"text-align:left;\"><b>Anpfiff<\/b>\n<\/th>\n<th style=\"text-align:left;\">16.30 Uhr\n<\/th>\n<\/tr>\n<tr>\n<td colspan=\"2\" style=\"text-align:center;\" bgcolor=\"lightgray\"><b>Aufstellung<\/b>\n<\/td>\n<\/tr>\n<tr>\n<th style=\"text-align:left;\"><b>Tor<\/b>\n<\/th>\n<th><a href=\"\/Alexander_Walke\" title=\"Alexander Walke\">Alexander Walke<\/a>\n<\/th>\n<\/tr>\n<tr>\n<th style=\"text-align:left;\"><b>Verteidigung<\/b>\n<\/th>\n<th><a href=\"\/Stefan_Lainer\" title=\"Stefan Lainer\">Stefan Lainer<\/a> &#8211; <a href=\"\/Paulo_Miranda\" title=\"Paulo Miranda\">Paulo Miranda<\/a> &#8211; <a href=\"\/Duje_Caleta-Car\" title=\"Duje Caleta-Car\">Duje Caleta-Car<\/a> &#8211; <a href=\"\/Andreas_Ulmer\" title=\"Andreas Ulmer\">Andreas Ulmer<\/a>\n<\/th>\n<\/tr>\n<tr>\n<th style=\"text-align:left;\"><b>Mittelfeld<\/b>\n<\/th>\n<th><a href=\"\/Konrad_Laimer\" title=\"Konrad Laimer\">Konrad Laimer<\/a> &#8211; <a href=\"\/Dayot_Upamecano\" title=\"Dayot Upamecano\">Dayot Upamecano<\/a> &#8211; <a href=\"\/Valon_Berisha\" title=\"Valon Berisha\">Valon Berisha<\/a>&#8211; <a href=\"\/Wanderson\" title=\"Wanderson\">Wanderson<\/a> &#8211; <a href=\"\/Valentino_Lazaro\" title=\"Valentino Lazaro\">Valentino Lazaro<\/a>\n<\/th>\n<\/tr>\n<tr>\n<th style=\"text-align:left;\"><b>Sturm<\/b>\n<\/th>\n<th><a href=\"\/Jonatan_Soriano\" title=\"Jonatan Soriano\">Jonatan Soriano<\/a>\n<\/th>\n<\/tr>\n<tr>\n<td colspan=\"2\" style=\"text-align:center;\" bgcolor=\"lightgray\"><b>Wechsel<\/b>\n<\/td>\n<\/tr>\n<tr>\n<th style=\"text-align:left;\"><b>Wechsel<\/b>\n<\/th>\n<th style=\"text-align:left;\"><a href=\"\/Josip_Radosevic\" title=\"Josip Radosevic\">Josip Radosevic<\/a> f\u00fcr Lazaro (63.), <a href=\"\/Takumi_Minamino\" title=\"Takumi Minamino\">Takumi Minamino<\/a> f\u00fcr Berisha (75.), <a href=\"\/Andre_Wisdom\" title=\"Andre Wisdom\">Andre Wisdom<\/a> f\u00fcr Miranda (78.)\n<\/th>\n<\/tr>\n<tr>\n<td colspan=\"2\" style=\"text-align:center;\" bgcolor=\"lightgray\"><b>Statistik<\/b>\n<\/td>\n<\/tr>\n<tr>\n<th style=\"text-align:left;\"><b>Endstand<\/b>\n<\/th>\n<th style=\"text-align:left;\">0:4 (0:1)\n<\/th>\n<\/tr>\n<tr>\n<th style=\"text-align:left;\"><b>Torsch\u00fctzen<\/b>\n<\/th>\n<th style=\"text-align:left;\">Soriano (9.), Miranda (53.), Minamino (85., 88.)\n<\/th>\n<\/tr>\n<tr>\n<th style=\"text-align:left;\"><b>Gelbe Karten<\/b>\n<\/th>\n<th style=\"text-align:left;\">Berisha (59.), Wanderson (72.)\n<\/th>\n<\/tr>\n<tr>\n<th style=\"text-align:left;\"><b>Rote Karten<\/b>\n<\/th>\n<th style=\"text-align:left;\">\n<\/th>\n<\/tr>\n<tr>\n<th style=\"text-align:left;\"><b>Schiedsrichter<\/b>\n<\/th>\n<th style=\"text-align:left;\">Robert Sch\u00f6rgenhofer\n<\/th>\n<\/tr>\n<tr>\n<th style=\"text-align:left;\"><b>Stadion<\/b>\n<\/th>\n<th style=\"text-align:left;\">Bundesstadion S\u00fcdstadt\n<\/th>\n<\/tr>\n<tr>\n<th style=\"text-align:left;\"><b>Zuschauer<\/b>\n<\/th>\n<th style=\"text-align:left;\">\n<\/th>\n<\/tr>\n<\/tbody>\n<\/table>\n<h2><span class=\"mw-headline\" id=\"Bilder\">Bilder<\/span><a href=\"\/index.php?title=7._Runde,_Saison_2016\/17,_Admira_Wacker_M%C3%B6dling_gegen_FC_Red_Bull_Salzburg&amp;action=edit&amp;section=2\" title=\"Abschnitt bearbeiten: Bilder\">Bearbeiten<\/a><span class=\"mw-editsection-bracket\">]<\/span><\/span><\/h2>\n<p>(c) GEPA\n<\/p>\n<ul class=\"gallery mw-gallery-traditional\">\n<li class=\"gallerybox\" style=\"width: 155px\">\n<div style=\"width: 155px\">\n<div class=\"thumb\" style=\"width: 150px;\">\n<div style=\"margin:37px auto;\"><a href=\"\/Datei:ADM_SBG_(3).jpg\" class=\"image\"><img alt=\"ADM SBG (3).jpg\" src=\"\/images\/thumb\/8\/85\/ADM_SBG_%283%29.jpg\/120px-ADM_SBG_%283%29.jpg\" decoding=\"async\" width=\"120\" height=\"76\" srcset=\"\/images\/thumb\/8\/85\/ADM_SBG_%283%29.jpg\/180px-ADM_SBG_%283%29.jpg 1.5x, \/images\/thumb\/8\/85\/ADM_SBG_%283%29.jpg\/240px-ADM_SBG_%283%29.jpg 2x\" \/><\/a><\/div>\n<\/div>\n<div class=\"gallerytext\">\n\t\t\t<\/div>\n<\/p><\/div>\n<\/li>\n<li class=\"gallerybox\" style=\"width: 155px\">\n<div style=\"width: 155px\">\n<div class=\"thumb\" style=\"width: 150px;\">\n<div style=\"margin:34px auto;\"><a href=\"\/Datei:ADM_SBG_(1).jpg\" class=\"image\"><img alt=\"ADM SBG (1).jpg\" src=\"\/images\/thumb\/c\/cd\/ADM_SBG_%281%29.jpg\/120px-ADM_SBG_%281%29.jpg\" decoding=\"async\" width=\"120\" height=\"82\" srcset=\"\/images\/thumb\/c\/cd\/ADM_SBG_%281%29.jpg\/180px-ADM_SBG_%281%29.jpg 1.5x, \/images\/thumb\/c\/cd\/ADM_SBG_%281%29.jpg\/240px-ADM_SBG_%281%29.jpg 2x\" \/><\/a><\/div>\n<\/div>\n<div class=\"gallerytext\">\n\t\t\t<\/div>\n<\/p><\/div>\n<\/li>\n<li class=\"gallerybox\" style=\"width: 155px\">\n<div style=\"width: 155px\">\n<div class=\"thumb\" style=\"width: 150px;\">\n<div style=\"margin:34px auto;\"><a href=\"\/Datei:ADM_SBG_(2).jpg\" class=\"image\"><img alt=\"ADM SBG (2).jpg\" src=\"\/images\/thumb\/9\/9f\/ADM_SBG_%282%29.jpg\/120px-ADM_SBG_%282%29.jpg\" decoding=\"async\" width=\"120\" height=\"82\" srcset=\"\/images\/thumb\/9\/9f\/ADM_SBG_%282%29.jpg\/180px-ADM_SBG_%282%29.jpg 1.5x, \/images\/thumb\/9\/9f\/ADM_SBG_%282%29.jpg\/240px-ADM_SBG_%282%29.jpg 2x\" \/><\/a><\/div>\n<\/div>\n<div class=\"gallerytext\">\n\t\t\t<\/div>\n<\/p><\/div>\n<\/li>\n<\/ul>\n<p>(c)Fanfotos\n<\/p>\n<ul class=\"gallery mw-gallery-traditional\">\n<li class=\"gallerybox\" style=\"width: 155px\">\n<div style=\"width: 155px\">\n<div class=\"thumb\" style=\"width: 150px;\">\n<div style=\"margin:41.5px auto;\"><a href=\"\/Datei:Adm_Sbg_(3).jpg\" class=\"image\"><img loading=\"lazy\" alt=\"Adm Sbg (3).jpg\" src=\"\/images\/thumb\/1\/1e\/Adm_Sbg_%283%29.jpg\/120px-Adm_Sbg_%283%29.jpg\" decoding=\"async\" width=\"120\" height=\"67\" srcset=\"\/images\/thumb\/1\/1e\/Adm_Sbg_%283%29.jpg\/180px-Adm_Sbg_%283%29.jpg 1.5x, \/images\/thumb\/1\/1e\/Adm_Sbg_%283%29.jpg\/240px-Adm_Sbg_%283%29.jpg 2x\" \/><\/a><\/div>\n<\/div>\n<div class=\"gallerytext\">\n\t\t\t<\/div>\n<\/p><\/div>\n<\/li>\n<li class=\"gallerybox\" style=\"width: 155px\">\n<div style=\"width: 155px\">\n<div class=\"thumb\" style=\"width: 150px;\">\n<div style=\"margin:62.5px auto;\"><a href=\"\/Datei:Adm_Sbg_(1).jpg\" class=\"image\"><img loading=\"lazy\" alt=\"Adm Sbg (1).jpg\" src=\"\/images\/thumb\/c\/ce\/Adm_Sbg_%281%29.jpg\/120px-Adm_Sbg_%281%29.jpg\" decoding=\"async\" width=\"120\" height=\"25\" srcset=\"\/images\/thumb\/c\/ce\/Adm_Sbg_%281%29.jpg\/180px-Adm_Sbg_%281%29.jpg 1.5x, \/images\/thumb\/c\/ce\/Adm_Sbg_%281%29.jpg\/240px-Adm_Sbg_%281%29.jpg 2x\" \/><\/a><\/div>\n<\/div>\n<div class=\"gallerytext\">\n\t\t\t<\/div>\n<\/p><\/div>\n<\/li>\n<\/ul>\n<h2><span class=\"mw-headline\" id=\"Weblinks\">Weblinks<\/span><a href=\"\/index.php?title=7._Runde,_Saison_2016\/17,_Admira_Wacker_M%C3%B6dling_gegen_FC_Red_Bull_Salzburg&amp;action=edit&amp;section=3\" title=\"Abschnitt bearbeiten: Weblinks\">Bearbeiten<\/a><span class=\"mw-editsection-bracket\">]<\/span><\/span><\/h2>\n<p><a rel=\"nofollow\" class=\"external text\" href=\"http:\/\/www.redbullsalzburg.at\/de\/fc-red-bull-salzburg\/news\/saison_2016_17\/rote-bullen-gewinnen-auswaerts-bei-der-admira.html\">Spielbericht Vereinshomepage<\/a>\n<\/p>\n<h2><span class=\"mw-headline\" id=\"Stimmen_zum_Spiel\">Stimmen zum Spiel<\/span><a href=\"\/index.php?title=7._Runde,_Saison_2016\/17,_Admira_Wacker_M%C3%B6dling_gegen_FC_Red_Bull_Salzburg&amp;action=edit&amp;section=4\" title=\"Abschnitt bearbeiten: Stimmen zum Spiel\">Bearbeiten<\/a><span class=\"mw-editsection-bracket\">]<\/span><\/span><\/h2>\n<p><b>Oscar Garcia:<\/b> Ich bin mit dem Ergebnis des Spiels sehr zufrieden, mit der Chancenauswertung noch nicht so ganz. Aber es war heute wirklich erbarmungslos hei\u00df, und ich habe nicht das Gef\u00fchl gehabt, dass meine Spieler den Biss verloren h\u00e4tten. Deshalb bin ich sehr stolz auf meine Mannschaft.\n<\/p>\n<p><b>Jonatan Soriano:<\/b> Wir haben diese spezielle Freisto\u00dfvariante so vielleicht nicht einstudiert, aber zwischen Valon und mir klappt die Kommunikation sehr gut, wie man gesehen hat. Mir geht es schon wieder sehr gut. Ich f\u00fchle mich wieder fit und brauche jetzt einfach viele Spiele. Wir haben heute sehr gut gespielt und verdient gewonnen. Diese Siege sind wichtig f\u00fcr uns, um Selbstvertrauen f\u00fcr die Europa League zu tanken.\n<\/p>\n<\/div>\n","protected":false},"excerpt":{"rendered":"<p>FaktenBearbeiten] Admira Wacker M\u00f6dling gegen FC Red Bull Salzburg, 0:4 Spieltag Bundesliga &#8211; 7. Spieltag Datum 11. September 2016 Anpfiff 16.30 Uhr Aufstellung Tor Alexander Walke Verteidigung Stefan Lainer &#8211; Paulo Miranda &#8211; Duje Caleta-Car &#8211; Andreas Ulmer Mittelfeld Konrad Laimer &#8211; Dayot Upamecano &#8211; Valon Berisha&#8211; Wanderson &#8211; Valentino Lazaro Sturm Jonatan Soriano Wechsel [&hellip;]<\/p>\n","protected":false},"author":1,"featured_media":0,"comment_status":"open","ping_status":"open","sticky":false,"template":"","format":"standard","meta":{"footnotes":""},"categories":[2033],"tags":[],"class_list":["post-2570","post","type-post","status-publish","format-standard","hentry","category-7-runde-saison-2016"],"_links":{"self":[{"href":"https:\/\/wiki.s12.at\/index.php\/wp-json\/wp\/v2\/posts\/2570","targetHints":{"allow":["GET"]}}],"collection":[{"href":"https:\/\/wiki.s12.at\/index.php\/wp-json\/wp\/v2\/posts"}],"about":[{"href":"https:\/\/wiki.s12.at\/index.php\/wp-json\/wp\/v2\/types\/post"}],"author":[{"embeddable":true,"href":"https:\/\/wiki.s12.at\/index.php\/wp-json\/wp\/v2\/users\/1"}],"replies":[{"embeddable":true,"href":"https:\/\/wiki.s12.at\/index.php\/wp-json\/wp\/v2\/comments?post=2570"}],"version-history":[{"count":0,"href":"https:\/\/wiki.s12.at\/index.php\/wp-json\/wp\/v2\/posts\/2570\/revisions"}],"wp:attachment":[{"href":"https:\/\/wiki.s12.at\/index.php\/wp-json\/wp\/v2\/media?parent=2570"}],"wp:term":[{"taxonomy":"category","embeddable":true,"href":"https:\/\/wiki.s12.at\/index.php\/wp-json\/wp\/v2\/categories?post=2570"},{"taxonomy":"post_tag","embeddable":true,"href":"https:\/\/wiki.s12.at\/index.php\/wp-json\/wp\/v2\/tags?post=2570"}],"curies":[{"name":"wp","href":"https:\/\/api.w.org\/{rel}","templated":true}]}}