{"id":2566,"date":"2026-05-06T14:37:33","date_gmt":"2026-05-06T12:37:33","guid":{"rendered":"https:\/\/wiki.s12.at\/index.php\/2026\/05\/06\/7-runde-saison-2014-15-fc-red-bull-salzburg-gegen-sk-sturm-graz\/"},"modified":"2026-05-06T14:37:33","modified_gmt":"2026-05-06T12:37:33","slug":"7-runde-saison-2014-15-fc-red-bull-salzburg-gegen-sk-sturm-graz","status":"publish","type":"post","link":"https:\/\/wiki.s12.at\/index.php\/2026\/05\/06\/7-runde-saison-2014-15-fc-red-bull-salzburg-gegen-sk-sturm-graz\/","title":{"rendered":"15, FC Red Bull Salzburg gegen SK Sturm Graz"},"content":{"rendered":"<div class=\"mw-parser-output\">\n<h2><span class=\"mw-headline\" id=\"Fakten\">Fakten<\/span><a href=\"\/index.php?title=7._Runde,_Saison_2014\/15,_FC_Red_Bull_Salzburg_gegen_SK_Sturm_Graz&amp;action=edit&amp;section=1\" title=\"Abschnitt bearbeiten: Fakten\">Bearbeiten<\/a><span class=\"mw-editsection-bracket\">]<\/span><\/span><\/h2>\n<table class=\"toptextcells toccolours\">\n<tbody>\n<tr>\n<th colspan=\"2\" style=\"text-align: center; vertical-align: top; padding: 0.3em 0.8em; font-size: 125%; background-color: lightsteelblue;\">FC Red Bull Salzburg gegen SK Sturm Graz, 2:3\n<\/th>\n<\/tr>\n<tr>\n<th style=\"text-align:left;\"><b>Spieltag<\/b>\n<\/th>\n<th style=\"text-align:left;\">Bundesliga &#8211; 7. Spieltag\n<\/th>\n<\/tr>\n<tr>\n<th style=\"text-align:left;\"><b>Datum<\/b>\n<\/th>\n<th style=\"text-align:left;\">30. August 2014\n<\/th>\n<\/tr>\n<tr>\n<th style=\"text-align:left;\"><b>Anpfiff<\/b>\n<\/th>\n<th style=\"text-align:left;\">16.30 Uhr\n<\/th>\n<\/tr>\n<tr>\n<td colspan=\"2\" style=\"text-align:center;\" bgcolor=\"lightgray\"><b>Aufstellung<\/b>\n<\/td>\n<\/tr>\n<tr>\n<th style=\"text-align:left;\"><b>Tor<\/b>\n<\/th>\n<th><a href=\"\/Peter_Gulacsi\" class=\"mw-redirect\" title=\"Peter Gulacsi\">Peter Gulacsi<\/a>\n<\/th>\n<\/tr>\n<tr>\n<th style=\"text-align:left;\"><b>Verteidigung<\/b>\n<\/th>\n<th><a href=\"\/Christian_Schwegler\" title=\"Christian Schwegler\">Christian Schwegler<\/a> &#8211; <a href=\"\/Martin_Hinteregger\" title=\"Martin Hinteregger\">Martin Hinteregger<\/a> &#8211; <a href=\"\/Andre_Ramalho\" class=\"mw-redirect\" title=\"Andre Ramalho\">Andre Ramalho<\/a> &#8211; <a href=\"\/Peter_Ankersen\" title=\"Peter Ankersen\">Peter Ankersen<\/a>\n<\/th>\n<\/tr>\n<tr>\n<th style=\"text-align:left;\"><b>Mittelfeld<\/b>\n<\/th>\n<th><a href=\"\/Stefan_Ilsanker\" title=\"Stefan Ilsanker\">Stefan Ilsanker<\/a> &#8211; <a href=\"\/Kevin_Kampl\" title=\"Kevin Kampl\">Kevin Kampl<\/a> &#8211; <a href=\"\/Christoph_Leitgeb\" title=\"Christoph Leitgeb\">Christoph Leitgeb<\/a> &#8211; <a href=\"\/Marcel_Sabitzer\" title=\"Marcel Sabitzer\">Marcel Sabitzer<\/a>\n<\/th>\n<\/tr>\n<tr>\n<th style=\"text-align:left;\"><b>Sturm<\/b>\n<\/th>\n<th><a href=\"\/Jonatan_Soriano\" title=\"Jonatan Soriano\">Jonatan Soriano<\/a> &#8211; <a href=\"\/Alan\" title=\"Alan\">Alan<\/a>\n<\/th>\n<\/tr>\n<tr>\n<td colspan=\"2\" style=\"text-align:center;\" bgcolor=\"lightgray\"><b>Wechsel<\/b>\n<\/td>\n<\/tr>\n<tr>\n<th style=\"text-align:left;\"><b>Wechsel<\/b>\n<\/th>\n<th style=\"text-align:left;\"><a href=\"\/Valentino_Lazaro\" title=\"Valentino Lazaro\">Valentino Lazaro<\/a> f\u00fcr Alan (72.)\n<\/th>\n<\/tr>\n<tr>\n<td colspan=\"2\" style=\"text-align:center;\" bgcolor=\"lightgray\"><b>Statistik<\/b>\n<\/td>\n<\/tr>\n<tr>\n<th style=\"text-align:left;\"><b>Endstand<\/b>\n<\/th>\n<th style=\"text-align:left;\">2:3 (1:2)\n<\/th>\n<\/tr>\n<tr>\n<th style=\"text-align:left;\"><b>Torsch\u00fctzen<\/b>\n<\/th>\n<th style=\"text-align:left;\">Kampl (36.), Soriano (55.); Stankovic (4., 14.), Djuricin (90.)\n<\/th>\n<\/tr>\n<tr>\n<th style=\"text-align:left;\"><b>Gelbe Karten<\/b>\n<\/th>\n<th style=\"text-align:left;\">Ramalho (20.), Leitgeb (29.), Soriano (29.), Ilsanker (65.);Beichler (42.), Hadzic (73.), Djuricin (76.), Klem (78.),<br \/> Stankovic (80.), Madl (83.)\n<\/th>\n<\/tr>\n<tr>\n<th style=\"text-align:left;\"><b>Rote Karten<\/b>\n<\/th>\n<th style=\"text-align:left;\">\n<\/th>\n<\/tr>\n<tr>\n<th style=\"text-align:left;\"><b>Schiedsrichter<\/b>\n<\/th>\n<th style=\"text-align:left;\">Markus Hameter\n<\/th>\n<\/tr>\n<tr>\n<th style=\"text-align:left;\"><b>Stadion<\/b>\n<\/th>\n<th style=\"text-align:left;\"><a href=\"\/index.php?title=Red_Bull_Arena&amp;action=edit&amp;redlink=1\" class=\"new\" title=\"Red Bull Arena (Seite nicht vorhanden)\">Red Bull Arena<\/a>, Salzburg\n<\/th>\n<\/tr>\n<tr>\n<th style=\"text-align:left;\"><b>Zuschauer<\/b>\n<\/th>\n<th style=\"text-align:left;\">8 359\n<\/th>\n<\/tr>\n<\/tbody>\n<\/table>\n<p>\n<\/p>\n<h2><span class=\"mw-headline\" id=\"Bilder\">Bilder<\/span><a href=\"\/index.php?title=7._Runde,_Saison_2014\/15,_FC_Red_Bull_Salzburg_gegen_SK_Sturm_Graz&amp;action=edit&amp;section=2\" title=\"Abschnitt bearbeiten: Bilder\">Bearbeiten<\/a><span class=\"mw-editsection-bracket\">]<\/span><\/span><\/h2>\n<p><img alt=\"\" src=\"\/images\/thumb\/4\/4a\/Commons-logo.svg\/langde-20px-Commons-logo.svg.png%3Futm_source%3Dcommons.wikimedia.org%26utm_campaign%3Dimageinfo%26utm_content%3Dthumbnail\" decoding=\"async\" title=\"Commons\" width=\"12\" height=\"16\" srcset=\"\/images\/thumb\/4\/4a\/Commons-logo.svg\/langde-40px-Commons-logo.svg.png%3Futm_source%3Dcommons.wikimedia.org%26utm_campaign%3Dimageinfo%26utm_content%3Dthumbnail 2x\" \/>&#160;<b><a href=\"http:\/\/commons.wikimedia.org\/wiki\/Category:FC_Red_Bull_Salzburg_gegen_SK_Sturm_Graz_(30._August_2014)\" class=\"extiw\" title=\"commons:Category:FC Red Bull Salzburg gegen SK Sturm Graz (30. August 2014)\">7. Runde, Saison 2014\/15, FC Red Bull Salzburg gegen SK Sturm Graz<\/a><\/b>&#160;\u2013 Sammlung von Bildern, Videos und Audiodateien auf <a href=\"\/Wikimedia_Commons\" title=\"Wikimedia Commons\">Wikimedia Commons<\/a>\n<\/p>\n<h2><span class=\"mw-headline\" id=\"Weblinks\">Weblinks<\/span><a href=\"\/index.php?title=7._Runde,_Saison_2014\/15,_FC_Red_Bull_Salzburg_gegen_SK_Sturm_Graz&amp;action=edit&amp;section=3\" title=\"Abschnitt bearbeiten: Weblinks\">Bearbeiten<\/a><span class=\"mw-editsection-bracket\">]<\/span><\/span><\/h2>\n<ul>\n<li><a rel=\"nofollow\" class=\"external text\" href=\"http:\/\/www.salzburg12.at\/2014\/08\/salzburg-aufholjagd-wird-nicht-belohnt\/\">Spielbericht salzburg12.at<\/a><\/li>\n<li><a rel=\"nofollow\" class=\"external text\" href=\"http:\/\/www.redbulls.com\/de\/fc-red-bull-salzburg\/news\/saison_2014_15\/last-minute-tor-besiegelt-erste-saison-niederlage.html\">Spielbericht Vereinshomepage<\/a><\/li>\n<\/ul>\n<p><center>&lt;youtube&gt;oGAzmhYQ-ms&lt;\/youtube&gt;<\/center><\/p>\n<h2><span class=\"mw-headline\" id=\"Stimmen_zum_Spiel\">Stimmen zum Spiel<\/span><a href=\"\/index.php?title=7._Runde,_Saison_2014\/15,_FC_Red_Bull_Salzburg_gegen_SK_Sturm_Graz&amp;action=edit&amp;section=4\" title=\"Abschnitt bearbeiten: Stimmen zum Spiel\">Bearbeiten<\/a><span class=\"mw-editsection-bracket\">]<\/span><\/span><\/h2>\n<p><b>Adi H\u00fctter:<\/b> &#8222;Nat\u00fcrlich haben wir den Nackenschlag vom Malm\u00f6-Spiel noch gesp\u00fcrt, haben aber nach dem 0:2 alles versucht, um wieder zur\u00fcck zu kommen. Ich kann der Mannschaft keinen Vorwuf machen. Jetzt haben wir in der 7. Runde die erste Niederlage hinnehmen m\u00fcssen, das ist sehr entt\u00e4uschend. Nun kommt die L\u00e4nderspielpause, die wir zum Aufladen der Akkus nutzen werden.&#8220;\n<\/p>\n<p><b>Kevin Kampl:<\/b> &#8222;Das ist eine bittere Niederlage. Wir sind schnell in R\u00fcckstand geraten, haben dann alles versucht, sind auch gut zur\u00fcck gekommen. Doch dann hat wieder ein sp\u00e4tes Gegentor das Spiel entschieden. Wir haben das CL-Aus noch gesp\u00fcrt. Jetzt tun uns die zwei Wochen Pause gut, um die K\u00f6pfe wieder frei zu bekommen. Und dann werden wir wieder aufstehen.&#8220;\n<\/p>\n<\/div>\n","protected":false},"excerpt":{"rendered":"<p>FaktenBearbeiten] FC Red Bull Salzburg gegen SK Sturm Graz, 2:3 Spieltag Bundesliga &#8211; 7. Spieltag Datum 30. August 2014 Anpfiff 16.30 Uhr Aufstellung Tor Peter Gulacsi Verteidigung Christian Schwegler &#8211; Martin Hinteregger &#8211; Andre Ramalho &#8211; Peter Ankersen Mittelfeld Stefan Ilsanker &#8211; Kevin Kampl &#8211; Christoph Leitgeb &#8211; Marcel Sabitzer Sturm Jonatan Soriano &#8211; Alan [&hellip;]<\/p>\n","protected":false},"author":1,"featured_media":0,"comment_status":"open","ping_status":"open","sticky":false,"template":"","format":"standard","meta":{"footnotes":""},"categories":[2031],"tags":[],"class_list":["post-2566","post","type-post","status-publish","format-standard","hentry","category-7-runde-saison-2014"],"_links":{"self":[{"href":"https:\/\/wiki.s12.at\/index.php\/wp-json\/wp\/v2\/posts\/2566","targetHints":{"allow":["GET"]}}],"collection":[{"href":"https:\/\/wiki.s12.at\/index.php\/wp-json\/wp\/v2\/posts"}],"about":[{"href":"https:\/\/wiki.s12.at\/index.php\/wp-json\/wp\/v2\/types\/post"}],"author":[{"embeddable":true,"href":"https:\/\/wiki.s12.at\/index.php\/wp-json\/wp\/v2\/users\/1"}],"replies":[{"embeddable":true,"href":"https:\/\/wiki.s12.at\/index.php\/wp-json\/wp\/v2\/comments?post=2566"}],"version-history":[{"count":0,"href":"https:\/\/wiki.s12.at\/index.php\/wp-json\/wp\/v2\/posts\/2566\/revisions"}],"wp:attachment":[{"href":"https:\/\/wiki.s12.at\/index.php\/wp-json\/wp\/v2\/media?parent=2566"}],"wp:term":[{"taxonomy":"category","embeddable":true,"href":"https:\/\/wiki.s12.at\/index.php\/wp-json\/wp\/v2\/categories?post=2566"},{"taxonomy":"post_tag","embeddable":true,"href":"https:\/\/wiki.s12.at\/index.php\/wp-json\/wp\/v2\/tags?post=2566"}],"curies":[{"name":"wp","href":"https:\/\/api.w.org\/{rel}","templated":true}]}}