{"id":2564,"date":"2026-05-06T14:37:31","date_gmt":"2026-05-06T12:37:31","guid":{"rendered":"https:\/\/wiki.s12.at\/index.php\/2026\/05\/06\/7-runde-saison-2013-14-austria-lustenau-gegen-fc-liefering\/"},"modified":"2026-05-06T14:37:31","modified_gmt":"2026-05-06T12:37:31","slug":"7-runde-saison-2013-14-austria-lustenau-gegen-fc-liefering","status":"publish","type":"post","link":"https:\/\/wiki.s12.at\/index.php\/2026\/05\/06\/7-runde-saison-2013-14-austria-lustenau-gegen-fc-liefering\/","title":{"rendered":"14, Austria Lustenau gegen FC Liefering"},"content":{"rendered":"<div class=\"mw-parser-output\">\n<h3><span class=\"mw-headline\" id=\"Fakten\">Fakten<\/span><a href=\"\/index.php?title=7._Runde,_Saison_2013\/14,_Austria_Lustenau_gegen_FC_Liefering&amp;action=edit&amp;section=1\" title=\"Abschnitt bearbeiten: Fakten\">Bearbeiten<\/a><span class=\"mw-editsection-bracket\">]<\/span><\/span><\/h3>\n<p><b>Heute f\u00fcr Morgen 1. Liga &#8211; 7. Spieltag: 23. August 2013, 18.30 Uhr<\/b><br \/>\n\n<\/p>\n<table class=\"wikitable\">\n<caption><big> <b>Austria Lustenau gegen FC Liefering, 3:3 <\/b><\/big><br \/>\n<\/caption>\n<tbody>\n<tr>\n<td>Aufstellung:<\/td>\n<td><a href=\"\/Thomas_D%C3%A4hne\" title=\"Thomas D\u00e4hne\">Thomas D\u00e4hne<\/a>\n<\/td>\n<\/tr>\n<tr>\n<td><\/td>\n<td><a href=\"\/Stefan_Lainer\" title=\"Stefan Lainer\">Stefan Lainer<\/a> <a href=\"\/Lukas_Gugganig\" title=\"Lukas Gugganig\">Lukas Gugganig<\/a> <a href=\"\/Andreas_Schrott\" title=\"Andreas Schrott\">Andreas Schrott<\/a> <a href=\"\/Felix_Adjei\" title=\"Felix Adjei\">Felix Adjei<\/a>\n<\/td>\n<\/tr>\n<tr>\n<td><\/td>\n<td><a href=\"\/Robert_V%C3%B6lkl\" title=\"Robert V\u00f6lkl\">Robert V\u00f6lkl<\/a>, <a href=\"\/Ante_Roguljic\" class=\"mw-redirect\" title=\"Ante Roguljic\">Ante Roguljic<\/a>, <a href=\"\/Michael_Brandner\" title=\"Michael Brandner\">Michael Brandner<\/a>, <a href=\"\/Ivan_Kovacec\" title=\"Ivan Kovacec\">Ivan Kovacec<\/a>\n<\/td>\n<\/tr>\n<tr>\n<td><\/td>\n<td><a href=\"\/Andreas_Bammer\" title=\"Andreas Bammer\">Andreas Bammer<\/a>\n<\/td>\n<\/tr>\n<tr>\n<td>Wechsel:<\/td>\n<td><a href=\"\/Martin_Rasner\" title=\"Martin Rasner\">Martin Rasner<\/a> f\u00fcr Brandner (46.), <a href=\"\/Mario_Konrad\" title=\"Mario Konrad\">Mario Konrad<\/a> f\u00fcr Bammer (69.)\n<\/td>\n<\/tr>\n<tr>\n<td>Endstand:<\/td>\n<td>3:3 (1:2)\n<\/td>\n<\/tr>\n<tr>\n<td>Torsch\u00fctzen:<\/td>\n<td>Schreter (10., E.), Andreas Schrott (59. ET.), Thiago (67.); Bammer (21., 33., 53.)\n<\/td>\n<\/tr>\n<tr>\n<td>Gelbe Karten:<\/td>\n<td>St\u00fcckler (33.), Kargbo (43.), Thiago (76.), Jailson (81.); Roguljic (14.), Bammer (45.+1), Kovacec (50.)\n<\/td>\n<\/tr>\n<tr>\n<td>Gelb-rote Karten:<\/td>\n<td>\n<\/td>\n<\/tr>\n<tr>\n<td>Rote Karten:<\/td>\n<td>\n<\/td>\n<\/tr>\n<tr>\n<td>Schiedsrichter:<\/td>\n<td>Andreas Feichtinger\n<\/td>\n<\/tr>\n<tr>\n<td>Stadion:<\/td>\n<td>Reichshofstadion, Lustenau\n<\/td>\n<\/tr>\n<tr>\n<td>Zuschauer:<\/td>\n<td>4 200\n<\/td>\n<\/tr>\n<\/tbody>\n<\/table>\n<h2><span class=\"mw-headline\" id=\"Stimmen_zum_Spiel\">Stimmen zum Spiel<\/span><a href=\"\/index.php?title=7._Runde,_Saison_2013\/14,_Austria_Lustenau_gegen_FC_Liefering&amp;action=edit&amp;section=2\" title=\"Abschnitt bearbeiten: Stimmen zum Spiel\">Bearbeiten<\/a><span class=\"mw-editsection-bracket\">]<\/span><\/span><\/h2>\n<ul>\n<li><b>Peter Zeidler:<\/b> &#8222;Alles in allem war es ein tolles Spiel vor einer gro\u00dfartigen Kulisse. Schade, dass wir nach dem 3:1 nicht das 4:1 gemacht haben, die Chancen waren da. Dann bekommst du so ein Juxtor, der Gegner wird mit Unterst\u00fctzung des Publikums noch einmal stark und schafft den Ausgleich. Was mir heute aber besonders gefallen hat war die Tatsache, dass meine Jungs nach dem Ausgleich mentale St\u00e4rke gezeigt haben, weiter nach vorne gespielt und noch tolle Chancen kreiert haben. Schade um den Lattenschuss kurz vor dem Ende. Aber das Unentschieden bringt uns nicht von unserem Weg ab.&#8220;<\/li>\n<\/ul>\n<\/div>\n","protected":false},"excerpt":{"rendered":"<p>FaktenBearbeiten] Heute f\u00fcr Morgen 1. Liga &#8211; 7. Spieltag: 23. August 2013, 18.30 Uhr Austria Lustenau gegen FC Liefering, 3:3 Aufstellung: Thomas D\u00e4hne Stefan Lainer Lukas Gugganig Andreas Schrott Felix Adjei Robert V\u00f6lkl, Ante Roguljic, Michael Brandner, Ivan Kovacec Andreas Bammer Wechsel: Martin Rasner f\u00fcr Brandner (46.), Mario Konrad f\u00fcr Bammer (69.) Endstand: 3:3 (1:2) [&hellip;]<\/p>\n","protected":false},"author":1,"featured_media":0,"comment_status":"open","ping_status":"open","sticky":false,"template":"","format":"standard","meta":{"footnotes":""},"categories":[2030],"tags":[],"class_list":["post-2564","post","type-post","status-publish","format-standard","hentry","category-7-runde-saison-2013"],"_links":{"self":[{"href":"https:\/\/wiki.s12.at\/index.php\/wp-json\/wp\/v2\/posts\/2564","targetHints":{"allow":["GET"]}}],"collection":[{"href":"https:\/\/wiki.s12.at\/index.php\/wp-json\/wp\/v2\/posts"}],"about":[{"href":"https:\/\/wiki.s12.at\/index.php\/wp-json\/wp\/v2\/types\/post"}],"author":[{"embeddable":true,"href":"https:\/\/wiki.s12.at\/index.php\/wp-json\/wp\/v2\/users\/1"}],"replies":[{"embeddable":true,"href":"https:\/\/wiki.s12.at\/index.php\/wp-json\/wp\/v2\/comments?post=2564"}],"version-history":[{"count":0,"href":"https:\/\/wiki.s12.at\/index.php\/wp-json\/wp\/v2\/posts\/2564\/revisions"}],"wp:attachment":[{"href":"https:\/\/wiki.s12.at\/index.php\/wp-json\/wp\/v2\/media?parent=2564"}],"wp:term":[{"taxonomy":"category","embeddable":true,"href":"https:\/\/wiki.s12.at\/index.php\/wp-json\/wp\/v2\/categories?post=2564"},{"taxonomy":"post_tag","embeddable":true,"href":"https:\/\/wiki.s12.at\/index.php\/wp-json\/wp\/v2\/tags?post=2564"}],"curies":[{"name":"wp","href":"https:\/\/api.w.org\/{rel}","templated":true}]}}