{"id":2554,"date":"2026-05-06T14:37:26","date_gmt":"2026-05-06T12:37:26","guid":{"rendered":"https:\/\/wiki.s12.at\/index.php\/2026\/05\/06\/7-runde-saison-2003-04-austria-salzburg-austria-wien\/"},"modified":"2026-05-06T14:37:26","modified_gmt":"2026-05-06T12:37:26","slug":"7-runde-saison-2003-04-austria-salzburg-austria-wien","status":"publish","type":"post","link":"https:\/\/wiki.s12.at\/index.php\/2026\/05\/06\/7-runde-saison-2003-04-austria-salzburg-austria-wien\/","title":{"rendered":"04, Austria Salzburg &#8211; Austria Wien"},"content":{"rendered":"<div class=\"mw-parser-output\">\n<h3><span class=\"mw-headline\" id=\"Fakten\">Fakten<\/span><a href=\"\/index.php?title=7._Runde,_Saison_2003\/04,_Austria_Salzburg_-_Austria_Wien&amp;action=edit&amp;section=1\" title=\"Abschnitt bearbeiten: Fakten\">Bearbeiten<\/a><span class=\"mw-editsection-bracket\">]<\/span><\/span><\/h3>\n<p><b>Bundesliga &#8211; 7. Spieltag: 31. August 2003, 16.30 Uhr<\/b>\n<\/p>\n<table class=\"wikitable\">\n<caption><b> <big>SV Austria Salzburg gegen FK Austria Wien, 0:0<\/big><\/b><br \/>\n<\/caption>\n<tbody>\n<tr>\n<td>Aufstellung:<\/td>\n<td><a href=\"\/Heinz_Arzberger\" title=\"Heinz Arzberger\">Heinz Arzberger<\/a> <a href=\"\/Christoph_Jank\" title=\"Christoph Jank\">Christoph Jank<\/a> <a href=\"\/Heiko_Laessig\" title=\"Heiko Laessig\">Heiko Laessig<\/a> <a href=\"\/Andreas_Ibertsberger\" title=\"Andreas Ibertsberger\">Andreas Ibertsberger<\/a> <a href=\"\/Thomas_Winklhofer\" title=\"Thomas Winklhofer\">Thomas Winklhofer<\/a> <a href=\"\/Heimo_Pfeifenberger\" title=\"Heimo Pfeifenberger\">Heimo Pfeifenberger<\/a> <a href=\"\/Volkan_Kahraman\" title=\"Volkan Kahraman\">Volkan Kahraman<\/a> (54. <a href=\"\/Ewald_Brenner\" title=\"Ewald Brenner\">Ewald Brenner<\/a>) <a href=\"\/Thomas_H%C3%A4%C3%9Fler\" title=\"Thomas H\u00e4\u00dfler\">Thomas H\u00e4\u00dfler<\/a> (83. <a href=\"\/Markus_Scharrer\" title=\"Markus Scharrer\">Markus Scharrer<\/a>) <a href=\"\/Maynor_Suazo\" title=\"Maynor Suazo\">Maynor Suazo<\/a> <a href=\"\/Thomas_Eder\" title=\"Thomas Eder\">Thomas Eder<\/a> <a href=\"\/Alexander_Schriebl\" title=\"Alexander Schriebl\">Alexander Schriebl<\/a> (73. <a href=\"\/Dominic_Hassler\" title=\"Dominic Hassler\">Dominic Hassler<\/a>)\n<\/td>\n<\/tr>\n<tr>\n<td>Endstand:<\/td>\n<td>0:0\n<\/td>\n<\/tr>\n<tr>\n<td>Torsch\u00fctzen:<\/td>\n<td>\n<\/td>\n<\/tr>\n<tr>\n<td>Gelbe Karten:<\/td>\n<td>Gilewicz  (39.), M. Wagner (74.)\n<\/td>\n<\/tr>\n<tr>\n<td>Gelb-rote Karten:<\/td>\n<td>\n<\/td>\n<\/tr>\n<tr>\n<td>Rote Karten:<\/td>\n<td>\n<\/td>\n<\/tr>\n<tr>\n<td>Schiedsrichter:<\/td>\n<td>Manfred Krassnitzer\n<\/td>\n<\/tr>\n<tr>\n<td>Stadion:<\/td>\n<td>Stadion Wals-Siezenheim, Salzburg\n<\/td>\n<\/tr>\n<tr>\n<td>Zuschauer:<\/td>\n<td>8 500\n<\/td>\n<\/tr>\n<\/tbody>\n<\/table>\n<\/div>\n","protected":false},"excerpt":{"rendered":"<p>FaktenBearbeiten] Bundesliga &#8211; 7. Spieltag: 31. August 2003, 16.30 Uhr SV Austria Salzburg gegen FK Austria Wien, 0:0 Aufstellung: Heinz Arzberger Christoph Jank Heiko Laessig Andreas Ibertsberger Thomas Winklhofer Heimo Pfeifenberger Volkan Kahraman (54. Ewald Brenner) Thomas H\u00e4\u00dfler (83. Markus Scharrer) Maynor Suazo Thomas Eder Alexander Schriebl (73. Dominic Hassler) Endstand: 0:0 Torsch\u00fctzen: Gelbe Karten: [&hellip;]<\/p>\n","protected":false},"author":1,"featured_media":0,"comment_status":"open","ping_status":"open","sticky":false,"template":"","format":"standard","meta":{"footnotes":""},"categories":[2020],"tags":[],"class_list":["post-2554","post","type-post","status-publish","format-standard","hentry","category-7-runde-saison-2003"],"_links":{"self":[{"href":"https:\/\/wiki.s12.at\/index.php\/wp-json\/wp\/v2\/posts\/2554","targetHints":{"allow":["GET"]}}],"collection":[{"href":"https:\/\/wiki.s12.at\/index.php\/wp-json\/wp\/v2\/posts"}],"about":[{"href":"https:\/\/wiki.s12.at\/index.php\/wp-json\/wp\/v2\/types\/post"}],"author":[{"embeddable":true,"href":"https:\/\/wiki.s12.at\/index.php\/wp-json\/wp\/v2\/users\/1"}],"replies":[{"embeddable":true,"href":"https:\/\/wiki.s12.at\/index.php\/wp-json\/wp\/v2\/comments?post=2554"}],"version-history":[{"count":0,"href":"https:\/\/wiki.s12.at\/index.php\/wp-json\/wp\/v2\/posts\/2554\/revisions"}],"wp:attachment":[{"href":"https:\/\/wiki.s12.at\/index.php\/wp-json\/wp\/v2\/media?parent=2554"}],"wp:term":[{"taxonomy":"category","embeddable":true,"href":"https:\/\/wiki.s12.at\/index.php\/wp-json\/wp\/v2\/categories?post=2554"},{"taxonomy":"post_tag","embeddable":true,"href":"https:\/\/wiki.s12.at\/index.php\/wp-json\/wp\/v2\/tags?post=2554"}],"curies":[{"name":"wp","href":"https:\/\/api.w.org\/{rel}","templated":true}]}}