{"id":2510,"date":"2026-05-06T14:36:24","date_gmt":"2026-05-06T12:36:24","guid":{"rendered":"https:\/\/wiki.s12.at\/index.php\/2026\/05\/06\/7-runde-saison-2025-26-fk-austria-wien-gegen-fc-red-bull-salzburg-frauen\/"},"modified":"2026-05-06T14:36:24","modified_gmt":"2026-05-06T12:36:24","slug":"7-runde-saison-2025-26-fk-austria-wien-gegen-fc-red-bull-salzburg-frauen","status":"publish","type":"post","link":"https:\/\/wiki.s12.at\/index.php\/2026\/05\/06\/7-runde-saison-2025-26-fk-austria-wien-gegen-fc-red-bull-salzburg-frauen\/","title":{"rendered":"26, FK Austria Wien gegen FC Red Bull Salzburg Frauen"},"content":{"rendered":"<div class=\"mw-parser-output\">\n<table class=\"toptextcells toccolours\">\n<tbody>\n<tr>\n<th colspan=\"2\" style=\"text-align: center; vertical-align: top; padding: 0.3em 0.8em; font-size: 125%; background-color: lightsteelblue;\">FK Austria Wien  gegen FC Red Bull Salzburg Frauen, 6:0\n<\/th>\n<\/tr>\n<tr>\n<th style=\"text-align:left;\"><b>Spieltag<\/b>\n<\/th>\n<th style=\"text-align:left;\">Frauen &#8211; Bundesliga, 7. Runde\n<\/th>\n<\/tr>\n<tr>\n<th style=\"text-align:left;\"><b>Datum<\/b>\n<\/th>\n<th style=\"text-align:left;\">26. September 2025\n<\/th>\n<\/tr>\n<tr>\n<th style=\"text-align:left;\"><b>Anpfiff<\/b>\n<\/th>\n<th style=\"text-align:left;\">19:30 Uhr\n<\/th>\n<\/tr>\n<tr>\n<td colspan=\"2\" style=\"text-align:center;\" bgcolor=\"lightgray\"><b>Aufstellung<\/b>\n<\/td>\n<\/tr>\n<tr>\n<th style=\"text-align:left;\"><b>Tor<\/b>\n<\/th>\n<th><a href=\"\/Michaela_Fischer\" title=\"Michaela Fischer\">Michaela Fischer<\/a>\n<\/th>\n<\/tr>\n<tr>\n<th style=\"text-align:left;\"><b>Verteidigung<\/b>\n<\/th>\n<th><a href=\"\/Laura_Spinn\" title=\"Laura Spinn\">Laura Spinn<\/a> &#8211; <a href=\"\/Valentina_Lutz\" title=\"Valentina Lutz\">Valentina Lutz<\/a> &#8211; <a href=\"\/Sophia_Schirmbrand\" title=\"Sophia Schirmbrand\">Sophia Schirmbrand<\/a> &#8211;<a href=\"\/Aldina_Hamzic\" title=\"Aldina Hamzic\">Aldina Hamzic<\/a>\n<\/th>\n<\/tr>\n<tr>\n<th style=\"text-align:left;\"><b>Mittelfeld<\/b>\n<\/th>\n<th><a href=\"\/Greta_Spinn\" title=\"Greta Spinn\">Greta Spinn<\/a> &#8211; <a href=\"\/Sara_Grabovac\" title=\"Sara Grabovac\">Sara Grabovac<\/a> &#8211; <a href=\"\/Lucia_Orkic\" title=\"Lucia Orkic\">Lucia Orkic<\/a> &#8211; <a href=\"\/Theresa_D%27Angelo\" title=\"Theresa D&#39;Angelo\">Theresa D&#8217;Angelo<\/a>\n<\/th>\n<\/tr>\n<tr>\n<th style=\"text-align:left;\"><b>Sturm<\/b>\n<\/th>\n<th><a href=\"\/Vina_Crnoja\" title=\"Vina Crnoja\">Vina Crnoja<\/a> &#8211; <a href=\"\/Emelie_Kobler\" title=\"Emelie Kobler\">Emelie Kobler<\/a>\n<\/th>\n<\/tr>\n<tr>\n<td colspan=\"2\" style=\"text-align:center;\" bgcolor=\"lightgray\"><b>Wechsel<\/b>\n<\/td>\n<\/tr>\n<tr>\n<th style=\"text-align:left;\"><b>Wechsel<\/b>\n<\/th>\n<th style=\"text-align:left;\"><a href=\"\/Emily_Schimm\" title=\"Emily Schimm\">Emily Schimm<\/a> f\u00fcr Kobler (46.), <a href=\"\/Christina_Gierzinger\" title=\"Christina Gierzinger\">Christina Gierzinger<\/a> f\u00fcr Orkic (67.), <a href=\"\/Caroline_Gragger\" title=\"Caroline Gragger\">Caroline Gragger<\/a> <br \/> f\u00fcr D&#8217;Angelo (67.), <a href=\"\/Lea_Krinzinger\" title=\"Lea Krinzinger\">Lea Krinzinger<\/a> f\u00fcr Hamzic (67.), <a href=\"\/Julia_Gr%C3%BCnwald\" title=\"Julia Gr\u00fcnwald\">Julia Gr\u00fcnwald<\/a> f\u00fcr L. Spinn (74.)\n<\/th>\n<\/tr>\n<tr>\n<td colspan=\"2\" style=\"text-align:center;\" bgcolor=\"lightgray\"><b>Statistik<\/b>\n<\/td>\n<\/tr>\n<tr>\n<th style=\"text-align:left;\"><b>Endstand<\/b>\n<\/th>\n<th style=\"text-align:left;\">6:0 (1:0)\n<\/th>\n<\/tr>\n<tr>\n<th style=\"text-align:left;\"><b>Torsch\u00fctzen<\/b>\n<\/th>\n<th style=\"text-align:left;\">Pfattner (17., 65., 89.), Cordes (62.), Schiechtl (69., 77.,E.)\n<\/th>\n<\/tr>\n<tr>\n<th style=\"text-align:left;\"><b>Gelbe Karten<\/b>\n<\/th>\n<th style=\"text-align:left;\">Vasile (51.)\n<\/th>\n<\/tr>\n<tr>\n<th style=\"text-align:left;\"><b>Rote Karten<\/b>\n<\/th>\n<th style=\"text-align:left;\">\n<\/th>\n<\/tr>\n<tr>\n<th style=\"text-align:left;\"><b>Schiedsrichter<\/b>\n<\/th>\n<th style=\"text-align:left;\">Gheorghe Adrian Enachi\n<\/th>\n<\/tr>\n<tr>\n<th style=\"text-align:left;\"><b>Stadion<\/b>\n<\/th>\n<th style=\"text-align:left;\">Generali Arena, Wien\n<\/th>\n<\/tr>\n<tr>\n<th style=\"text-align:left;\"><b>Zuschauer<\/b>\n<\/th>\n<th style=\"text-align:left;\">350\n<\/th>\n<\/tr>\n<\/tbody>\n<\/table>\n<h2><span class=\"mw-headline\" id=\"Spielbericht\">Spielbericht<\/span><a href=\"\/index.php?title=7.Runde,_Saison_2025\/26,_FK_Austria_Wien_gegen_FC_Red_Bull_Salzburg_Frauen&amp;action=edit&amp;section=1\" title=\"Abschnitt bearbeiten: Spielbericht\">Bearbeiten<\/a><span class=\"mw-editsection-bracket\">]<\/span><\/span><\/h2>\n<p><a rel=\"nofollow\" class=\"external text\" href=\"https:\/\/www.redbullsalzburg.at\/de\/frauen\/2025-2026\/spielplan-frauen\/bundesliga-runde-7-fk-austria-wien-vs-fc-red-bull-salzburg#spielbericht\">Spielbericht Vereinshomepage<\/a>\n<\/p>\n<h2><span class=\"mw-headline\" id=\"Stimmen_zum_Spiel\">Stimmen zum Spiel<\/span><a href=\"\/index.php?title=7.Runde,_Saison_2025\/26,_FK_Austria_Wien_gegen_FC_Red_Bull_Salzburg_Frauen&amp;action=edit&amp;section=2\" title=\"Abschnitt bearbeiten: Stimmen zum Spiel\">Bearbeiten<\/a><span class=\"mw-editsection-bracket\">]<\/span><\/span><\/h2>\n<p><b>Dusan Pavlovic: <\/b> Das Ergebnis ist viel zu hoch ausgefallen. Die erste Halbzeit verlief auf Augenh\u00f6he, da haben wir viele Sachen umgesetzt, die wir uns vorgenommen hatten. Im zweiten Durchgang haben uns vier Standardtore definitiv das Spiel gekostet. Solche Partien sind super Lernmomente f\u00fcr unser junges Team, die Austria ist aktuell schlie\u00dflich das Ma\u00df aller Dinge \u2013 das haben sie heute wieder gezeigt. Mit den ersten 45 Minuten k\u00f6nnen wir richtig zufrieden sein, es gibt aber auch den Faktor Gegner. Und der war vor allem \u00fcber die ruhenden B\u00e4lle enorm stark.\n<\/p>\n<\/div>\n","protected":false},"excerpt":{"rendered":"<p>FK Austria Wien gegen FC Red Bull Salzburg Frauen, 6:0 Spieltag Frauen &#8211; Bundesliga, 7. Runde Datum 26. September 2025 Anpfiff 19:30 Uhr Aufstellung Tor Michaela Fischer Verteidigung Laura Spinn &#8211; Valentina Lutz &#8211; Sophia Schirmbrand &#8211;Aldina Hamzic Mittelfeld Greta Spinn &#8211; Sara Grabovac &#8211; Lucia Orkic &#8211; Theresa D&#8217;Angelo Sturm Vina Crnoja &#8211; Emelie [&hellip;]<\/p>\n","protected":false},"author":1,"featured_media":0,"comment_status":"open","ping_status":"open","sticky":false,"template":"","format":"standard","meta":{"footnotes":""},"categories":[1980],"tags":[],"class_list":["post-2510","post","type-post","status-publish","format-standard","hentry","category-7-runde-saison-2025"],"_links":{"self":[{"href":"https:\/\/wiki.s12.at\/index.php\/wp-json\/wp\/v2\/posts\/2510","targetHints":{"allow":["GET"]}}],"collection":[{"href":"https:\/\/wiki.s12.at\/index.php\/wp-json\/wp\/v2\/posts"}],"about":[{"href":"https:\/\/wiki.s12.at\/index.php\/wp-json\/wp\/v2\/types\/post"}],"author":[{"embeddable":true,"href":"https:\/\/wiki.s12.at\/index.php\/wp-json\/wp\/v2\/users\/1"}],"replies":[{"embeddable":true,"href":"https:\/\/wiki.s12.at\/index.php\/wp-json\/wp\/v2\/comments?post=2510"}],"version-history":[{"count":0,"href":"https:\/\/wiki.s12.at\/index.php\/wp-json\/wp\/v2\/posts\/2510\/revisions"}],"wp:attachment":[{"href":"https:\/\/wiki.s12.at\/index.php\/wp-json\/wp\/v2\/media?parent=2510"}],"wp:term":[{"taxonomy":"category","embeddable":true,"href":"https:\/\/wiki.s12.at\/index.php\/wp-json\/wp\/v2\/categories?post=2510"},{"taxonomy":"post_tag","embeddable":true,"href":"https:\/\/wiki.s12.at\/index.php\/wp-json\/wp\/v2\/tags?post=2510"}],"curies":[{"name":"wp","href":"https:\/\/api.w.org\/{rel}","templated":true}]}}